{"id":11277,"date":"2024-06-25T11:10:17","date_gmt":"2024-06-25T14:10:17","guid":{"rendered":"https:\/\/comsefaz.org.br\/novo\/?p=11277"},"modified":"2024-06-25T11:10:17","modified_gmt":"2024-06-25T14:10:17","slug":"sao-luis-sediara-a-45a-reuniao-ordinaria-do-comsefaz","status":"publish","type":"post","link":"https:\/\/comsefaz.org.br\/novo\/sao-luis-sediara-a-45a-reuniao-ordinaria-do-comsefaz\/","title":{"rendered":"S\u00e3o Lu\u00eds sediar\u00e1 a 45\u00aa Reuni\u00e3o Ordin\u00e1ria do Comsefaz"},"content":{"rendered":"\n<p>A capital maranhense, S\u00e3o Lu\u00eds, ir\u00e1 sediar a 45 \u00aa Reuni\u00e3o Ordin\u00e1ria do Comsefaz, reunindo secret\u00e1rios Fazenda, Finan\u00e7as, Receita, Tributa\u00e7\u00e3o ou Economia dos 26 estados e do Distrito Federal, al\u00e9m de t\u00e9cnicos e representantes do Governo Federal.<\/p>\n\n\n\n<p>O evento ocorre dia 4 de julho, no hotel Blue Tree Towers.<\/p>\n\n\n\n<p>O PLP 68\/2024 (Normas Gerais) e o PLP 108\/2024 (Comit\u00ea Gestor e Distribui\u00e7\u00e3o de Receitas), propostas enviadas pelo Executivo ao Congresso Nacional para a regulamenta\u00e7\u00e3o da Reforma Tribut\u00e1ria, EC 132\/2023 ser\u00e3o debatidos nas pr\u00f3ximas reuni\u00f5es do Comsefaz e do Conselho Nacional de Pol\u00edtica Fazend\u00e1ria (Confaz).<\/p>\n\n\n\n<p>Tamb\u00e9m est\u00e3o na pauta, projetos legislativos e a\u00e7\u00f5es em tramita\u00e7\u00e3o no Supremo Tribunal Federal, processos administrativos e propostas de conv\u00eanios e ajustes Sinief que ser\u00e3o submetidas \u00e0 193\u00aa reuni\u00e3o do Confaz.<\/p>\n\n\n\n<p><strong>Maranh\u00e3o, um estado de riquezas e oportunidades<\/strong><br><\/p>\n\n\n\n<p>O Maranh\u00e3o \u00e9 conhecido por seu rico patrim\u00f4nio cultural, diversos ecossistemas e culin\u00e1ria \u00fanica. A capital S\u00e3o Lu\u00eds \u00e9 Patrim\u00f4nio Mundial da Unesco, famosa por sua arquitetura colonial, festivais vibrantes como o Bumba Meu Boi e proximidade com o Parque Nacional dos Len\u00e7\u00f3is Maranhenses, conhecido por suas impressionantes dunas e lagoas.<\/p>\n\n\n\n<p>Tamb\u00e9m est\u00e1 localizado em S\u00e3o Lu\u00eds o Porto de Itaqui, um dos principais portos do Brasil, principalmente devido \u00e0 sua localiza\u00e7\u00e3o estrat\u00e9gica na regi\u00e3o Nordeste.<\/p>\n\n\n\n<p>Itaqui est\u00e1 na regi\u00e3o conhecida como Matopiba, formada pelos estados do Maranh\u00e3o, Tocantins, Piau\u00ed e Bahia, considerada a terceira e \u00faltima fronteira agr\u00edcola do pa\u00eds. Por isso, \u00e9 um ponto crucial para o escoamento da produ\u00e7\u00e3o agr\u00edcola, incluindo soja, milho, e outros produtos agr\u00edcolas. Tamb\u00e9m \u00e9 fundamental para o transporte de min\u00e9rios, como min\u00e9rio de ferro, exportado principalmente para mercados internacionais.<\/p>\n\n\n\n<p>Conforme dados da Secretaria de Fazenda do Maranh\u00e3o, \u201c<em>a atividade portu\u00e1ria a partir do Itaqui gera aproximadamente 14 mil empregos diretos e indiretos e alimenta diversas cadeias produtivas no estado e ao longo de sua \u00e1rea de influ\u00eancia. Al\u00e9m disso, os neg\u00f3cios movimentados pelo Porto do Itaqui s\u00e3o respons\u00e1veis por cerca de 35% do ICMS arrecadado\u00a0no\u00a0estado<\/em>\u201d.<\/p>\n\n\n\n<figure class=\"wp-block-embed is-type-video is-provider-youtube wp-block-embed-youtube wp-embed-aspect-16-9 wp-has-aspect-ratio\"><div class=\"wp-block-embed__wrapper\">\n<iframe title=\"V\u00eddeo do WhatsApp de 2024 06 11 \u00e0s 09 40 04 396183e3\" width=\"800\" height=\"450\" src=\"https:\/\/www.youtube.com\/embed\/c2q9_8ul6uI?feature=oembed\" frameborder=\"0\" allow=\"accelerometer; autoplay; clipboard-write; encrypted-media; gyroscope; picture-in-picture; web-share\" referrerpolicy=\"strict-origin-when-cross-origin\" allowfullscreen><\/iframe>\n<\/div><\/figure>\n","protected":false},"excerpt":{"rendered":"<p>A capital maranhense, S\u00e3o Lu\u00eds, ir\u00e1 sediar a 45 \u00aa Reuni\u00e3o Ordin\u00e1ria do Comsefaz, reunindo secret\u00e1rios Fazenda, Finan\u00e7as, Receita, Tributa\u00e7\u00e3o ou Economia dos 26 estados e do Distrito Federal, al\u00e9m [&hellip;]<\/p>\n","protected":false},"author":2,"featured_media":11279,"comment_status":"closed","ping_status":"open","sticky":false,"template":"","format":"standard","meta":{"_acf_changed":false,"om_disable_all_campaigns":false,"_monsterinsights_skip_tracking":false,"_monsterinsights_sitenote_active":false,"_monsterinsights_sitenote_note":"","_monsterinsights_sitenote_category":0,"_EventAllDay":false,"_EventTimezone":"","_EventStartDate":"","_EventEndDate":"","_EventStartDateUTC":"","_EventEndDateUTC":"","_EventShowMap":false,"_EventShowMapLink":false,"_EventURL":"","_EventCost":"","_EventCostDescription":"","_EventCurrencySymbol":"","_EventCurrencyCode":"","_EventCurrencyPosition":"","_EventDateTimeSeparator":"","_EventTimeRangeSeparator":"","_EventOrganizerID":[],"_EventVenueID":[],"_OrganizerEmail":"","_OrganizerPhone":"","_OrganizerWebsite":"","_VenueAddress":"","_VenueCity":"","_VenueCountry":"","_VenueProvince":"","_VenueState":"","_VenueZip":"","_VenuePhone":"","_VenueURL":"","_VenueStateProvince":"","_VenueLat":"","_VenueLng":"","_VenueShowMap":false,"_VenueShowMapLink":false,"_jetpack_memberships_contains_paid_content":false,"footnotes":""},"categories":[1],"tags":[],"class_list":["post-11277","post","type-post","status-publish","format-standard","has-post-thumbnail","hentry","category-pl"],"acf":[],"aioseo_notices":[],"jetpack_featured_media_url":"https:\/\/comsefaz.org.br\/novo\/wp-content\/uploads\/2024\/06\/Imagem-do-WhatsApp-de-2024-06-25-as-10.07.12_e8502ee6.jpg","jetpack_sharing_enabled":true,"_links":{"self":[{"href":"https:\/\/comsefaz.org.br\/novo\/wp-json\/wp\/v2\/posts\/11277","targetHints":{"allow":["GET"]}}],"collection":[{"href":"https:\/\/comsefaz.org.br\/novo\/wp-json\/wp\/v2\/posts"}],"about":[{"href":"https:\/\/comsefaz.org.br\/novo\/wp-json\/wp\/v2\/types\/post"}],"author":[{"embeddable":true,"href":"https:\/\/comsefaz.org.br\/novo\/wp-json\/wp\/v2\/users\/2"}],"replies":[{"embeddable":true,"href":"https:\/\/comsefaz.org.br\/novo\/wp-json\/wp\/v2\/comments?post=11277"}],"version-history":[{"count":1,"href":"https:\/\/comsefaz.org.br\/novo\/wp-json\/wp\/v2\/posts\/11277\/revisions"}],"predecessor-version":[{"id":11280,"href":"https:\/\/comsefaz.org.br\/novo\/wp-json\/wp\/v2\/posts\/11277\/revisions\/11280"}],"wp:featuredmedia":[{"embeddable":true,"href":"https:\/\/comsefaz.org.br\/novo\/wp-json\/wp\/v2\/media\/11279"}],"wp:attachment":[{"href":"https:\/\/comsefaz.org.br\/novo\/wp-json\/wp\/v2\/media?parent=11277"}],"wp:term":[{"taxonomy":"category","embeddable":true,"href":"https:\/\/comsefaz.org.br\/novo\/wp-json\/wp\/v2\/categories?post=11277"},{"taxonomy":"post_tag","embeddable":true,"href":"https:\/\/comsefaz.org.br\/novo\/wp-json\/wp\/v2\/tags?post=11277"}],"curies":[{"name":"wp","href":"https:\/\/api.w.org\/{rel}","templated":true}]}}