{"id":11299,"date":"2024-07-04T17:50:50","date_gmt":"2024-07-04T20:50:50","guid":{"rendered":"https:\/\/comsefaz.org.br\/novo\/?p=11299"},"modified":"2024-07-04T17:50:53","modified_gmt":"2024-07-04T20:50:53","slug":"reforma-tributaria-divida-dos-estados-e-federalismo-fiscal-foram-temas-da-45a-reuniao-ordinaria-do-comsefaz","status":"publish","type":"post","link":"https:\/\/comsefaz.org.br\/novo\/reforma-tributaria-divida-dos-estados-e-federalismo-fiscal-foram-temas-da-45a-reuniao-ordinaria-do-comsefaz\/","title":{"rendered":"Reforma tribut\u00e1ria, d\u00edvida dos estados e federalismo fiscal foram temas da 45\u00aa Reuni\u00e3o Ordin\u00e1ria do Comsefaz"},"content":{"rendered":"\n<p>Durante a 45\u00ba Reuni\u00e3o Ordin\u00e1ria do Comsefaz, realizada na cidade de S\u00e3o Lu\u00eds\/MA, nesta quinta-feira (21), os secret\u00e1rios e secret\u00e1rias de Fazenda dos 26 estados e Distrito Federal debateram os projetos de lei para regulamenta\u00e7\u00e3o da reforma tribut\u00e1ria, as negocia\u00e7\u00f5es com a Uni\u00e3o sobre a d\u00edvida dos estados, entre outros assuntos importantes para o federalismo fiscal brasileiro.<\/p>\n\n\n\n<p>Desde janeiro deste ano, ap\u00f3s a promulga\u00e7\u00e3o da EC 132\/2023, quest\u00f5es t\u00e9cnicas que envolvem a regulamenta\u00e7\u00e3o da reforma tribut\u00e1ria est\u00e3o sendo debatidas entre Estados, Munic\u00edpios e Uni\u00e3o com toda dedica\u00e7\u00e3o que elas demandam. O envio ao Congresso Nacional do PLP 68\/2024 (Normas Gerais) e do PLP 108\/2024 (Comit\u00ea Gestor e Distribui\u00e7\u00e3o de Receitas) \u00e9 um marco no pacto federativo brasileiro.<\/p>\n\n\n\n<p>Os modelos operacionais do IBS e da CBS, a distribui\u00e7\u00e3o dos recursos do IBS, a substitui\u00e7\u00e3o tribut\u00e1ria, o \u201c<em>split payment<\/em>\u201d, entre outros pontos importantes, foram pontos discutidos pelo colegiado do Comsefaz.<\/p>\n\n\n\n<p>Os Estados est\u00e3o focados em aprimorar quest\u00f5es cruciais para os entes subnacionais de modo a garantir uma reforma que fortale\u00e7a o federalismo fiscal, modernize e simplifique a tributa\u00e7\u00e3o no Brasil.<\/p>\n\n\n\n<p>Para o vice-presidente do Comsefaz e secret\u00e1rio de Fazenda de Rond\u00f4nia, Lu\u00eds Fernando Pereira da Silva, respons\u00e1vel pela condu\u00e7\u00e3o dos debates, a reuni\u00e3o do Comsefaz \u00e9 de extrema import\u00e2ncia para os Estados, um momento de di\u00e1logo e a coopera\u00e7\u00e3o entre as unidades federativas, &nbsp;capaz de promover o desenvolvimento econ\u00f4mico e social de todo o pa\u00eds:<\/p>\n\n\n\n<p>\u201c<em>Estamos aqui na 45\u00aa Reuni\u00e3o do Comsefaz, que trata de temas muito relevantes para o federalismo brasileiro, especialmente a quest\u00e3o da reforma tribut\u00e1ria e tamb\u00e9m quest\u00f5es relativas a sistemas, nossas a\u00e7\u00f5es judiciais e uma s\u00e9rie de acordos que a gente precisa estabelecer entre os estados brasileiros para garantir solidez fiscal (&#8230;). Esse momento \u00e9 um grande congra\u00e7amento, tamb\u00e9m, para troca de experi\u00eancias, para que a gente possa caminhar juntos para tornar o federalismo brasileiro cada vez mais s\u00f3lido e em condi\u00e7\u00f5es de cumprir as nossas atribui\u00e7\u00f5es constitucionais enquanto estados\u201d, <\/em>disse o secret\u00e1rio de Rond\u00f4nia<em>.<\/em><\/p>\n\n\n\n<p>O secret\u00e1rio de Fazenda de S\u00e3o Luiz\/MA e anfitri\u00e3o dessa edi\u00e7\u00e3o da reuni\u00e3o, Marcellus Ribeiro Alves, destacou a import\u00e2ncia do Comsefaz nos debates e na riqueza t\u00e9cnica apresentada durante as discuss\u00f5es. Ele tamb\u00e9m ressaltou que o momento agora \u00e9 de extrema import\u00e2ncia para o federalismo brasileiro:<\/p>\n\n\n\n<p>\u201cUma importante reuni\u00e3o do Comsefaz aqui no Maranh\u00e3o. Uma oportunidade de alinhamento de temas relacionados ao exerc\u00edcio fiscal, portanto ao desenvolvimento dos estados e do pr\u00f3prio pa\u00eds\u201d, declarou Marcellus.<\/p>\n\n\n\n<p><strong>Negocia\u00e7\u00e3o das D\u00edvidas<\/strong><\/p>\n\n\n\n<p>A Uni\u00e3o, os Estados e os Munic\u00edpios t\u00eam se reunido no \u00e2mbito do Conselho da Federa\u00e7\u00e3o para tratar da renegocia\u00e7\u00e3o das d\u00edvidas dos estados. O debate ganhou maior intensidade por conta do lan\u00e7amento do programa federal \u201cJuros por Educa\u00e7\u00e3o\u201d.<\/p>\n\n\n\n<p>Durante reuni\u00e3o, os secret\u00e1rios de Fazenda dos 26 Estados e do Distrito Federal dialogaram sobre o andamento das negocia\u00e7\u00f5es e as pr\u00f3ximas etapas do di\u00e1logo federativo<strong>.<\/strong><\/p>\n","protected":false},"excerpt":{"rendered":"<p>Durante a 45\u00ba Reuni\u00e3o Ordin\u00e1ria do Comsefaz, realizada na cidade de S\u00e3o Lu\u00eds\/MA, nesta quinta-feira (21), os secret\u00e1rios e secret\u00e1rias de Fazenda dos 26 estados e Distrito Federal debateram os [&hellip;]<\/p>\n","protected":false},"author":2,"featured_media":11300,"comment_status":"closed","ping_status":"open","sticky":false,"template":"","format":"standard","meta":{"_acf_changed":false,"om_disable_all_campaigns":false,"_monsterinsights_skip_tracking":false,"_monsterinsights_sitenote_active":false,"_monsterinsights_sitenote_note":"","_monsterinsights_sitenote_category":0,"_EventAllDay":false,"_EventTimezone":"","_EventStartDate":"","_EventEndDate":"","_EventStartDateUTC":"","_EventEndDateUTC":"","_EventShowMap":false,"_EventShowMapLink":false,"_EventURL":"","_EventCost":"","_EventCostDescription":"","_EventCurrencySymbol":"","_EventCurrencyCode":"","_EventCurrencyPosition":"","_EventDateTimeSeparator":"","_EventTimeRangeSeparator":"","_EventOrganizerID":[],"_EventVenueID":[],"_OrganizerEmail":"","_OrganizerPhone":"","_OrganizerWebsite":"","_VenueAddress":"","_VenueCity":"","_VenueCountry":"","_VenueProvince":"","_VenueState":"","_VenueZip":"","_VenuePhone":"","_VenueURL":"","_VenueStateProvince":"","_VenueLat":"","_VenueLng":"","_VenueShowMap":false,"_VenueShowMapLink":false,"_jetpack_memberships_contains_paid_content":false,"footnotes":""},"categories":[1],"tags":[],"class_list":["post-11299","post","type-post","status-publish","format-standard","has-post-thumbnail","hentry","category-pl"],"acf":[],"aioseo_notices":[],"jetpack_featured_media_url":"https:\/\/comsefaz.org.br\/novo\/wp-content\/uploads\/2024\/07\/MG_2332_2-scaled.jpg","jetpack_sharing_enabled":true,"_links":{"self":[{"href":"https:\/\/comsefaz.org.br\/novo\/wp-json\/wp\/v2\/posts\/11299","targetHints":{"allow":["GET"]}}],"collection":[{"href":"https:\/\/comsefaz.org.br\/novo\/wp-json\/wp\/v2\/posts"}],"about":[{"href":"https:\/\/comsefaz.org.br\/novo\/wp-json\/wp\/v2\/types\/post"}],"author":[{"embeddable":true,"href":"https:\/\/comsefaz.org.br\/novo\/wp-json\/wp\/v2\/users\/2"}],"replies":[{"embeddable":true,"href":"https:\/\/comsefaz.org.br\/novo\/wp-json\/wp\/v2\/comments?post=11299"}],"version-history":[{"count":1,"href":"https:\/\/comsefaz.org.br\/novo\/wp-json\/wp\/v2\/posts\/11299\/revisions"}],"predecessor-version":[{"id":11301,"href":"https:\/\/comsefaz.org.br\/novo\/wp-json\/wp\/v2\/posts\/11299\/revisions\/11301"}],"wp:featuredmedia":[{"embeddable":true,"href":"https:\/\/comsefaz.org.br\/novo\/wp-json\/wp\/v2\/media\/11300"}],"wp:attachment":[{"href":"https:\/\/comsefaz.org.br\/novo\/wp-json\/wp\/v2\/media?parent=11299"}],"wp:term":[{"taxonomy":"category","embeddable":true,"href":"https:\/\/comsefaz.org.br\/novo\/wp-json\/wp\/v2\/categories?post=11299"},{"taxonomy":"post_tag","embeddable":true,"href":"https:\/\/comsefaz.org.br\/novo\/wp-json\/wp\/v2\/tags?post=11299"}],"curies":[{"name":"wp","href":"https:\/\/api.w.org\/{rel}","templated":true}]}}