{"id":11565,"date":"2024-07-31T12:04:48","date_gmt":"2024-07-31T15:04:48","guid":{"rendered":"https:\/\/comsefaz.org.br\/novo\/?p=11565"},"modified":"2024-07-31T12:30:53","modified_gmt":"2024-07-31T15:30:53","slug":"nota-do-comsefaz-sobre-o-auxilio-da-uniao-as-financas-dos-estados","status":"publish","type":"post","link":"https:\/\/comsefaz.org.br\/novo\/nota-do-comsefaz-sobre-o-auxilio-da-uniao-as-financas-dos-estados\/","title":{"rendered":"Nota do Comsefaz sobre o aux\u00edlio da Uni\u00e3o \u00e0s finan\u00e7as dos Estados"},"content":{"rendered":"\n<p>As secret\u00e1rias e secret\u00e1rios de Fazenda dos 26 estados e Distrito Federal se reuniram nesta ter\u00e7a-feira, 30 de julho, em Bras\u00edlia, durante a 37\u00aa Reuni\u00e3o Extraordin\u00e1ria do Comsefaz, para debater a proposta de renegocia\u00e7\u00e3o das d\u00edvidas dos estados com a Uni\u00e3o.<\/p>\n\n\n\n<p>Os gestores chegaram a um consenso sobre a melhor proposta e levar\u00e3o o pleito ao F\u00f3rum dos Governadores.<\/p>\n\n\n\n<p>O colegiado do Comsefaz entende que os Estados precisam receber do Governo Federal um tratamento equitativo, levando em considera\u00e7\u00e3o todas as 27 unidades da Federa\u00e7\u00e3o.<\/p>\n\n\n\n<p>\u201cPara que o tratamento seja o mais equ\u00e2nime poss\u00edvel, e n\u00e3o perdendo o objetivo original de renegocia\u00e7\u00e3o das d\u00edvidas, o Comsefaz entende ainda que o direcionador das medidas, al\u00e9m do n\u00edvel de endividamento, deve levar em considera\u00e7\u00e3o tamb\u00e9m crit\u00e9rios de desigualdade regional\u201d, diz um trecho do documento.<\/p>\n\n\n\n<p><a href=\"https:\/\/comsefaz.org.br\/novo\/wp-content\/uploads\/2024\/07\/NOTA-DO-COMSEFAZ-SOBRE-O-AUXILIO-DA-UNIAO-AS-FINANCAS-DOS-ESTADOS1.pdf\" title=\"\">Leia na \u00edntegra a carta do Comsefaz sobre o aux\u00edlio da Uni\u00e3o \u00e0s propostas dos Estados<\/a><\/p>\n\n\n\n<p><\/p>\n","protected":false},"excerpt":{"rendered":"<p>As secret\u00e1rias e secret\u00e1rios de Fazenda dos 26 estados e Distrito Federal se reuniram nesta ter\u00e7a-feira, 30 de julho, em Bras\u00edlia, durante a 37\u00aa Reuni\u00e3o Extraordin\u00e1ria do Comsefaz, para debater [&hellip;]<\/p>\n","protected":false},"author":2,"featured_media":11575,"comment_status":"closed","ping_status":"open","sticky":false,"template":"","format":"standard","meta":{"_acf_changed":false,"om_disable_all_campaigns":false,"_monsterinsights_skip_tracking":false,"_monsterinsights_sitenote_active":false,"_monsterinsights_sitenote_note":"","_monsterinsights_sitenote_category":0,"_EventAllDay":false,"_EventTimezone":"","_EventStartDate":"","_EventEndDate":"","_EventStartDateUTC":"","_EventEndDateUTC":"","_EventShowMap":false,"_EventShowMapLink":false,"_EventURL":"","_EventCost":"","_EventCostDescription":"","_EventCurrencySymbol":"","_EventCurrencyCode":"","_EventCurrencyPosition":"","_EventDateTimeSeparator":"","_EventTimeRangeSeparator":"","_EventOrganizerID":[],"_EventVenueID":[],"_OrganizerEmail":"","_OrganizerPhone":"","_OrganizerWebsite":"","_VenueAddress":"","_VenueCity":"","_VenueCountry":"","_VenueProvince":"","_VenueState":"","_VenueZip":"","_VenuePhone":"","_VenueURL":"","_VenueStateProvince":"","_VenueLat":"","_VenueLng":"","_VenueShowMap":false,"_VenueShowMapLink":false,"_jetpack_memberships_contains_paid_content":false,"footnotes":""},"categories":[10],"tags":[],"class_list":["post-11565","post","type-post","status-publish","format-standard","has-post-thumbnail","hentry","category-noticias"],"acf":[],"aioseo_notices":[],"jetpack_featured_media_url":"https:\/\/comsefaz.org.br\/novo\/wp-content\/uploads\/2024\/07\/Imagem-do-WhatsApp-de-2024-07-31-as-12.20.59_221a03c0.jpg","jetpack_sharing_enabled":true,"_links":{"self":[{"href":"https:\/\/comsefaz.org.br\/novo\/wp-json\/wp\/v2\/posts\/11565","targetHints":{"allow":["GET"]}}],"collection":[{"href":"https:\/\/comsefaz.org.br\/novo\/wp-json\/wp\/v2\/posts"}],"about":[{"href":"https:\/\/comsefaz.org.br\/novo\/wp-json\/wp\/v2\/types\/post"}],"author":[{"embeddable":true,"href":"https:\/\/comsefaz.org.br\/novo\/wp-json\/wp\/v2\/users\/2"}],"replies":[{"embeddable":true,"href":"https:\/\/comsefaz.org.br\/novo\/wp-json\/wp\/v2\/comments?post=11565"}],"version-history":[{"count":10,"href":"https:\/\/comsefaz.org.br\/novo\/wp-json\/wp\/v2\/posts\/11565\/revisions"}],"predecessor-version":[{"id":11580,"href":"https:\/\/comsefaz.org.br\/novo\/wp-json\/wp\/v2\/posts\/11565\/revisions\/11580"}],"wp:featuredmedia":[{"embeddable":true,"href":"https:\/\/comsefaz.org.br\/novo\/wp-json\/wp\/v2\/media\/11575"}],"wp:attachment":[{"href":"https:\/\/comsefaz.org.br\/novo\/wp-json\/wp\/v2\/media?parent=11565"}],"wp:term":[{"taxonomy":"category","embeddable":true,"href":"https:\/\/comsefaz.org.br\/novo\/wp-json\/wp\/v2\/categories?post=11565"},{"taxonomy":"post_tag","embeddable":true,"href":"https:\/\/comsefaz.org.br\/novo\/wp-json\/wp\/v2\/tags?post=11565"}],"curies":[{"name":"wp","href":"https:\/\/api.w.org\/{rel}","templated":true}]}}