{"id":11609,"date":"2024-08-12T16:39:01","date_gmt":"2024-08-12T19:39:01","guid":{"rendered":"https:\/\/comsefaz.org.br\/novo\/?p=11609"},"modified":"2024-08-12T16:41:00","modified_gmt":"2024-08-12T19:41:00","slug":"entidades-representantes-do-fisco-se-manifestam-contra-a-participacao-da-advocacia-publica-na-formatacao-do-comite-gestor-do-ibs","status":"publish","type":"post","link":"https:\/\/comsefaz.org.br\/novo\/entidades-representantes-do-fisco-se-manifestam-contra-a-participacao-da-advocacia-publica-na-formatacao-do-comite-gestor-do-ibs\/","title":{"rendered":"Entidades representantes do fisco se manifestam contra a participa\u00e7\u00e3o da advocacia p\u00fablica na formata\u00e7\u00e3o do Comit\u00ea Gestor do IBS"},"content":{"rendered":"\n<p>Entidades representantes do fisco brasileiro divulgaram uma nota p\u00fablica, nesta segunda-feira (12), com manifesta\u00e7\u00e3o contr\u00e1ria \u00e0 participa\u00e7\u00e3o da advocacia p\u00fablica na estrutura do Comit\u00ea Gestor do IBS, novo \u00f3rg\u00e3o criado no \u00e2mbito da reforma tribut\u00e1ria.<\/p>\n\n\n\n<p>Assinam a nota a Febrafite (Associa\u00e7\u00e3o Nacional das Associa\u00e7\u00f5es de Fiscais de Tributos Estaduais), Fenafisco (Federa\u00e7\u00e3o Nacional do Fisco Estadual e Distrital), Fenafim (Federa\u00e7\u00e3o Nacional dos Auditores e Fiscais de Tributos Municipais) e a Anafisco (Associa\u00e7\u00e3o Nacional dos Auditores-Fiscais de Tributos dos Munic\u00edpios e Distrito Federal).<\/p>\n\n\n\n<p>Nas \u00faltimas semanas, associa\u00e7\u00f5es de procuradores se queixaram de uma suposta exclus\u00e3o das carreiras da advocacia p\u00fablica do comit\u00ea gestor, sob a justificativa de que s\u00e3o os procuradores os profissionais respons\u00e1veis por lidar com eventuais disputas judiciais envolvendo o novo imposto.<\/p>\n\n\n\n<p>As entidades do fisco contra-argumentam, alegando que as fun\u00e7\u00f5es a serem desempenhadas no Comit\u00ea Gestor s\u00e3o de natureza t\u00edpica da administra\u00e7\u00e3o tribut\u00e1ria, cuja compet\u00eancia \u00e9 reservada, nos termos da lei, aos auditores fiscais.<\/p>\n\n\n\n<p>Ao contr\u00e1rio dos auditores fiscais, as carreiras da advocacia p\u00fablica n\u00e3o t\u00eam dedica\u00e7\u00e3o exclusiva ao servi\u00e7o p\u00fablico, amea\u00e7ando \u00e0 sa\u00fade plena do sistema tribut\u00e1rio brasileiro.<\/p>\n\n\n\n<p>A nota assinada pelas quatro entidades conclui ainda que a participa\u00e7\u00e3o da advocacia p\u00fablica seria \u201cuma efetiva amea\u00e7a \u00e0 arquitetura do Comit\u00ea Gestor\u201d com \u201cdelet\u00e9rias consequ\u00eancias aos direitos dos contribuintes de IBS\u201d.<\/p>\n\n\n\n<p><a href=\"https:\/\/comsefaz.org.br\/novo\/wp-content\/uploads\/2024\/08\/Nota-publica_Febrafite_participacao-procuradores-no-CGIBS-1.pdf\" title=\"\">Leia na \u00edntegra a nota assinada pelas entidades representantes\u00a0do\u00a0fisco<\/a><\/p>\n","protected":false},"excerpt":{"rendered":"<p>Entidades representantes do fisco brasileiro divulgaram uma nota p\u00fablica, nesta segunda-feira (12), com manifesta\u00e7\u00e3o contr\u00e1ria \u00e0 participa\u00e7\u00e3o da advocacia p\u00fablica na estrutura do Comit\u00ea Gestor do IBS, novo \u00f3rg\u00e3o criado [&hellip;]<\/p>\n","protected":false},"author":2,"featured_media":11610,"comment_status":"closed","ping_status":"open","sticky":false,"template":"","format":"standard","meta":{"_acf_changed":false,"om_disable_all_campaigns":false,"_monsterinsights_skip_tracking":false,"_monsterinsights_sitenote_active":false,"_monsterinsights_sitenote_note":"","_monsterinsights_sitenote_category":0,"_EventAllDay":false,"_EventTimezone":"","_EventStartDate":"","_EventEndDate":"","_EventStartDateUTC":"","_EventEndDateUTC":"","_EventShowMap":false,"_EventShowMapLink":false,"_EventURL":"","_EventCost":"","_EventCostDescription":"","_EventCurrencySymbol":"","_EventCurrencyCode":"","_EventCurrencyPosition":"","_EventDateTimeSeparator":"","_EventTimeRangeSeparator":"","_EventOrganizerID":[],"_EventVenueID":[],"_OrganizerEmail":"","_OrganizerPhone":"","_OrganizerWebsite":"","_VenueAddress":"","_VenueCity":"","_VenueCountry":"","_VenueProvince":"","_VenueState":"","_VenueZip":"","_VenuePhone":"","_VenueURL":"","_VenueStateProvince":"","_VenueLat":"","_VenueLng":"","_VenueShowMap":false,"_VenueShowMapLink":false,"_jetpack_memberships_contains_paid_content":false,"footnotes":""},"categories":[10],"tags":[],"class_list":["post-11609","post","type-post","status-publish","format-standard","has-post-thumbnail","hentry","category-noticias"],"acf":[],"aioseo_notices":[],"jetpack_featured_media_url":"https:\/\/comsefaz.org.br\/novo\/wp-content\/uploads\/2024\/08\/Imagem-do-WhatsApp-de-2024-08-12-as-16.10.27_fcdd9a9b.jpg","jetpack_sharing_enabled":true,"_links":{"self":[{"href":"https:\/\/comsefaz.org.br\/novo\/wp-json\/wp\/v2\/posts\/11609","targetHints":{"allow":["GET"]}}],"collection":[{"href":"https:\/\/comsefaz.org.br\/novo\/wp-json\/wp\/v2\/posts"}],"about":[{"href":"https:\/\/comsefaz.org.br\/novo\/wp-json\/wp\/v2\/types\/post"}],"author":[{"embeddable":true,"href":"https:\/\/comsefaz.org.br\/novo\/wp-json\/wp\/v2\/users\/2"}],"replies":[{"embeddable":true,"href":"https:\/\/comsefaz.org.br\/novo\/wp-json\/wp\/v2\/comments?post=11609"}],"version-history":[{"count":3,"href":"https:\/\/comsefaz.org.br\/novo\/wp-json\/wp\/v2\/posts\/11609\/revisions"}],"predecessor-version":[{"id":11613,"href":"https:\/\/comsefaz.org.br\/novo\/wp-json\/wp\/v2\/posts\/11609\/revisions\/11613"}],"wp:featuredmedia":[{"embeddable":true,"href":"https:\/\/comsefaz.org.br\/novo\/wp-json\/wp\/v2\/media\/11610"}],"wp:attachment":[{"href":"https:\/\/comsefaz.org.br\/novo\/wp-json\/wp\/v2\/media?parent=11609"}],"wp:term":[{"taxonomy":"category","embeddable":true,"href":"https:\/\/comsefaz.org.br\/novo\/wp-json\/wp\/v2\/categories?post=11609"},{"taxonomy":"post_tag","embeddable":true,"href":"https:\/\/comsefaz.org.br\/novo\/wp-json\/wp\/v2\/tags?post=11609"}],"curies":[{"name":"wp","href":"https:\/\/api.w.org\/{rel}","templated":true}]}}