{"id":11829,"date":"2024-10-09T10:24:51","date_gmt":"2024-10-09T13:24:51","guid":{"rendered":"https:\/\/comsefaz.org.br\/novo\/?p=11829"},"modified":"2024-10-09T10:24:54","modified_gmt":"2024-10-09T13:24:54","slug":"reforma-tributaria-tecnicos-estaduais-integram-grupo-de-trabalho-sobre-o-split-payment","status":"publish","type":"post","link":"https:\/\/comsefaz.org.br\/novo\/reforma-tributaria-tecnicos-estaduais-integram-grupo-de-trabalho-sobre-o-split-payment\/","title":{"rendered":"Reforma Tribut\u00e1ria: t\u00e9cnicos estaduais integram grupo de trabalho sobre o Split Payment"},"content":{"rendered":"\n<p>Os estados brasileiros est\u00e3o representados no Grupo T\u00e9cnico (GT 20) do <em>Split Payment<\/em>, na segunda fase do Programa de Assessoramento T\u00e9cnico \u00e0 Implementa\u00e7\u00e3o da Reforma da Tributa\u00e7\u00e3o sobre o Consumo (PAT-RTC 2). A portaria que oficializa a participa\u00e7\u00e3o foi publicada pelo Minist\u00e9rio da Fazenda nesta segunda-feira (7), e traz os nomes dos t\u00e9cnicos indicados pelo Comsefaz.<\/p>\n\n\n\n<p>Os estados ser\u00e3o representados no grupo t\u00e9cnico que debater\u00e1 o <em>Split Payment <\/em>pelos auditores fiscais Luiz Dias de Alencar Neto (AL) e Ricardo Neves Pereira (RS), como membros titulares. Os suplentes ser\u00e3o os auditores Dalciro Bighetti J\u00fanior (MT), Sheyne Cristina Leal (SP) e Wagner Yuichi Capelli (PA).<\/p>\n\n\n\n<p>A mesma portaria apresenta os membros da Equipe de Quantifica\u00e7\u00e3o do PAT-RTC 2. Al\u00e9m do Comsefaz, integram os grupos representantes da Frente Nacional dos Prefeitos (FNP), da Confedera\u00e7\u00e3o Nacional de Munic\u00edpios (CNM), da Secretaria Extraordin\u00e1ria da Reforma Tribut\u00e1ria (SERT) e da Secretaria Especial da Receita Federal do Brasil (RFB).<\/p>\n\n\n\n<p><strong>GT <em>Split Payment<\/em><\/strong><\/p>\n\n\n\n<p>O GT tem como objetivo facilitar o desenvolvimento do sistema de &#8220;<em>Split Payment<\/em>&#8220;. Esse modelo permitir\u00e1 a cobran\u00e7a e o creditamento do imposto no momento do pagamento de bens e servi\u00e7os.<\/p>\n\n\n\n<p>O grupo contar\u00e1 com t\u00e9cnicos da Uni\u00e3o, dos estados e dos munic\u00edpios, podendo incluir convidados do Banco Central e do setor privado, especialmente ligados \u00e0s empresas de meios de pagamento.<\/p>\n\n\n\n<p><a href=\"https:\/\/www.in.gov.br\/en\/web\/dou\/-\/portaria-de-pessoal-mf-sert-n-1795-de-2-de-outubro-de-2024-588632641\">Acesse aqui a Portaria MF-SERT 1.795\/2024.<\/a><\/p>\n\n\n\n<p><\/p>\n\n\n\n<p>Foto: Ag\u00eancia Brasil<\/p>\n","protected":false},"excerpt":{"rendered":"<p>Os estados brasileiros est\u00e3o representados no Grupo T\u00e9cnico (GT 20) do Split Payment, na segunda fase do Programa de Assessoramento T\u00e9cnico \u00e0 Implementa\u00e7\u00e3o da Reforma da Tributa\u00e7\u00e3o sobre o Consumo [&hellip;]<\/p>\n","protected":false},"author":2,"featured_media":11830,"comment_status":"closed","ping_status":"open","sticky":false,"template":"","format":"standard","meta":{"_acf_changed":false,"om_disable_all_campaigns":false,"_monsterinsights_skip_tracking":false,"_monsterinsights_sitenote_active":false,"_monsterinsights_sitenote_note":"","_monsterinsights_sitenote_category":0,"_EventAllDay":false,"_EventTimezone":"","_EventStartDate":"","_EventEndDate":"","_EventStartDateUTC":"","_EventEndDateUTC":"","_EventShowMap":false,"_EventShowMapLink":false,"_EventURL":"","_EventCost":"","_EventCostDescription":"","_EventCurrencySymbol":"","_EventCurrencyCode":"","_EventCurrencyPosition":"","_EventDateTimeSeparator":"","_EventTimeRangeSeparator":"","_EventOrganizerID":[],"_EventVenueID":[],"_OrganizerEmail":"","_OrganizerPhone":"","_OrganizerWebsite":"","_VenueAddress":"","_VenueCity":"","_VenueCountry":"","_VenueProvince":"","_VenueState":"","_VenueZip":"","_VenuePhone":"","_VenueURL":"","_VenueStateProvince":"","_VenueLat":"","_VenueLng":"","_VenueShowMap":false,"_VenueShowMapLink":false,"_jetpack_memberships_contains_paid_content":false,"footnotes":""},"categories":[10],"tags":[],"class_list":["post-11829","post","type-post","status-publish","format-standard","has-post-thumbnail","hentry","category-noticias"],"acf":[],"aioseo_notices":[],"jetpack_featured_media_url":"https:\/\/comsefaz.org.br\/novo\/wp-content\/uploads\/2024\/10\/deeed41f-b941-47ca-bae9-0ad2ce410761.jpeg","jetpack_sharing_enabled":true,"_links":{"self":[{"href":"https:\/\/comsefaz.org.br\/novo\/wp-json\/wp\/v2\/posts\/11829","targetHints":{"allow":["GET"]}}],"collection":[{"href":"https:\/\/comsefaz.org.br\/novo\/wp-json\/wp\/v2\/posts"}],"about":[{"href":"https:\/\/comsefaz.org.br\/novo\/wp-json\/wp\/v2\/types\/post"}],"author":[{"embeddable":true,"href":"https:\/\/comsefaz.org.br\/novo\/wp-json\/wp\/v2\/users\/2"}],"replies":[{"embeddable":true,"href":"https:\/\/comsefaz.org.br\/novo\/wp-json\/wp\/v2\/comments?post=11829"}],"version-history":[{"count":2,"href":"https:\/\/comsefaz.org.br\/novo\/wp-json\/wp\/v2\/posts\/11829\/revisions"}],"predecessor-version":[{"id":11832,"href":"https:\/\/comsefaz.org.br\/novo\/wp-json\/wp\/v2\/posts\/11829\/revisions\/11832"}],"wp:featuredmedia":[{"embeddable":true,"href":"https:\/\/comsefaz.org.br\/novo\/wp-json\/wp\/v2\/media\/11830"}],"wp:attachment":[{"href":"https:\/\/comsefaz.org.br\/novo\/wp-json\/wp\/v2\/media?parent=11829"}],"wp:term":[{"taxonomy":"category","embeddable":true,"href":"https:\/\/comsefaz.org.br\/novo\/wp-json\/wp\/v2\/categories?post=11829"},{"taxonomy":"post_tag","embeddable":true,"href":"https:\/\/comsefaz.org.br\/novo\/wp-json\/wp\/v2\/tags?post=11829"}],"curies":[{"name":"wp","href":"https:\/\/api.w.org\/{rel}","templated":true}]}}