{"id":11845,"date":"2024-10-15T16:23:15","date_gmt":"2024-10-15T19:23:15","guid":{"rendered":"https:\/\/comsefaz.org.br\/novo\/?p=11845"},"modified":"2024-10-15T17:02:59","modified_gmt":"2024-10-15T20:02:59","slug":"reforma-tributaria-comsefaz-fnp-e-cnm-avancam-na-criacao-de-um-pre-comite-gestor-do-ibs","status":"publish","type":"post","link":"https:\/\/comsefaz.org.br\/novo\/reforma-tributaria-comsefaz-fnp-e-cnm-avancam-na-criacao-de-um-pre-comite-gestor-do-ibs\/","title":{"rendered":"Reforma Tribut\u00e1ria: Comsefaz, FNP e CNM avan\u00e7am na cria\u00e7\u00e3o de um \u201cPr\u00e9-Comit\u00ea Gestor\u201d do IBS"},"content":{"rendered":"\n<p>Nesta ter\u00e7a-feira (15), o presidente do Comsefaz, Carlos Eduardo Xavier, se reuniu com representantes da Frente Nacional de Prefeitos (FNP) para dar continuidade \u00e0s discuss\u00f5es sobre a coopera\u00e7\u00e3o entre os entes subnacionais nas tratativas para organizar sugest\u00f5es t\u00e9cnicas exigidas no escopo de discuss\u00f5es da regulamenta\u00e7\u00e3o da reforma tribut\u00e1ria do consumo.<\/p>\n\n\n\n<p>Os Estados e Munic\u00edpios procuram antecipar planejamentos estruturais que antecedam e facilitem a futura governan\u00e7a conjunta no Comit\u00ea Gestor do IBS e por isso t\u00eam chamado esse esfor\u00e7o administrativo preparat\u00f3rio de \u201cPr\u00e9-Comit\u00ea Gestor\u201d do Imposto sobre Bens e Servi\u00e7os (IBS). No encontro, foi discutida a elabora\u00e7\u00e3o de uma proposta conjunta para redigir um protocolo de coopera\u00e7\u00e3o entre os entes subnacionais, de forma a traduzir este empenho.<\/p>\n\n\n\n<p><a href=\"https:\/\/comsefaz.org.br\/novo\/reforma-tributaria-estados-e-municipios-vao-criar-instancia-conjunta-de-governanca-para-anteceder-o-comite-gestor-do-ibs\/\">Carlos Eduardo Xavier j\u00e1 havia se reunido no \u00faltimo dia 8 de outubro com o presidente da Confedera\u00e7\u00e3o Nacional de Munic\u00edpios (CNM), Paulo Ziulkoski<\/a>. Na ocasi\u00e3o, as duas institui\u00e7\u00f5es consideraram a elabora\u00e7\u00e3o de uma minuta de coopera\u00e7\u00e3o que estabele\u00e7a uma estrutura administrativa para auxiliar nos debates sobre os projetos de lei que regulamentam a reforma, atualmente em tramita\u00e7\u00e3o na C\u00e2mara dos Deputados e no Senado Federal, al\u00e9m de discutir a pr\u00e9-organiza\u00e7\u00e3o do futuro Comit\u00ea Gestor do IBS.<\/p>\n\n\n\n<p>O &#8220;Pr\u00e9-Comit\u00ea Gestor&#8221; seria composto por 10 secret\u00e1rios estaduais e 10 representantes municipalistas da CNM e da Frente Nacional de Prefeitos (FNP). O objetivo \u00e9 garantir uma gest\u00e3o eficiente do tributo, com regras uniformes e uma distribui\u00e7\u00e3o justa das receitas, respeitando as particularidades locais e o pacto federativo. A proposta ser\u00e1 avaliada pelos munic\u00edpios.<\/p>\n\n\n\n<p>Embora o IBS preveja a centraliza\u00e7\u00e3o da arrecada\u00e7\u00e3o, a manuten\u00e7\u00e3o da autonomia fiscal de estados e munic\u00edpios continua sendo uma prioridade nas discuss\u00f5es. \u201c<em>A coopera\u00e7\u00e3o \u00e9 fundamental para que os entes federativos possam adaptar suas pol\u00edticas fiscais \u00e0s suas realidades, sem perder o foco na harmoniza\u00e7\u00e3o nacional<\/em>\u201d, destacou Xavier.<\/p>\n\n\n\n<p>A reuni\u00e3o desta ter\u00e7a (15) ocorreu na sede do Comsefaz, em Bras\u00edlia, e contou com a presen\u00e7a do secret\u00e1rio de Fazenda de Minas Gerais, Luiz Claudio Gomes; do secret\u00e1rio de Finan\u00e7as de Rond\u00f4nia, Luis Fernando Pereira da Silva; do diretor institucional do Comit\u00ea, Andr\u00e9 Horta e do assessor da Secretaria de Fazenda do Rio Grande do Sul, Rodrigo Poiato.<\/p>\n\n\n\n<p>Representando a FNP, estiveram o secret\u00e1rio-executivo adjunto FNP, Jeconias Junior; o Assessor Econ\u00f4mico FNP, Kleber Castro; o secret\u00e1rio de Finan\u00e7as de Campinas\/SP, Aur\u00edlio Caiado; o secret\u00e1rio de Finan\u00e7as do munic\u00edpio de Jo\u00e3o Pessoa\/PB, Bruno Sit\u00f4nio e a secret\u00e1ria municipal de Fazenda e Planejamento do Rio de Janeiro\/RJ, Andrea Senko.<\/p>\n\n\n\n<p>O avan\u00e7o das negocia\u00e7\u00f5es sinaliza um importante passo para a implementa\u00e7\u00e3o do IBS, que promete simplificar o sistema tribut\u00e1rio brasileiro.<\/p>\n\n\n\n<p><strong>O IBS e o Comit\u00ea Gestor<\/strong><\/p>\n\n\n\n<p>O Imposto sobre Bens e Servi\u00e7os ser\u00e1 um tributo de abrang\u00eancia nacional, cuja arrecada\u00e7\u00e3o ser\u00e1 compartilhada entre estados e munic\u00edpios. A governan\u00e7a do IBS ser\u00e1 feita por meio de um Comit\u00ea Gestor, composto por representantes dos diferentes n\u00edveis de governo.<\/p>\n\n\n\n<p>Essa inst\u00e2ncia de governan\u00e7a colaborativa visa assegurar que as decis\u00f5es sobre o novo imposto sejam tomadas de forma equilibrada, sem preval\u00eancia de um \u00fanico ente federativo. Al\u00e9m disso, a coopera\u00e7\u00e3o entre estados e munic\u00edpios na defini\u00e7\u00e3o do comit\u00ea \u00e9 considerada essencial para o sucesso da reforma tribut\u00e1ria, promovendo justi\u00e7a na distribui\u00e7\u00e3o de receitas e evitando distor\u00e7\u00f5es regionais.<\/p>\n\n\n\n<p>Os di\u00e1logos entre Estados e Munic\u00edpios s\u00e3o fundamentais para garantir a implementa\u00e7\u00e3o eficiente do novo sistema tribut\u00e1rio, garantindo que todos os entes federativos possam financiar suas pol\u00edticas p\u00fablicas de maneira adequada.<\/p>\n","protected":false},"excerpt":{"rendered":"<p>Nesta ter\u00e7a-feira (15), o presidente do Comsefaz, Carlos Eduardo Xavier, se reuniu com representantes da Frente Nacional de Prefeitos (FNP) para dar continuidade \u00e0s discuss\u00f5es sobre a coopera\u00e7\u00e3o entre os [&hellip;]<\/p>\n","protected":false},"author":2,"featured_media":11846,"comment_status":"closed","ping_status":"open","sticky":false,"template":"","format":"standard","meta":{"_acf_changed":false,"om_disable_all_campaigns":false,"_monsterinsights_skip_tracking":false,"_monsterinsights_sitenote_active":false,"_monsterinsights_sitenote_note":"","_monsterinsights_sitenote_category":0,"_EventAllDay":false,"_EventTimezone":"","_EventStartDate":"","_EventEndDate":"","_EventStartDateUTC":"","_EventEndDateUTC":"","_EventShowMap":false,"_EventShowMapLink":false,"_EventURL":"","_EventCost":"","_EventCostDescription":"","_EventCurrencySymbol":"","_EventCurrencyCode":"","_EventCurrencyPosition":"","_EventDateTimeSeparator":"","_EventTimeRangeSeparator":"","_EventOrganizerID":[],"_EventVenueID":[],"_OrganizerEmail":"","_OrganizerPhone":"","_OrganizerWebsite":"","_VenueAddress":"","_VenueCity":"","_VenueCountry":"","_VenueProvince":"","_VenueState":"","_VenueZip":"","_VenuePhone":"","_VenueURL":"","_VenueStateProvince":"","_VenueLat":"","_VenueLng":"","_VenueShowMap":false,"_VenueShowMapLink":false,"_jetpack_memberships_contains_paid_content":false,"footnotes":""},"categories":[10],"tags":[37,85,113],"class_list":["post-11845","post","type-post","status-publish","format-standard","has-post-thumbnail","hentry","category-noticias","tag-comsefaz","tag-pacto-federativo","tag-reforma-tributaria"],"acf":[],"aioseo_notices":[],"jetpack_featured_media_url":"https:\/\/comsefaz.org.br\/novo\/wp-content\/uploads\/2024\/10\/Imagem-do-WhatsApp-de-2024-10-15-as-14.59.09_96bfe49f-scaled.jpg","jetpack_sharing_enabled":true,"_links":{"self":[{"href":"https:\/\/comsefaz.org.br\/novo\/wp-json\/wp\/v2\/posts\/11845","targetHints":{"allow":["GET"]}}],"collection":[{"href":"https:\/\/comsefaz.org.br\/novo\/wp-json\/wp\/v2\/posts"}],"about":[{"href":"https:\/\/comsefaz.org.br\/novo\/wp-json\/wp\/v2\/types\/post"}],"author":[{"embeddable":true,"href":"https:\/\/comsefaz.org.br\/novo\/wp-json\/wp\/v2\/users\/2"}],"replies":[{"embeddable":true,"href":"https:\/\/comsefaz.org.br\/novo\/wp-json\/wp\/v2\/comments?post=11845"}],"version-history":[{"count":4,"href":"https:\/\/comsefaz.org.br\/novo\/wp-json\/wp\/v2\/posts\/11845\/revisions"}],"predecessor-version":[{"id":11852,"href":"https:\/\/comsefaz.org.br\/novo\/wp-json\/wp\/v2\/posts\/11845\/revisions\/11852"}],"wp:featuredmedia":[{"embeddable":true,"href":"https:\/\/comsefaz.org.br\/novo\/wp-json\/wp\/v2\/media\/11846"}],"wp:attachment":[{"href":"https:\/\/comsefaz.org.br\/novo\/wp-json\/wp\/v2\/media?parent=11845"}],"wp:term":[{"taxonomy":"category","embeddable":true,"href":"https:\/\/comsefaz.org.br\/novo\/wp-json\/wp\/v2\/categories?post=11845"},{"taxonomy":"post_tag","embeddable":true,"href":"https:\/\/comsefaz.org.br\/novo\/wp-json\/wp\/v2\/tags?post=11845"}],"curies":[{"name":"wp","href":"https:\/\/api.w.org\/{rel}","templated":true}]}}