{"id":12200,"date":"2024-12-06T10:30:44","date_gmt":"2024-12-06T13:30:44","guid":{"rendered":"https:\/\/comsefaz.org.br\/novo\/?p=12200"},"modified":"2024-12-06T17:36:53","modified_gmt":"2024-12-06T20:36:53","slug":"comsefaz-e-cicef-realizam-live-para-apresentar-boletim-fiscal-dos-estados","status":"publish","type":"post","link":"https:\/\/comsefaz.org.br\/novo\/comsefaz-e-cicef-realizam-live-para-apresentar-boletim-fiscal-dos-estados\/","title":{"rendered":"Comsefaz e CICEF realizam live para apresentar Boletim Fiscal dos Estados"},"content":{"rendered":"\n<p>O Comit\u00ea Nacional dos Secret\u00e1rios de Fazenda dos Estados e do Distrito Federal (Comsefaz) e o Centro Internacional Celso Furtado de Pol\u00edticas para o Desenvolvimento (CICEF) promover\u00e3o, na pr\u00f3xima ter\u00e7a-feira (10), uma live para apresenta\u00e7\u00e3o e debate do boletim de an\u00e1lise da conjuntura econ\u00f4mica com foco nas finan\u00e7as estaduais.<\/p>\n\n\n\n<p>O live ter\u00e1 inicio \u00e0s 17h, com transmiss\u00e3o ao vivo pelos canais do <a href=\"https:\/\/www.youtube.com\/@comsefaz\">Comsefaz<\/a> e do <a href=\"https:\/\/www.youtube.com\/@CentroCelsoFurtado1\">CICEF<\/a> no YouTube.<\/p>\n\n\n\n<p><strong>Colabora\u00e7\u00e3o e programa\u00e7\u00e3o<\/strong><\/p>\n\n\n\n<p>O boletim, resultado de uma parceria coordenada pelo Grupo de Gestores das Finan\u00e7as Estaduais (Gefin), analisa os desafios enfrentados pelos estados brasileiros diante do atual cen\u00e1rio econ\u00f4mico. A primeira parte do estudo foi apresentada no Rio de Janeiro pelo professor Carlos Pinkusfeld Bastos, que estar\u00e1 presente durante a live.<\/p>\n\n\n\n<p><\/p>\n\n\n\n<p><strong>Acesso ao boletim<\/strong><\/p>\n\n\n\n<p>O boletim completo ser\u00e1 publicado posteriormente no site oficial do Comsefaz e na p\u00e1gina do CICEF.<\/p>\n\n\n\n<p>A iniciativa refor\u00e7a o compromisso do Comsefaz e do CICEF com a promo\u00e7\u00e3o de estudos que subsidiam pol\u00edticas p\u00fablicas e ampliam o debate sobre as finan\u00e7as estaduais, especialmente em um momento de grandes desafios fiscais no Brasil.<\/p>\n","protected":false},"excerpt":{"rendered":"<p>O Comit\u00ea Nacional dos Secret\u00e1rios de Fazenda dos Estados e do Distrito Federal (Comsefaz) e o Centro Internacional Celso Furtado de Pol\u00edticas para o Desenvolvimento (CICEF) promover\u00e3o, na pr\u00f3xima ter\u00e7a-feira [&hellip;]<\/p>\n","protected":false},"author":2,"featured_media":12201,"comment_status":"closed","ping_status":"open","sticky":false,"template":"","format":"standard","meta":{"_acf_changed":false,"om_disable_all_campaigns":false,"_monsterinsights_skip_tracking":false,"_monsterinsights_sitenote_active":false,"_monsterinsights_sitenote_note":"","_monsterinsights_sitenote_category":0,"_EventAllDay":false,"_EventTimezone":"","_EventStartDate":"","_EventEndDate":"","_EventStartDateUTC":"","_EventEndDateUTC":"","_EventShowMap":false,"_EventShowMapLink":false,"_EventURL":"","_EventCost":"","_EventCostDescription":"","_EventCurrencySymbol":"","_EventCurrencyCode":"","_EventCurrencyPosition":"","_EventDateTimeSeparator":"","_EventTimeRangeSeparator":"","_EventOrganizerID":[],"_EventVenueID":[],"_OrganizerEmail":"","_OrganizerPhone":"","_OrganizerWebsite":"","_VenueAddress":"","_VenueCity":"","_VenueCountry":"","_VenueProvince":"","_VenueState":"","_VenueZip":"","_VenuePhone":"","_VenueURL":"","_VenueStateProvince":"","_VenueLat":"","_VenueLng":"","_VenueShowMap":false,"_VenueShowMapLink":false,"_jetpack_memberships_contains_paid_content":false,"footnotes":""},"categories":[10],"tags":[37,54,65],"class_list":["post-12200","post","type-post","status-publish","format-standard","has-post-thumbnail","hentry","category-noticias","tag-comsefaz","tag-estados-brasileiros","tag-forum-de-secretarios"],"acf":[],"aioseo_notices":[],"jetpack_featured_media_url":"https:\/\/comsefaz.org.br\/novo\/wp-content\/uploads\/2024\/12\/thumb_1-2.png","jetpack_sharing_enabled":true,"_links":{"self":[{"href":"https:\/\/comsefaz.org.br\/novo\/wp-json\/wp\/v2\/posts\/12200","targetHints":{"allow":["GET"]}}],"collection":[{"href":"https:\/\/comsefaz.org.br\/novo\/wp-json\/wp\/v2\/posts"}],"about":[{"href":"https:\/\/comsefaz.org.br\/novo\/wp-json\/wp\/v2\/types\/post"}],"author":[{"embeddable":true,"href":"https:\/\/comsefaz.org.br\/novo\/wp-json\/wp\/v2\/users\/2"}],"replies":[{"embeddable":true,"href":"https:\/\/comsefaz.org.br\/novo\/wp-json\/wp\/v2\/comments?post=12200"}],"version-history":[{"count":4,"href":"https:\/\/comsefaz.org.br\/novo\/wp-json\/wp\/v2\/posts\/12200\/revisions"}],"predecessor-version":[{"id":12226,"href":"https:\/\/comsefaz.org.br\/novo\/wp-json\/wp\/v2\/posts\/12200\/revisions\/12226"}],"wp:featuredmedia":[{"embeddable":true,"href":"https:\/\/comsefaz.org.br\/novo\/wp-json\/wp\/v2\/media\/12201"}],"wp:attachment":[{"href":"https:\/\/comsefaz.org.br\/novo\/wp-json\/wp\/v2\/media?parent=12200"}],"wp:term":[{"taxonomy":"category","embeddable":true,"href":"https:\/\/comsefaz.org.br\/novo\/wp-json\/wp\/v2\/categories?post=12200"},{"taxonomy":"post_tag","embeddable":true,"href":"https:\/\/comsefaz.org.br\/novo\/wp-json\/wp\/v2\/tags?post=12200"}],"curies":[{"name":"wp","href":"https:\/\/api.w.org\/{rel}","templated":true}]}}