{"id":12706,"date":"2025-02-25T18:40:14","date_gmt":"2025-02-25T21:40:14","guid":{"rendered":"https:\/\/comsefaz.org.br\/novo\/?p=12706"},"modified":"2025-02-25T18:47:02","modified_gmt":"2025-02-25T21:47:02","slug":"prestigiado-por-governadores-ministros-e-parlamentares-novo-presidente-do-comsefaz-toma-posse-prometendo-gestao-tecnica-e-orientada-por-resultados","status":"publish","type":"post","link":"https:\/\/comsefaz.org.br\/novo\/prestigiado-por-governadores-ministros-e-parlamentares-novo-presidente-do-comsefaz-toma-posse-prometendo-gestao-tecnica-e-orientada-por-resultados\/","title":{"rendered":"Prestigiado por governadores, ministros e parlamentares, novo presidente do Comsefaz toma posse prometendo gest\u00e3o t\u00e9cnica e orientada por resultados"},"content":{"rendered":"\n<p>O secret\u00e1rio de Fazenda do Mato Grosso do Sul, Fl\u00e1vio C\u00e9sar Mendes de Oliveira, tomou posse nesta ter\u00e7a-feira (25) como presidente do Comsefaz para o bi\u00eanio 2025-2027. Ele sucede a Carlos Eduardo Xavier, titular da Fazenda do Rio Grande do Norte.<\/p>\n\n\n\n<p>A cerim\u00f4nia de posse ocorreu na sede do Comit\u00ea, em Bras\u00edlia, e foi bastante prestigiada por cinco governadores, ministros de Estado, senadores da Rep\u00fablica, deputados, secret\u00e1rios de Fazenda e v\u00e1rias autoridades representando o Governo Federal, Estados, Munic\u00edpios, al\u00e9m de entidades representativas.&nbsp;&nbsp;<\/p>\n\n\n\n<p>A ministra do Planejamento e Or\u00e7amento do Brasil, Simone Tebet, participou da cerim\u00f4nia. O pai dela, o ex-presidente do Congresso, Ramez Tebet, foi citado no discurso de posse do presidente do Comsefaz como uma das principais refer\u00eancias do Mato Grosso do Sul na pol\u00edtica nacional.<\/p>\n\n\n\n<p>Entre os governadores, prestigiaram a posse chefes do Executivo das cinco regi\u00f5es brasileiras: Eduardo Ridel (MS), Cl\u00e1udio Castro (RJ), Rafael Fonteles (PI), Marcos Rocha (RO) e Gabriel Souza, vice-governador do Rio Grande do Sul.&nbsp; &nbsp;<\/p>\n\n\n\n<p>V\u00e1rios pol\u00edticos do Mato Grosso do Sul e de outros Estados tamb\u00e9m marcaram presen\u00e7a na cerim\u00f4nia, a exemplo do senador Nelsinho Trad (PSD-MS) e do deputado federal Mauro Benevides Filho (PDT-CE). &nbsp;&nbsp;<\/p>\n\n\n\n<p>O secret\u00e1rio executivo do Minist\u00e9rio da Fazenda Dario Durigan representou o ministro Fernando Haddad. Da pasta, tamb\u00e9m prestigiaram a cerim\u00f4nia o secret\u00e1rio da Receita Federal, Robinson Barreirinhas, o secret\u00e1rio Extraordin\u00e1rio da Reforma Tribut\u00e1ria Bernard Appy e o subsecret\u00e1rio de Assuntos Tribut\u00e1rios e Gest\u00e3o, F\u00e1bio&nbsp;Fernandes<\/p>\n\n\n\n<p>Os secret\u00e1rios de Fazenda dos 26 Estados e Distrito Federal participaram do evento, al\u00e9m de t\u00e9cnicos dos diversos grupos de apoio ao Comsefaz.<\/p>\n\n\n\n<p class=\"has-medium-font-size\"><strong>Em discurso emocionado, Fl\u00e1vio agradece governador, cita refer\u00eancias pol\u00edticas, destaca trabalho em equipe e promete di\u00e1logo<\/strong><\/p>\n\n\n\n<figure class=\"wp-block-image size-large\"><img fetchpriority=\"high\" decoding=\"async\" width=\"1024\" height=\"683\" src=\"https:\/\/comsefaz.org.br\/novo\/wp-content\/uploads\/2025\/02\/Posse-Comsefaz-2025-09904-1024x683.jpg\" alt=\"\" class=\"wp-image-12718\" srcset=\"https:\/\/comsefaz.org.br\/novo\/wp-content\/uploads\/2025\/02\/Posse-Comsefaz-2025-09904-1024x683.jpg 1024w, https:\/\/comsefaz.org.br\/novo\/wp-content\/uploads\/2025\/02\/Posse-Comsefaz-2025-09904-300x200.jpg 300w, https:\/\/comsefaz.org.br\/novo\/wp-content\/uploads\/2025\/02\/Posse-Comsefaz-2025-09904-768x512.jpg 768w, https:\/\/comsefaz.org.br\/novo\/wp-content\/uploads\/2025\/02\/Posse-Comsefaz-2025-09904-1536x1024.jpg 1536w, https:\/\/comsefaz.org.br\/novo\/wp-content\/uploads\/2025\/02\/Posse-Comsefaz-2025-09904-2048x1365.jpg 2048w\" sizes=\"(max-width: 1024px) 100vw, 1024px\" \/><figcaption class=\"wp-element-caption\"><em>Presidente do Comsefaz, Fl\u00e1vio C\u00e9sar agradeceu aos colegas pela unidade em torno de seu nome <\/em><\/figcaption><\/figure>\n\n\n\n<p>O novo presidente do Comsefaz, Fl\u00e1vio C\u00e9sar de Oliveira, fez um discurso emocionado com v\u00e1rias refer\u00eancias e agradecimentos. A primeira men\u00e7\u00e3o foi a Deus, \u00e0 fam\u00edlia e um agradecimento especial ao governador Eduardo Reidel.<\/p>\n\n\n\n<p>Na sequ\u00eancia, Fl\u00e1vio C\u00e9sar lembrou o pai da ministra Simone Tebet, o ex-presidente do Congresso Ramez Tebet, a quem se referiu como <em>\u201c\u00edcone da pol\u00edtica brasileira, cujo legado de integridade permanece indel\u00e9vel desde seu falecimento em 2006\u201d<\/em>.<\/p>\n\n\n\n<p>O presidente destacou ainda v\u00e1rias a\u00e7\u00f5es da secretaria de Fazenda do Mato Grosso do Sul, como a conquista \u201c<em>da CAPAG A+, a mais alta nota concedida pelo Tesouro nacional em equil\u00edbrio fiscal<\/em>\u201d.<\/p>\n\n\n\n<p><em>\u201cCada servidor, independentemente de sua posi\u00e7\u00e3o, desempenha um papel crucial nesse processo, e \u00e9 com orgulho que afirmo: nosso maior patrim\u00f4nio reside na excel\u00eancia de cada membro de nossa equipe\u201d,<\/em> disse, para mais \u00e0 frente externar os sentimentos com que chega \u00e0 presid\u00eancia da Casa:<\/p>\n\n\n\n<p>\u201c<em>Assumo a presid\u00eancia do Comsefaz com imensa honra e um profundo senso de responsabilidade que transcende palavras. Em meio a um comit\u00ea composto por profissionais de elevada capacidade t\u00e9cnica e not\u00f3rio saber, fui acolhido de forma t\u00e3o calorosa e generosa que todas as incertezas que habitavam meu pensamento se dissiparam como neblina ao sol da manh\u00e3. Esse gesto de confian\u00e7a n\u00e3o apenas reafirmou a unidade que nos caracteriza, mas tamb\u00e9m evidenciou a maturidade e a grandeza deste seleto grupo. O processo eleitoral que me conduziu a esta posi\u00e7\u00e3o foi um marco hist\u00f3rico, pois ocorreu de maneira consensual, rompendo paradigmas e demonstrando que, quando h\u00e1 respeito e disposi\u00e7\u00e3o para o di\u00e1logo, \u00e9 poss\u00edvel alcan\u00e7ar a harmonia mesmo em meio \u00e0 diversidade. Pela primeira vez, houve uma composi\u00e7\u00e3o un\u00e2nime, um feito que enche meu cora\u00e7\u00e3o de orgulho e gratid\u00e3o\u201d,<\/em> afirmou.<\/p>\n\n\n\n<p><strong>Gratid\u00e3o<\/strong><\/p>\n\n\n\n<p>O novo presidente do Comsefaz tamb\u00e9m fez quest\u00e3o de agradecer ao antecessor, Carlos Eduardo Xavier, presenteando-o com uma placa em gratid\u00e3o pelo trabalho \u00e0 frente do Comit\u00ea nos \u00faltimos dois anos. Ele tamb\u00e9m expressou sua gratid\u00e3o ao diretor institucional do Comit\u00ea, Andr\u00e9 Horta, e \u00e0 sua equipe.<\/p>\n\n\n\n<p>Sobre os desafios, Fl\u00e1vio C\u00e9sar reafirmou seu compromisso com \u201c<em>uma gest\u00e3o t\u00e9cnica, apartid\u00e1ria e orientada a resultados<\/em>\u201d. Ele tamb\u00e9m quer aprofundar a coopera\u00e7\u00e3o, assegurando que as demandas regionais dialoguem com as diretrizes nacionais.<\/p>\n\n\n\n<p>\u201c<em>S\u00f3 assim consolidaremos um federalismo forte e verdadeiramente cooperativo, onde compet\u00eancias se complementam e recursos se otimizam para o desenvolvimento integral do pa\u00eds<\/em>\u201d, afirmou.<\/p>\n\n\n\n<p>O presidente encerrou o discurso citando dois artistas. Primeiro, lembrando o conterr\u00e2neo Almir Sater \u201c<em>digo que a miss\u00e3o \u00e9 seguir tocando em frente as bandeiras que elevar\u00e3o nosso comit\u00ea a uma posi\u00e7\u00e3o de destaque no cen\u00e1rio nacional<\/em>\u201d, lembrou, para em seguida finalizar o discurso, sob aplausos:<br><br>\u201c<em>Encerro com uma cita\u00e7\u00e3o de Ellen White que guia minha trajet\u00f3ria: \u201cNada temos a temer quanto ao futuro, a menos que nos esque\u00e7amos como Deus nos conduziu no passado. Muito obrigado<\/em>\u201d, concluiu.&nbsp;<\/p>\n\n\n\n<p class=\"has-medium-font-size\"><strong>Ministra Simone Tebet: \u201cMiss\u00e3o \u00e9 diminuir a desigualdade social\u201d<\/strong><\/p>\n\n\n\n<figure class=\"wp-block-image size-large\"><img decoding=\"async\" width=\"1024\" height=\"683\" src=\"https:\/\/comsefaz.org.br\/novo\/wp-content\/uploads\/2025\/02\/Posse-Comsefaz-2025-09786-1024x683.jpg\" alt=\"\" class=\"wp-image-12716\" srcset=\"https:\/\/comsefaz.org.br\/novo\/wp-content\/uploads\/2025\/02\/Posse-Comsefaz-2025-09786-1024x683.jpg 1024w, https:\/\/comsefaz.org.br\/novo\/wp-content\/uploads\/2025\/02\/Posse-Comsefaz-2025-09786-300x200.jpg 300w, https:\/\/comsefaz.org.br\/novo\/wp-content\/uploads\/2025\/02\/Posse-Comsefaz-2025-09786-768x512.jpg 768w, https:\/\/comsefaz.org.br\/novo\/wp-content\/uploads\/2025\/02\/Posse-Comsefaz-2025-09786-1536x1024.jpg 1536w, https:\/\/comsefaz.org.br\/novo\/wp-content\/uploads\/2025\/02\/Posse-Comsefaz-2025-09786-2048x1365.jpg 2048w\" sizes=\"(max-width: 1024px) 100vw, 1024px\" \/><figcaption class=\"wp-element-caption\"><em>Em discurso forte, ministra Simone Tebet comemorou mudan\u00e7a do eixo econ\u00f4mico e social do Brasil<\/em><\/figcaption><\/figure>\n\n\n\n<p>Amiga pessoal do presidente Fl\u00e1vio C\u00e9sar, a ministra do Planejamento e Or\u00e7amento do Governo Federal, Simone Tebet, iniciou o discurso destacando o orgulho de ver um conterr\u00e2neo sul-mato-grossense assumir a presid\u00eancia do Comsefaz pela primeira vez.<\/p>\n\n\n\n<p><em>\u201cFl\u00e1vio, n\u00e3o sei se estou aqui como sul-mato-grossense, ministra ou filha de Ramez Tebet. Como sul-mato-grossense fico muito orgulhosa de saber que o primeiro presidente do Comsefaz das regi\u00f5es Sul, Sudeste e Centro Oeste \u00e9 do meu Estado. Trago tamb\u00e9m um beijo da minha m\u00e3e, que est\u00e1 muito feliz nesse momento\u201d<\/em>, iniciou a ministra.<\/p>\n\n\n\n<p>Tebet fez uma fala mirando o cen\u00e1rio macroecon\u00f4mico e social brasileiro. Afirmou que o governo Lula busca criar um pacto federativo de uni\u00e3o, e n\u00e3o de disputa, entre os entes da Federa\u00e7\u00e3o.<\/p>\n\n\n\n<p>E tamb\u00e9m fez quest\u00e3o de refor\u00e7ar a import\u00e2ncia do deslocamento do eixo econ\u00f4mico e social do pa\u00eds para centros distantes de Rio de Janeiro e S\u00e3o Paulo.<\/p>\n\n\n\n<p><em>\u201cNossa miss\u00e3o \u00e9 diminuir a desigualdade social e acabar com a mis\u00e9ria. E n\u00e3o \u00e9 poss\u00edvel reduzir a desigualdade social sem diminuir as desigualdades regionais.&nbsp; Nos \u00faltimos 20 anos, a balan\u00e7a comercial das regi\u00f5es Norte, Nordeste e Centro-Oeste foi superior \u00e0 balan\u00e7a comercial do Sul e Sudeste. E estamos diante de uma imensa oportunidade\u201d<\/em>, disse Tebet, que encerrou citando um trecho do poema <em>\u201cE agora, Jos\u00e9?\u201d<\/em>, de Carlos Drummond de Andrade.<\/p>\n\n\n\n<p class=\"has-medium-font-size\"><strong>Ex-presidentes do Comsefaz prestigiam posse e Cadu Xavier faz balan\u00e7o da gest\u00e3o<\/strong><\/p>\n\n\n\n<figure class=\"wp-block-image size-large\"><img decoding=\"async\" width=\"1024\" height=\"754\" src=\"https:\/\/comsefaz.org.br\/novo\/wp-content\/uploads\/2025\/02\/Posse-Comsefaz-2025-09403-scaled-e1740518830244-1024x754.jpg\" alt=\"\" class=\"wp-image-12710\" srcset=\"https:\/\/comsefaz.org.br\/novo\/wp-content\/uploads\/2025\/02\/Posse-Comsefaz-2025-09403-scaled-e1740518830244-1024x754.jpg 1024w, https:\/\/comsefaz.org.br\/novo\/wp-content\/uploads\/2025\/02\/Posse-Comsefaz-2025-09403-scaled-e1740518830244-300x221.jpg 300w, https:\/\/comsefaz.org.br\/novo\/wp-content\/uploads\/2025\/02\/Posse-Comsefaz-2025-09403-scaled-e1740518830244-768x565.jpg 768w, https:\/\/comsefaz.org.br\/novo\/wp-content\/uploads\/2025\/02\/Posse-Comsefaz-2025-09403-scaled-e1740518830244-1536x1130.jpg 1536w, https:\/\/comsefaz.org.br\/novo\/wp-content\/uploads\/2025\/02\/Posse-Comsefaz-2025-09403-scaled-e1740518830244.jpg 1715w\" sizes=\"(max-width: 1024px) 100vw, 1024px\" \/><figcaption class=\"wp-element-caption\"><em>Ex-presidente do Comsefaz, Carlos Eduardo Xavier recebeu homenagens pela condu\u00e7\u00e3o do Comit\u00ea <\/em><\/figcaption><\/figure>\n\n\n\n<p>Quatro ex-presidentes do Comsefaz marcaram presen\u00e7a na posse: o atual governador do Piau\u00ed Rafael Fonteles, o deputado federal Mauro Benevides, o diretor institucional do Comit\u00ea Andr\u00e9 Horta e o antecessor do presidente Fl\u00e1vio C\u00e9sar, atual secret\u00e1rio de Fazenda do Rio Grande do Norte, Carlos Eduardo Xavier.&nbsp;<\/p>\n\n\n\n<p>Cadu Xavier fez um balan\u00e7o do \u00faltimo bi\u00eanio \u00e0 frente do Comit\u00ea, destacou vit\u00f3rias em pautas importantes e lembrou que os debates e a aprova\u00e7\u00e3o da reforma tribut\u00e1ria foram os grandes momentos de sua gest\u00e3o:<\/p>\n\n\n\n<p><em>\u201cNosso grande trabalho coincidiu com a discuss\u00e3o e a aprova\u00e7\u00e3o da reforma tribut\u00e1ria, o que consumiu muito tempo e nos exigiu um enorme poder de concilia\u00e7\u00e3o. Mas acho que n\u00f3s, do Comsefaz, conseguimos entregar a reforma para o pa\u00eds. Se n\u00e3o foi a reforma ideal, foi a reforma poss\u00edvel. Dentro das for\u00e7as pol\u00edticas que temos no Congresso, entregamos algo que precisa ser trabalhado para que tenhamos um produto final que gere crescimento da economia brasileira\u201d<\/em>, afirmou.&nbsp;<\/p>\n\n\n\n<p>No balan\u00e7o que fez do mandato, Cadu tamb\u00e9m citou a luta pela recomposi\u00e7\u00e3o das perdas provocadas pelas leis complementares 192 e 194, a aprova\u00e7\u00e3o do Propag e a mudan\u00e7a na tributa\u00e7\u00e3o dos combust\u00edveis como pautas importantes. Ao final, desejou sucesso ao novo presidente, destacando a unidade do Comit\u00ea em torno do nome do secret\u00e1rio de Fazenda do Mato Grosso do Sul:<\/p>\n\n\n\n<p><em>\u201cVoc\u00ea tem agora o desafio de nos liderar, Fl\u00e1vio. Sua escolha foi por unanimidade e mostra a unidade do Comsefaz. Vou levar com muito orgulho, como legado da minha gest\u00e3o, esse processo de sucess\u00e3o no qual esta Casa elegeu voc\u00ea para a presid\u00eancia. Precisaremos estar unidos para entrar no debate da reforma tribut\u00e1ria unidos\u201d<\/em>, concluiu.<\/p>\n\n\n\n<p class=\"has-medium-font-size\"><strong>\u201cFl\u00e1vio tem capacidade rara de construir pontes\u201d, define Eduardo Riedel, governador do Mato Grosso do Sul<\/strong><\/p>\n\n\n\n<figure class=\"wp-block-image size-large\"><img loading=\"lazy\" decoding=\"async\" width=\"1024\" height=\"817\" src=\"https:\/\/comsefaz.org.br\/novo\/wp-content\/uploads\/2025\/02\/Posse-Comsefaz-2025-09500-scaled-e1740518712167-1024x817.jpg\" alt=\"\" class=\"wp-image-12719\" srcset=\"https:\/\/comsefaz.org.br\/novo\/wp-content\/uploads\/2025\/02\/Posse-Comsefaz-2025-09500-scaled-e1740518712167-1024x817.jpg 1024w, https:\/\/comsefaz.org.br\/novo\/wp-content\/uploads\/2025\/02\/Posse-Comsefaz-2025-09500-scaled-e1740518712167-300x239.jpg 300w, https:\/\/comsefaz.org.br\/novo\/wp-content\/uploads\/2025\/02\/Posse-Comsefaz-2025-09500-scaled-e1740518712167-768x613.jpg 768w, https:\/\/comsefaz.org.br\/novo\/wp-content\/uploads\/2025\/02\/Posse-Comsefaz-2025-09500-scaled-e1740518712167-1536x1225.jpg 1536w, https:\/\/comsefaz.org.br\/novo\/wp-content\/uploads\/2025\/02\/Posse-Comsefaz-2025-09500-scaled-e1740518712167.jpg 1706w\" sizes=\"(max-width: 1024px) 100vw, 1024px\" \/><figcaption class=\"wp-element-caption\"><em>Governador Eduardo Riedel (MS) valorizou humildade e capacidade do presidente Fl\u00e1vio C\u00e9sar<\/em><\/figcaption><\/figure>\n\n\n\n<p>O governador do Mato Grosso do Sul, Eduardo Riedel (PSDB-MS), foi a primeira autoridade convidada a discursar na cerim\u00f4nia. Ele destacou a trajet\u00f3ria e o comprometimento do presidente Fl\u00e1vio C\u00e9sar como secret\u00e1rio de Fazenda do Estado. Os dois trabalharam juntos na gest\u00e3o do ex-governador Reinaldo Azambuja. Ao ser eleito em 2022, Riedel convidou Fl\u00e1vio para assumir a Fazenda do seu governo.<\/p>\n\n\n\n<p><em>\u201cAlgumas pessoas estranharam quando convidei o Fl\u00e1vio para a Sefaz porque ele n\u00e3o \u00e9 um t\u00e9cnico da \u00e1rea. E aqui tenho convic\u00e7\u00e3o de que voc\u00eas no Comsefaz t\u00eam um n\u00edvel de conhecimento t\u00e9cnico muito alto. Mas o Fl\u00e1vio tem uma capacidade rara, que \u00e9 a de construir pontes e consensos. Ent\u00e3o ele chegou na Sefaz com muita responsabilidade, humildade para aprender. Fl\u00e1vio \u00e9 um bom aluno e aprende r\u00e1pido. Na presid\u00eancia do Comsefaz vai ter a responsabilidade de defender os interesses do Brasil\u201d<\/em>, afirmou.<\/p>\n\n\n\n<p>O governador destacou que o Congresso ter\u00e1 um desafio enorme pela frente na aprova\u00e7\u00e3o e regulamenta\u00e7\u00e3o de leis de interesse dos Estados.<\/p>\n\n\n\n<p><em>\u201cE o Comsefaz ser\u00e1 absolutamente fundamental e determinante para o sucesso dos Estados. Assim como eu estarei ao seu lado, Fl\u00e1vio, o Comsefaz tamb\u00e9m estar\u00e1\u201d,<\/em> disse o governador.<\/p>\n\n\n\n<p class=\"has-medium-font-size\"><strong>\u201c<em>A principal virtude do Fl\u00e1vio \u00e9 a lealdade<\/em>\u201d, destaca senador Nelsinho Trad&nbsp;<\/strong><\/p>\n\n\n\n<figure class=\"wp-block-image size-large is-resized\"><img loading=\"lazy\" decoding=\"async\" width=\"1024\" height=\"683\" src=\"https:\/\/comsefaz.org.br\/novo\/wp-content\/uploads\/2025\/02\/Posse-Comsefaz-2025-09555-1024x683.jpg\" alt=\"\" class=\"wp-image-12707\" style=\"width:840px;height:auto\" srcset=\"https:\/\/comsefaz.org.br\/novo\/wp-content\/uploads\/2025\/02\/Posse-Comsefaz-2025-09555-1024x683.jpg 1024w, https:\/\/comsefaz.org.br\/novo\/wp-content\/uploads\/2025\/02\/Posse-Comsefaz-2025-09555-300x200.jpg 300w, https:\/\/comsefaz.org.br\/novo\/wp-content\/uploads\/2025\/02\/Posse-Comsefaz-2025-09555-768x512.jpg 768w, https:\/\/comsefaz.org.br\/novo\/wp-content\/uploads\/2025\/02\/Posse-Comsefaz-2025-09555-1536x1024.jpg 1536w, https:\/\/comsefaz.org.br\/novo\/wp-content\/uploads\/2025\/02\/Posse-Comsefaz-2025-09555-2048x1365.jpg 2048w\" sizes=\"(max-width: 1024px) 100vw, 1024px\" \/><figcaption class=\"wp-element-caption\"><em>Senador Nelsinho Trad lembrou in\u00edcio da trajet\u00f3ria do presidente do Comsefaz<\/em><\/figcaption><\/figure>\n\n\n\n<p>Um dos discursos mais emotivos partiu do senador Nelsinho Trad (PSD-MS), amigo pessoal da fam\u00edlia do presidente Fl\u00e1vio C\u00e9sar. O parlamentar contou que foi ele, na \u00e9poca prefeito de Campo Grande, a encorajar o presidente do Comsefaz a entrar para a vida p\u00fablica quando ainda trabalhava numa empresa privada de energia el\u00e9trica. Fl\u00e1vio C\u00e9sar topou o desafio, foi eleito vereador, reeleito e atuou como l\u00edder da gest\u00e3o Trad.<\/p>\n\n\n\n<p><em>\u201cDigo a voc\u00eas, de uma forma muito alegre e satisfeita: Fl\u00e1vio \u00e9 a pessoa certa, no lugar certo, no momento certo. O governador Riedel falou algumas virtudes do Fl\u00e1vio mas, na minha avalia\u00e7\u00e3o, a principal virtude dele \u00e9 a lealdade e o comprometimento com aquilo que ele faz\u201d<\/em>, afirmou.<\/p>\n\n\n\n<p class=\"has-medium-font-size\"><strong>\u201cFl\u00e1vio est\u00e1 no lugar certo\u201d, ressalta Rafael Fonteles, governador do Piau\u00ed<\/strong><\/p>\n\n\n\n<figure class=\"wp-block-image size-large\"><img loading=\"lazy\" decoding=\"async\" width=\"1024\" height=\"683\" src=\"https:\/\/comsefaz.org.br\/novo\/wp-content\/uploads\/2025\/02\/Posse-Comsefaz-2025-09593-1024x683.jpg\" alt=\"\" class=\"wp-image-12714\" srcset=\"https:\/\/comsefaz.org.br\/novo\/wp-content\/uploads\/2025\/02\/Posse-Comsefaz-2025-09593-1024x683.jpg 1024w, https:\/\/comsefaz.org.br\/novo\/wp-content\/uploads\/2025\/02\/Posse-Comsefaz-2025-09593-300x200.jpg 300w, https:\/\/comsefaz.org.br\/novo\/wp-content\/uploads\/2025\/02\/Posse-Comsefaz-2025-09593-768x512.jpg 768w, https:\/\/comsefaz.org.br\/novo\/wp-content\/uploads\/2025\/02\/Posse-Comsefaz-2025-09593-1536x1024.jpg 1536w, https:\/\/comsefaz.org.br\/novo\/wp-content\/uploads\/2025\/02\/Posse-Comsefaz-2025-09593-2048x1365.jpg 2048w\" sizes=\"(max-width: 1024px) 100vw, 1024px\" \/><figcaption class=\"wp-element-caption\"><em>Governador Rafael Fonteles (PI) exalta capacidade do Comsefaz em gerar solu\u00e7\u00f5es para o pa\u00eds<\/em><\/figcaption><\/figure>\n\n\n\n<p>Ex-presidente do Comsefaz, o governador do Piau\u00ed, Rafael Fonteles (PT), destacou o trabalho t\u00e9cnico e pol\u00edtico que vem sendo desenvolvido pelo Comit\u00ea nos \u00faltimos anos em defesa dos interesses dos Estados.<\/p>\n\n\n\n<p><em>\u201cComo ex-presidente do Comsefaz, sei da qualidade dos quadros que comp\u00f5e esse Comit\u00ea e do compromisso dessa institui\u00e7\u00e3o com o pa\u00eds. Claro que cada um aqui defende seu Estado com unhas e dentes, mas apesar de serem 27 unidades da federa\u00e7\u00e3o, conseguiram chegar a uma unidade na reforma tribut\u00e1ria. Isso \u00e9 prova cabal de que esse Comit\u00ea tem capacidade de gerar solu\u00e7\u00f5es para o pa\u00eds em temas t\u00e3o \u00e1ridos, como a \u00e1rea fiscal e tribut\u00e1ria. E espero que cres\u00e7a ainda mais porque precisamos ter for\u00e7a, muitas pautas de interesse dos Estados passam por Bras\u00edlia\u201d, <\/em>disse o governador do Piau\u00ed, que fez um elogio p\u00fablico ao novo presidente do Comsefaz:<\/p>\n\n\n\n<p><em>\u201cFl\u00e1vio, percebemos que voc\u00ea est\u00e1 no lugar certo, e que tem a capacidade de gerar consensos\u201d<\/em>, concluiu.&nbsp;&nbsp;<\/p>\n\n\n\n<p class=\"has-medium-font-size\"><strong>\u201cFl\u00e1vio tem o perfil adequado para esse momento\u201d, diz Cl\u00e1udio Castro, governador do Rio de Janeiro<\/strong><\/p>\n\n\n\n<figure class=\"wp-block-image size-large\"><img loading=\"lazy\" decoding=\"async\" width=\"1024\" height=\"683\" src=\"https:\/\/comsefaz.org.br\/novo\/wp-content\/uploads\/2025\/02\/Posse-Comsefaz-2025-09607-1024x683.jpg\" alt=\"\" class=\"wp-image-12715\" srcset=\"https:\/\/comsefaz.org.br\/novo\/wp-content\/uploads\/2025\/02\/Posse-Comsefaz-2025-09607-1024x683.jpg 1024w, https:\/\/comsefaz.org.br\/novo\/wp-content\/uploads\/2025\/02\/Posse-Comsefaz-2025-09607-300x200.jpg 300w, https:\/\/comsefaz.org.br\/novo\/wp-content\/uploads\/2025\/02\/Posse-Comsefaz-2025-09607-768x512.jpg 768w, https:\/\/comsefaz.org.br\/novo\/wp-content\/uploads\/2025\/02\/Posse-Comsefaz-2025-09607-1536x1024.jpg 1536w, https:\/\/comsefaz.org.br\/novo\/wp-content\/uploads\/2025\/02\/Posse-Comsefaz-2025-09607-2048x1365.jpg 2048w\" sizes=\"(max-width: 1024px) 100vw, 1024px\" \/><figcaption class=\"wp-element-caption\"><em>Governador Cl\u00e1udio Castro (RJ) destacou maturidade do Comsefaz<\/em><\/figcaption><\/figure>\n\n\n\n<p>Do Rio de Janeiro, o governador Cl\u00e1udio Castro (PL) trouxe uma mensagem de apoio \u00e0 nova gest\u00e3o do Comsefaz. Ele iniciou o discurso parabenizando o trabalho do antecessor, Cadu Xavier, pela condu\u00e7\u00e3o da entidade, e ressaltou o grau de maturidade do Comit\u00ea na defesa das principais pautas fiscais de interesse dos Estados brasileiros:<\/p>\n\n\n\n<p><em>\u201cEu queria destacar o grau de maturidade do Comsefaz. E voc\u00ea, Fl\u00e1vio, tem o perfil adequado para esse momento. De algu\u00e9m que ouve. Tivemos um in\u00edcio dif\u00edcil para a reforma tribut\u00e1ria. J\u00e1 falei que tenho dificuldade de acreditar em algo que leva 50 anos para ser implementado. Mas temos que acreditar porque queremos um Brasil melhor\u201d, <\/em>disse o governador.<\/p>\n\n\n\n<p class=\"has-medium-font-size\"><strong>Representantes da Uni\u00e3o falam que momento \u00e9 de transi\u00e7\u00e3o do federalismo predat\u00f3rio para o federalismo de coopera\u00e7\u00e3o<\/strong><\/p>\n\n\n\n<figure class=\"wp-block-image size-large\"><img loading=\"lazy\" decoding=\"async\" width=\"1024\" height=\"683\" src=\"https:\/\/comsefaz.org.br\/novo\/wp-content\/uploads\/2025\/02\/Posse-Comsefaz-2025-09237-1024x683.jpg\" alt=\"\" class=\"wp-image-12722\" srcset=\"https:\/\/comsefaz.org.br\/novo\/wp-content\/uploads\/2025\/02\/Posse-Comsefaz-2025-09237-1024x683.jpg 1024w, https:\/\/comsefaz.org.br\/novo\/wp-content\/uploads\/2025\/02\/Posse-Comsefaz-2025-09237-300x200.jpg 300w, https:\/\/comsefaz.org.br\/novo\/wp-content\/uploads\/2025\/02\/Posse-Comsefaz-2025-09237-768x512.jpg 768w, https:\/\/comsefaz.org.br\/novo\/wp-content\/uploads\/2025\/02\/Posse-Comsefaz-2025-09237-1536x1024.jpg 1536w, https:\/\/comsefaz.org.br\/novo\/wp-content\/uploads\/2025\/02\/Posse-Comsefaz-2025-09237-2048x1365.jpg 2048w\" sizes=\"(max-width: 1024px) 100vw, 1024px\" \/><figcaption class=\"wp-element-caption\"><em>Secret\u00e1rio executivo do Minist\u00e9rio da Fazenda Dario Durigan representou ministro Fernando Haddad<\/em><\/figcaption><\/figure>\n\n\n\n<p>Do Minist\u00e9rio da Fazenda, marcaram presen\u00e7a o secret\u00e1rio executivo Dario Durigan; o secret\u00e1rio da Receita Federal, Robinson Barreirinhas; e o secret\u00e1rio Extraordin\u00e1rio da Reforma Tribut\u00e1ria, Bernard Appy.<\/p>\n\n\n\n<p>Barreirinhas destacou a atua\u00e7\u00e3o do Comsefaz no trabalho conjunto em busca do consenso entre os Estados.<\/p>\n\n\n\n<p><em>\u201cAdmiro muito o trabalho que voc\u00eas fazem aqui. Como disse o Appy, estamos na transi\u00e7\u00e3o do modelo de federalismo predat\u00f3rio para o federalismo cooperativo. E o Comsefaz \u00e9 o melhor exemplo desse trabalho, de atua\u00e7\u00e3o de todos conjuntamente. O desafio \u00e9 grande, mas se der certo o Brasil vai dar certo\u201d<\/em>, disse. &nbsp;<\/p>\n\n\n\n<p>O secret\u00e1rio executivo do Minist\u00e9rio da Fazenda, Dario Durigan, fez um balan\u00e7o dos primeiros dois anos da \u00e1rea econ\u00f4mica do governo Lula e destacou a parceria com os Estados, atrav\u00e9s do Comsefaz. Olhando para o cen\u00e1rio macroecon\u00f4mico, ele defendeu um esfor\u00e7o conjunto, de parceria cont\u00ednua.<\/p>\n\n\n\n<p><em>\u201cQuando a gente fala do federalismo de coopera\u00e7\u00e3o \u00e9 preciso olhar para o papel da Uni\u00e3o nos v\u00e1rios debates. Precisamos abrir um novo ciclo de desenvolvimento no Brasil. E papel do Comsefaz aparece com destaque nesse processo\u201d, <\/em>disse.<\/p>\n","protected":false},"excerpt":{"rendered":"<p>O secret\u00e1rio de Fazenda do Mato Grosso do Sul, Fl\u00e1vio C\u00e9sar Mendes de Oliveira, tomou posse nesta ter\u00e7a-feira (25) como presidente do Comsefaz para o bi\u00eanio 2025-2027. Ele sucede a [&hellip;]<\/p>\n","protected":false},"author":2,"featured_media":12721,"comment_status":"closed","ping_status":"closed","sticky":false,"template":"","format":"standard","meta":{"_acf_changed":false,"om_disable_all_campaigns":false,"_monsterinsights_skip_tracking":false,"_monsterinsights_sitenote_active":false,"_monsterinsights_sitenote_note":"","_monsterinsights_sitenote_category":0,"_EventAllDay":false,"_EventTimezone":"","_EventStartDate":"","_EventEndDate":"","_EventStartDateUTC":"","_EventEndDateUTC":"","_EventShowMap":false,"_EventShowMapLink":false,"_EventURL":"","_EventCost":"","_EventCostDescription":"","_EventCurrencySymbol":"","_EventCurrencyCode":"","_EventCurrencyPosition":"","_EventDateTimeSeparator":"","_EventTimeRangeSeparator":"","_EventOrganizerID":[],"_EventVenueID":[],"_OrganizerEmail":"","_OrganizerPhone":"","_OrganizerWebsite":"","_VenueAddress":"","_VenueCity":"","_VenueCountry":"","_VenueProvince":"","_VenueState":"","_VenueZip":"","_VenuePhone":"","_VenueURL":"","_VenueStateProvince":"","_VenueLat":"","_VenueLng":"","_VenueShowMap":false,"_VenueShowMapLink":false,"_jetpack_memberships_contains_paid_content":false,"footnotes":""},"categories":[10],"tags":[],"class_list":["post-12706","post","type-post","status-publish","format-standard","has-post-thumbnail","hentry","category-noticias"],"acf":[],"aioseo_notices":[],"jetpack_featured_media_url":"https:\/\/comsefaz.org.br\/novo\/wp-content\/uploads\/2025\/02\/Posse-Comsefaz-2025-00017-scaled.jpg","jetpack_sharing_enabled":true,"_links":{"self":[{"href":"https:\/\/comsefaz.org.br\/novo\/wp-json\/wp\/v2\/posts\/12706","targetHints":{"allow":["GET"]}}],"collection":[{"href":"https:\/\/comsefaz.org.br\/novo\/wp-json\/wp\/v2\/posts"}],"about":[{"href":"https:\/\/comsefaz.org.br\/novo\/wp-json\/wp\/v2\/types\/post"}],"author":[{"embeddable":true,"href":"https:\/\/comsefaz.org.br\/novo\/wp-json\/wp\/v2\/users\/2"}],"replies":[{"embeddable":true,"href":"https:\/\/comsefaz.org.br\/novo\/wp-json\/wp\/v2\/comments?post=12706"}],"version-history":[{"count":2,"href":"https:\/\/comsefaz.org.br\/novo\/wp-json\/wp\/v2\/posts\/12706\/revisions"}],"predecessor-version":[{"id":12724,"href":"https:\/\/comsefaz.org.br\/novo\/wp-json\/wp\/v2\/posts\/12706\/revisions\/12724"}],"wp:featuredmedia":[{"embeddable":true,"href":"https:\/\/comsefaz.org.br\/novo\/wp-json\/wp\/v2\/media\/12721"}],"wp:attachment":[{"href":"https:\/\/comsefaz.org.br\/novo\/wp-json\/wp\/v2\/media?parent=12706"}],"wp:term":[{"taxonomy":"category","embeddable":true,"href":"https:\/\/comsefaz.org.br\/novo\/wp-json\/wp\/v2\/categories?post=12706"},{"taxonomy":"post_tag","embeddable":true,"href":"https:\/\/comsefaz.org.br\/novo\/wp-json\/wp\/v2\/tags?post=12706"}],"curies":[{"name":"wp","href":"https:\/\/api.w.org\/{rel}","templated":true}]}}