{"id":12826,"date":"2025-03-18T19:14:58","date_gmt":"2025-03-18T22:14:58","guid":{"rendered":"https:\/\/comsefaz.org.br\/novo\/?p=12826"},"modified":"2025-03-18T19:15:48","modified_gmt":"2025-03-18T22:15:48","slug":"comsefaz-participa-de-solenidade-em-que-o-presidente-lula-assina-projeto-de-lei-para-isentar-de-ir-quem-recebe-ate-r-5-mil-por-mes","status":"publish","type":"post","link":"https:\/\/comsefaz.org.br\/novo\/comsefaz-participa-de-solenidade-em-que-o-presidente-lula-assina-projeto-de-lei-para-isentar-de-ir-quem-recebe-ate-r-5-mil-por-mes\/","title":{"rendered":"Comsefaz participa de solenidade em que o presidente Lula assina projeto de lei para isentar de IR quem recebe at\u00e9 R$ 5 mil por m\u00eas"},"content":{"rendered":"\n<p><\/p>\n\n\n\n<p>O presidente do Comsefaz, Fl\u00e1vio C\u00e9sar, participou, nesta ter\u00e7a-feira (18), da cerim\u00f4nia de assinatura do projeto de lei que prev\u00ea isen\u00e7\u00e3o de Imposto de Renda, a partir de 2026, para pessoas que recebem at\u00e9 R$ 5 mil por m\u00eas. Hoje, a isen\u00e7\u00e3o da renda alcan\u00e7a quem ganha at\u00e9 R$ 2.824 mensais.<\/p>\n\n\n\n<p>A solenidade, que ocorreu no Pal\u00e1cio do Planalto, contou com a presen\u00e7a do presidente da Rep\u00fablica, Lu\u00eds In\u00e1cio Lula da Silva; do vice, Geraldo Alckmin; do ministro Fazenda Fernando Haddad; da ministra Gleisi Hoffman; do presidente da C\u00e2mara dos Deputados, Hugo Motta; dos l\u00edderes do Governo, al\u00e9m de deputados e senadores.<\/p>\n\n\n\n<p>O Comsefaz foi representado pelo presidente Fl\u00e1vio C\u00e9sar e pelo diretor institucional Andr\u00e9 Horta.<\/p>\n\n\n\n<p><em>\u201cO Comsefaz acompanha com interesse todos os projetos que buscam melhorar a justi\u00e7a fiscal no Brasil. Os Estados esperam que a proposta do governo federal seja bem analisada pelos nossos deputados e senadores para que, quando o projeto voltar \u00e0 san\u00e7\u00e3o presidencial, atenda principalmente aos interesses da parcela da sociedade que mais precisa\u201d,<\/em> destacou o presidente do Comsefaz.<\/p>\n\n\n\n<p>O projeto de lei foi enviado ao Congresso Nacional e ser\u00e1 apreciado e votado tanto pela C\u00e2mara como pelo Senado para depois voltar \u00e0 san\u00e7\u00e3o da presid\u00eancia da Rep\u00fablica.<\/p>\n\n\n\n<p>A expectativa do Governo Federal \u00e9 de que, com a mudan\u00e7a na legisla\u00e7\u00e3o, 10 milh\u00f5es de brasileiros deixem de pagar Imposto de Renda. Ainda segundo dados divulgados pelo Minist\u00e9rio da Fazenda, 9 em cada 10 brasileiros que pagam Imposto de Renda ter\u00e3o isen\u00e7\u00e3o total ou parcial.<\/p>\n\n\n\n<p>O presidente Lula ressaltou o car\u00e1ter neutro do projeto, j\u00e1 que n\u00e3o haver\u00e1 aumento da carga tribut\u00e1ria para o pa\u00eds:<\/p>\n\n\n\n<p><em>&#8220;Quando a gente manda um projeto para o Congresso, esse projeto n\u00e3o \u00e9 mais do governo, passa a ser do Congresso. E se for melhorar, \u00f3timo. Piorar, jamais. Esse projeto \u00e9 neutro, ou seja, n\u00e3o amplia em um centavo a carga tribut\u00e1ria brasileira. N\u00f3s estamos falando de 141 mil brasileiros que passar\u00e3o a contribuir para que 10 milh\u00f5es n\u00e3o paguem imposto de renda. N\u00e3o vai machucar ningu\u00e9m&#8221;, <\/em>defendeu o presidente da Rep\u00fablica.<\/p>\n\n\n\n<p>O ministro da Fazenda, Fernando Haddad, classificou o projeto de lei como \u201c<em>a primeira reforma da renda do Brasil<\/em>\u201d e lembrou que, ao mesmo tempo em que o Brasil \u00e9 tratado como uma das 10 maiores economias do mundo, tamb\u00e9m \u00e9 visto como uma das na\u00e7\u00f5es mais desiguais do planeta:<\/p>\n\n\n\n<p><em>&#8220;O que o presidente Lula est\u00e1 pedindo ao Congresso, com esse projeto, \u00e9 que seja considerada a neutralidade fiscal e a justi\u00e7a social. \u00c9 um projeto que busca fazer justi\u00e7a&#8221;, <\/em>diz Haddad, ao explicar que apenas de pessoas de alta renda que n\u00e3o chegam a pagar 10% de imposto ser\u00e1 exigida a complementa\u00e7\u00e3o para que seja atingido esse patamar.<\/p>\n\n\n\n<p><strong>Agenda do presidente do Comsefaz em Bras\u00edlia<\/strong><\/p>\n\n\n\n<p>O presidente Fl\u00e1vio C\u00e9sar cumpriu uma agenda intensa em Bras\u00edlia nesta ter\u00e7a-feira (18). Al\u00e9m da participa\u00e7\u00e3o na solenidade no Pal\u00e1cio do Planalto, as atividades inclu\u00edram despachos administrativos na sede do Comsefaz e uma reuni\u00e3o no Conselho Nacional de Justi\u00e7a (CNJ).<\/p>\n\n\n\n<p>Ainda na parte da manh\u00e3, Fl\u00e1vio C\u00e9sar participou da reuni\u00e3o de abertura da Rede Nacional de Tratamento Adequado da Alta Litigiosidade do Contencioso Tribut\u00e1rio, promovida pelo CNJ. O convite para integrar o colegiado foi formalizado por meio do Of\u00edcio n\u00b0 166\/2025\/SG. O grupo tem o objetivo de desenvolver estrat\u00e9gias para reduzir a litigiosidade tribut\u00e1ria no pa\u00eds e aprimorar a seguran\u00e7a jur\u00eddica no setor.<\/p>\n\n\n\n<p>A reuni\u00e3o, realizada na sede do CNJ em formato h\u00edbrido, contou com a presen\u00e7a de representantes da administra\u00e7\u00e3o tribut\u00e1ria e do judici\u00e1rio, que discutiram medidas para a resolu\u00e7\u00e3o mais eficiente de disputas fiscais e a ado\u00e7\u00e3o de boas pr\u00e1ticas na rela\u00e7\u00e3o entre o fisco e os contribuintes.<\/p>\n\n\n\n<p>Ap\u00f3s a cerim\u00f4nia de assinatura do projeto de lei, o presidente do Comsefaz retornou \u00e0 sede do Comit\u00ea para despachos administrativos, onde tratou de pautas estrat\u00e9gicas relacionadas \u00e0 gest\u00e3o tribut\u00e1ria estadual e \u00e0 coopera\u00e7\u00e3o entre os estados na implementa\u00e7\u00e3o da reforma tribut\u00e1ria.<\/p>\n\n\n\n<p>A agenda do presidente do Comsefaz em Bras\u00edlia refor\u00e7a o compromisso da entidade com o aprimoramento da gest\u00e3o fiscal e a busca por solu\u00e7\u00f5es que promovam um ambiente tribut\u00e1rio mais equilibrado e eficiente para os estados e o Distrito Federal.<\/p>\n\n\n\n<p><\/p>\n\n\n\n<figure class=\"wp-block-gallery has-nested-images columns-default is-cropped wp-block-gallery-1 is-layout-flex wp-block-gallery-is-layout-flex\"><\/figure>\n\n\n\n<figure class=\"wp-block-gallery has-nested-images columns-default is-cropped wp-block-gallery-2 is-layout-flex wp-block-gallery-is-layout-flex\">\n<figure class=\"wp-block-image size-large\"><img fetchpriority=\"high\" decoding=\"async\" width=\"1024\" height=\"682\" data-id=\"12828\" src=\"https:\/\/comsefaz.org.br\/novo\/wp-content\/uploads\/2025\/03\/Imagem-do-WhatsApp-de-2025-03-18-as-15.38.21_ecc4f709-1024x682.jpg\" alt=\"\" class=\"wp-image-12828\" srcset=\"https:\/\/comsefaz.org.br\/novo\/wp-content\/uploads\/2025\/03\/Imagem-do-WhatsApp-de-2025-03-18-as-15.38.21_ecc4f709-1024x682.jpg 1024w, https:\/\/comsefaz.org.br\/novo\/wp-content\/uploads\/2025\/03\/Imagem-do-WhatsApp-de-2025-03-18-as-15.38.21_ecc4f709-300x200.jpg 300w, https:\/\/comsefaz.org.br\/novo\/wp-content\/uploads\/2025\/03\/Imagem-do-WhatsApp-de-2025-03-18-as-15.38.21_ecc4f709-768x512.jpg 768w, https:\/\/comsefaz.org.br\/novo\/wp-content\/uploads\/2025\/03\/Imagem-do-WhatsApp-de-2025-03-18-as-15.38.21_ecc4f709.jpg 1280w\" sizes=\"(max-width: 1024px) 100vw, 1024px\" \/><\/figure>\n\n\n\n<figure class=\"wp-block-image size-large\"><img decoding=\"async\" width=\"1024\" height=\"577\" data-id=\"12830\" src=\"https:\/\/comsefaz.org.br\/novo\/wp-content\/uploads\/2025\/03\/Imagem-do-WhatsApp-de-2025-03-18-as-12.05.56_1e95b17c-1024x577.jpg\" alt=\"\" class=\"wp-image-12830\" srcset=\"https:\/\/comsefaz.org.br\/novo\/wp-content\/uploads\/2025\/03\/Imagem-do-WhatsApp-de-2025-03-18-as-12.05.56_1e95b17c-1024x577.jpg 1024w, https:\/\/comsefaz.org.br\/novo\/wp-content\/uploads\/2025\/03\/Imagem-do-WhatsApp-de-2025-03-18-as-12.05.56_1e95b17c-300x169.jpg 300w, https:\/\/comsefaz.org.br\/novo\/wp-content\/uploads\/2025\/03\/Imagem-do-WhatsApp-de-2025-03-18-as-12.05.56_1e95b17c-768x432.jpg 768w, https:\/\/comsefaz.org.br\/novo\/wp-content\/uploads\/2025\/03\/Imagem-do-WhatsApp-de-2025-03-18-as-12.05.56_1e95b17c-1536x865.jpg 1536w, https:\/\/comsefaz.org.br\/novo\/wp-content\/uploads\/2025\/03\/Imagem-do-WhatsApp-de-2025-03-18-as-12.05.56_1e95b17c-2048x1153.jpg 2048w\" sizes=\"(max-width: 1024px) 100vw, 1024px\" \/><\/figure>\n\n\n\n<figure class=\"wp-block-image size-large\"><img decoding=\"async\" width=\"1024\" height=\"577\" data-id=\"12831\" src=\"https:\/\/comsefaz.org.br\/novo\/wp-content\/uploads\/2025\/03\/Imagem-do-WhatsApp-de-2025-03-18-as-11.08.46_6d2b376b-1024x577.jpg\" alt=\"\" class=\"wp-image-12831\" srcset=\"https:\/\/comsefaz.org.br\/novo\/wp-content\/uploads\/2025\/03\/Imagem-do-WhatsApp-de-2025-03-18-as-11.08.46_6d2b376b-1024x577.jpg 1024w, https:\/\/comsefaz.org.br\/novo\/wp-content\/uploads\/2025\/03\/Imagem-do-WhatsApp-de-2025-03-18-as-11.08.46_6d2b376b-300x169.jpg 300w, https:\/\/comsefaz.org.br\/novo\/wp-content\/uploads\/2025\/03\/Imagem-do-WhatsApp-de-2025-03-18-as-11.08.46_6d2b376b-768x432.jpg 768w, https:\/\/comsefaz.org.br\/novo\/wp-content\/uploads\/2025\/03\/Imagem-do-WhatsApp-de-2025-03-18-as-11.08.46_6d2b376b-1536x865.jpg 1536w, https:\/\/comsefaz.org.br\/novo\/wp-content\/uploads\/2025\/03\/Imagem-do-WhatsApp-de-2025-03-18-as-11.08.46_6d2b376b-2048x1153.jpg 2048w\" sizes=\"(max-width: 1024px) 100vw, 1024px\" \/><\/figure>\n\n\n\n<figure class=\"wp-block-image size-large\"><img loading=\"lazy\" decoding=\"async\" width=\"1024\" height=\"577\" data-id=\"12829\" src=\"https:\/\/comsefaz.org.br\/novo\/wp-content\/uploads\/2025\/03\/Imagem-do-WhatsApp-de-2025-03-18-as-11.08.45_2a9604b1-1024x577.jpg\" alt=\"\" class=\"wp-image-12829\" srcset=\"https:\/\/comsefaz.org.br\/novo\/wp-content\/uploads\/2025\/03\/Imagem-do-WhatsApp-de-2025-03-18-as-11.08.45_2a9604b1-1024x577.jpg 1024w, https:\/\/comsefaz.org.br\/novo\/wp-content\/uploads\/2025\/03\/Imagem-do-WhatsApp-de-2025-03-18-as-11.08.45_2a9604b1-300x169.jpg 300w, https:\/\/comsefaz.org.br\/novo\/wp-content\/uploads\/2025\/03\/Imagem-do-WhatsApp-de-2025-03-18-as-11.08.45_2a9604b1-768x432.jpg 768w, https:\/\/comsefaz.org.br\/novo\/wp-content\/uploads\/2025\/03\/Imagem-do-WhatsApp-de-2025-03-18-as-11.08.45_2a9604b1-1536x865.jpg 1536w, https:\/\/comsefaz.org.br\/novo\/wp-content\/uploads\/2025\/03\/Imagem-do-WhatsApp-de-2025-03-18-as-11.08.45_2a9604b1-2048x1153.jpg 2048w\" sizes=\"(max-width: 1024px) 100vw, 1024px\" \/><\/figure>\n\n\n\n<figure class=\"wp-block-image size-large\"><img loading=\"lazy\" decoding=\"async\" width=\"768\" height=\"1024\" data-id=\"12832\" src=\"https:\/\/comsefaz.org.br\/novo\/wp-content\/uploads\/2025\/03\/Imagem-do-WhatsApp-de-2025-03-18-as-15.09.54_3f09fc22-768x1024.jpg\" alt=\"\" class=\"wp-image-12832\" srcset=\"https:\/\/comsefaz.org.br\/novo\/wp-content\/uploads\/2025\/03\/Imagem-do-WhatsApp-de-2025-03-18-as-15.09.54_3f09fc22-768x1024.jpg 768w, https:\/\/comsefaz.org.br\/novo\/wp-content\/uploads\/2025\/03\/Imagem-do-WhatsApp-de-2025-03-18-as-15.09.54_3f09fc22-225x300.jpg 225w, https:\/\/comsefaz.org.br\/novo\/wp-content\/uploads\/2025\/03\/Imagem-do-WhatsApp-de-2025-03-18-as-15.09.54_3f09fc22-1152x1536.jpg 1152w, https:\/\/comsefaz.org.br\/novo\/wp-content\/uploads\/2025\/03\/Imagem-do-WhatsApp-de-2025-03-18-as-15.09.54_3f09fc22-1536x2048.jpg 1536w, https:\/\/comsefaz.org.br\/novo\/wp-content\/uploads\/2025\/03\/Imagem-do-WhatsApp-de-2025-03-18-as-15.09.54_3f09fc22-scaled.jpg 1920w\" sizes=\"(max-width: 768px) 100vw, 768px\" \/><\/figure>\n<\/figure>\n","protected":false},"excerpt":{"rendered":"<p>O presidente do Comsefaz, Fl\u00e1vio C\u00e9sar, participou, nesta ter\u00e7a-feira (18), da cerim\u00f4nia de assinatura do projeto de lei que prev\u00ea isen\u00e7\u00e3o de Imposto de Renda, a partir de 2026, para [&hellip;]<\/p>\n","protected":false},"author":2,"featured_media":12827,"comment_status":"closed","ping_status":"closed","sticky":false,"template":"","format":"standard","meta":{"_acf_changed":false,"om_disable_all_campaigns":false,"_monsterinsights_skip_tracking":false,"_monsterinsights_sitenote_active":false,"_monsterinsights_sitenote_note":"","_monsterinsights_sitenote_category":0,"_EventAllDay":false,"_EventTimezone":"","_EventStartDate":"","_EventEndDate":"","_EventStartDateUTC":"","_EventEndDateUTC":"","_EventShowMap":false,"_EventShowMapLink":false,"_EventURL":"","_EventCost":"","_EventCostDescription":"","_EventCurrencySymbol":"","_EventCurrencyCode":"","_EventCurrencyPosition":"","_EventDateTimeSeparator":"","_EventTimeRangeSeparator":"","_EventOrganizerID":[],"_EventVenueID":[],"_OrganizerEmail":"","_OrganizerPhone":"","_OrganizerWebsite":"","_VenueAddress":"","_VenueCity":"","_VenueCountry":"","_VenueProvince":"","_VenueState":"","_VenueZip":"","_VenuePhone":"","_VenueURL":"","_VenueStateProvince":"","_VenueLat":"","_VenueLng":"","_VenueShowMap":false,"_VenueShowMapLink":false,"_jetpack_memberships_contains_paid_content":false,"footnotes":""},"categories":[10],"tags":[37,65,243,244],"class_list":["post-12826","post","type-post","status-publish","format-standard","has-post-thumbnail","hentry","category-noticias","tag-comsefaz","tag-forum-de-secretarios","tag-governo-federal","tag-palacio-do-planalto"],"acf":[],"aioseo_notices":[],"jetpack_featured_media_url":"https:\/\/comsefaz.org.br\/novo\/wp-content\/uploads\/2025\/03\/Imagem-do-WhatsApp-de-2025-03-18-as-18.00.08_fad0ca89.jpg_2-scaled.jpg","jetpack_sharing_enabled":true,"_links":{"self":[{"href":"https:\/\/comsefaz.org.br\/novo\/wp-json\/wp\/v2\/posts\/12826","targetHints":{"allow":["GET"]}}],"collection":[{"href":"https:\/\/comsefaz.org.br\/novo\/wp-json\/wp\/v2\/posts"}],"about":[{"href":"https:\/\/comsefaz.org.br\/novo\/wp-json\/wp\/v2\/types\/post"}],"author":[{"embeddable":true,"href":"https:\/\/comsefaz.org.br\/novo\/wp-json\/wp\/v2\/users\/2"}],"replies":[{"embeddable":true,"href":"https:\/\/comsefaz.org.br\/novo\/wp-json\/wp\/v2\/comments?post=12826"}],"version-history":[{"count":2,"href":"https:\/\/comsefaz.org.br\/novo\/wp-json\/wp\/v2\/posts\/12826\/revisions"}],"predecessor-version":[{"id":12835,"href":"https:\/\/comsefaz.org.br\/novo\/wp-json\/wp\/v2\/posts\/12826\/revisions\/12835"}],"wp:featuredmedia":[{"embeddable":true,"href":"https:\/\/comsefaz.org.br\/novo\/wp-json\/wp\/v2\/media\/12827"}],"wp:attachment":[{"href":"https:\/\/comsefaz.org.br\/novo\/wp-json\/wp\/v2\/media?parent=12826"}],"wp:term":[{"taxonomy":"category","embeddable":true,"href":"https:\/\/comsefaz.org.br\/novo\/wp-json\/wp\/v2\/categories?post=12826"},{"taxonomy":"post_tag","embeddable":true,"href":"https:\/\/comsefaz.org.br\/novo\/wp-json\/wp\/v2\/tags?post=12826"}],"curies":[{"name":"wp","href":"https:\/\/api.w.org\/{rel}","templated":true}]}}