{"id":1287,"date":"2020-10-05T22:18:23","date_gmt":"2020-10-06T01:18:23","guid":{"rendered":"http:\/\/comsefaz.org.br\/?p=1287"},"modified":"2020-10-05T22:18:23","modified_gmt":"2020-10-06T01:18:23","slug":"comissao-mista-realiza-audiencia-publica-para-discutir-propostas-da-reforma-tributaria","status":"publish","type":"post","link":"https:\/\/comsefaz.org.br\/novo\/comissao-mista-realiza-audiencia-publica-para-discutir-propostas-da-reforma-tributaria\/","title":{"rendered":"Comiss\u00e3o Mista realiza audi\u00eancia p\u00fablica para discutir propostas da Reforma Tribut\u00e1ria"},"content":{"rendered":"\n<p class=\"wp-block-paragraph\">A Comiss\u00e3o Mista da Reforma Tribut\u00e1ria realizou nesta segunda-feira (5) audi\u00eancia p\u00fablica para debater as propostas de Reforma Tribut\u00e1ria em tramita\u00e7\u00e3o na C\u00e2mara e no Senado. O debate, por meio de videoconfer\u00eancia, contou com a participa\u00e7\u00e3o de senadores e deputados, representantes do governo, dos estados e dos munic\u00edpios, e dos idealizadores das PECs 45\/2019 e 110\/2019. <\/p>\n\n\n\n<p class=\"wp-block-paragraph\">Todos\nos debatedores destacaram a necessidade urgente da Reforma Tribut\u00e1ria e sua\nimport\u00e2ncia para o pa\u00eds, e apontaram as vantagens e benef\u00edcios das propostas\nque defendem ou re\u00fanem o pensamento das entidades que representam. O debate foi\naberto pelo presidente da Comiss\u00e3o Mista, senador Roberto Rocha (PSDB-MA). <\/p>\n\n\n\n<p class=\"wp-block-paragraph\">Representando\no Comsefaz (Comit\u00ea Nacional de Secret\u00e1rios de Fazenda, Finan\u00e7as, Receita ou\nTributa\u00e7\u00e3o dos Estados e do Distrito Federal), o secret\u00e1rio de Fazenda de\nPernambuco, D\u00e9cio Padilha, destacou os eixos principais da proposta elaborada\npelos secret\u00e1rios estaduais de Fazenda e apoiada pelos 27 governadores dos\nestados e do DF. <\/p>\n\n\n\n<p class=\"wp-block-paragraph\">Ele\nenfatizou que a proposta, consolidada na Emenda Constitucional n\u00ba 192\/2019,\npadroniza e simplifica o sistema tribut\u00e1rio, combate a regressividade, melhora\no ambiente de neg\u00f3cios do pa\u00eds, acaba com a guerra fiscal e a inseguran\u00e7a\njur\u00eddica e tributa a economia digital, juntando bens e servi\u00e7os na mesma\ntributa\u00e7\u00e3o, para ter um fato gerador amplo. <\/p>\n\n\n\n<p class=\"wp-block-paragraph\">D\u00e9cio\nreafirmou a posi\u00e7\u00e3o dos estados quanto \u00e0 import\u00e2ncia do Fundo de\nDesenvolvimento Regional e do Fundo de Incentivo \u00e0s Exporta\u00e7\u00f5es, previstos na\nproposta do Comsefaz. \u201cA cria\u00e7\u00e3o dos Fundos \u00e9 imprescind\u00edvel para os estados,\nporque evita perdas com a transi\u00e7\u00e3o do imposto da origem para o destino e com a\ndesonera\u00e7\u00e3o das exporta\u00e7\u00f5es, e assegura incentivos ao desenvolvimento das\nregi\u00f5es menos desenvolvidas\u201d, explicou. <\/p>\n\n\n\n<p class=\"wp-block-paragraph\">O\ndeputado federal Aguinaldo Ribeiro, relator da PEC 45\/2019 e da Comiss\u00e3o Mista,\ndisse que a reforma \u00e9 urgente e necess\u00e1ria, e que o pa\u00eds precisa deixar de lado\nas desculpas para n\u00e3o faz\u00ea-la. \u201cPrecisamos ter a coragem de avan\u00e7ar num momento\nt\u00e3o importante para o pa\u00eds. E hoje temos mais converg\u00eancia do que diverg\u00eancia.\nN\u00e3o \u00e9 para atender interesses espec\u00edficos, \u00e9 o momento de ter uma proposta que\natenda ao Brasil, com justi\u00e7a tribut\u00e1ria, progressividade, transpar\u00eancia.\nPrecisamos ter esp\u00edrito p\u00fablico. Ser\u00e1 boa para todos\u201d, conclamou.<\/p>\n\n\n\n<p class=\"wp-block-paragraph\">Aguinaldo\nlembrou que o pa\u00eds discute a reforma h\u00e1 mais de 30 anos, \u201cmas s\u00f3 temos feito\narremedos, e estamos cada vez mais perdendo competitividade\u201d. Tamb\u00e9m\nparticiparam do debate o secret\u00e1rio especial da Receita Federal, Jos\u00e9 Barroso\nTostes Neto; a assessora especial do Minist\u00e9rio da Economia, Vanessa Canado; o\ndiretor do Centro de Cidadania Fiscal (CCif), Bernard Appy, autor intelectual\nda PEC 45; o economista e ex-deputado Lu\u00eds Carlos Hauly, mentor da PEC\n110\/2019; e o auditor\nfiscal da Secretaria Municipal da Fazenda de S\u00e3o Paulo, Alberto Macedo, que\ndefendeu a proposta apoiada por v\u00e1rias capitais do pa\u00eds.<\/p>\n\n\n\n<p class=\"wp-block-paragraph\">Foi\na \u00faltima audi\u00eancia p\u00fablica da Comiss\u00e3o Mista antes da apresenta\u00e7\u00e3o do relat\u00f3rio\ndo deputado Aguinaldo Ribeiro, relator da PEC 45. A Comiss\u00e3o vai agora marcar a\ndata para leitura e vota\u00e7\u00e3o do relat\u00f3rio. <\/p>\n","protected":false},"excerpt":{"rendered":"<p>A Comiss\u00e3o Mista da Reforma Tribut\u00e1ria realizou nesta segunda-feira (5) audi\u00eancia p\u00fablica para debater as propostas de Reforma Tribut\u00e1ria em tramita\u00e7\u00e3o na C\u00e2mara e no Senado. O debate, por meio [&hellip;]<\/p>\n","protected":false},"author":2,"featured_media":1288,"comment_status":"open","ping_status":"open","sticky":false,"template":"","format":"standard","meta":{"_acf_changed":false,"om_disable_all_campaigns":false,"_monsterinsights_skip_tracking":false,"_EventAllDay":false,"_EventTimezone":"","_EventStartDate":"","_EventEndDate":"","_EventStartDateUTC":"","_EventEndDateUTC":"","_EventShowMap":false,"_EventShowMapLink":false,"_EventURL":"","_EventCost":"","_EventCostDescription":"","_EventCurrencySymbol":"","_EventCurrencyCode":"","_EventCurrencyPosition":"","_EventDateTimeSeparator":"","_EventTimeRangeSeparator":"","_EventOrganizerID":[],"_EventVenueID":[],"_OrganizerEmail":"","_OrganizerPhone":"","_OrganizerWebsite":"","_VenueAddress":"","_VenueCity":"","_VenueCountry":"","_VenueProvince":"","_VenueState":"","_VenueZip":"","_VenuePhone":"","_VenueURL":"","_VenueStateProvince":"","_VenueLat":"","_VenueLng":"","_VenueShowMap":false,"_VenueShowMapLink":false,"_jetpack_newsletter_access":"","_jetpack_dont_email_post_to_subs":false,"_jetpack_newsletter_tier_id":0,"_jetpack_memberships_contains_paywalled_content":false,"_jetpack_memberships_contains_paid_content":false,"footnotes":""},"categories":[10],"tags":[39],"class_list":["post-1287","post","type-post","status-publish","format-standard","has-post-thumbnail","hentry","category-noticias","tag-congresso-nacional"],"acf":[],"aioseo_notices":[],"aioseo_head":"\n\t\t<!-- All in One SEO 5.0.1.1 - aioseo.com -->\n\t<meta name=\"description\" content=\"A Comiss\u00e3o Mista da Reforma Tribut\u00e1ria realizou nesta segunda-feira (5) audi\u00eancia p\u00fablica para debater as propostas de Reforma Tribut\u00e1ria em tramita\u00e7\u00e3o na C\u00e2mara e no Senado. O debate, por meio de videoconfer\u00eancia, contou com a participa\u00e7\u00e3o de senadores e deputados, representantes do governo, dos estados e dos munic\u00edpios, e dos idealizadores das PECs 45\/2019 e\" \/>\n\t<meta name=\"robots\" content=\"max-image-preview:large\" \/>\n\t<meta name=\"author\" content=\"comsefaz\"\/>\n\t<link rel=\"canonical\" href=\"https:\/\/comsefaz.org.br\/novo\/comissao-mista-realiza-audiencia-publica-para-discutir-propostas-da-reforma-tributaria\/\" \/>\n\t<meta name=\"generator\" content=\"All in One SEO (AIOSEO) 5.0.1.1\" \/>\n\t\t<meta property=\"og:locale\" content=\"pt_BR\" \/>\n\t\t<meta property=\"og:site_name\" content=\"Comsefaz - Comit\u00ea Nacional de Secret\u00e1rios da Fazenda, Finan\u00e7as, Receitas ou Tributa\u00e7\u00e3o dos Estados  e Distrito Federal\" \/>\n\t\t<meta property=\"og:type\" content=\"article\" \/>\n\t\t<meta property=\"og:title\" content=\"Comiss\u00e3o Mista realiza audi\u00eancia p\u00fablica para discutir propostas da Reforma Tribut\u00e1ria - Comsefaz\" \/>\n\t\t<meta property=\"og:description\" content=\"A Comiss\u00e3o Mista da Reforma Tribut\u00e1ria realizou nesta segunda-feira (5) audi\u00eancia p\u00fablica para debater as propostas de Reforma Tribut\u00e1ria em tramita\u00e7\u00e3o na C\u00e2mara e no Senado. O debate, por meio de videoconfer\u00eancia, contou com a participa\u00e7\u00e3o de senadores e deputados, representantes do governo, dos estados e dos munic\u00edpios, e dos idealizadores das PECs 45\/2019 e\" \/>\n\t\t<meta property=\"og:url\" content=\"https:\/\/comsefaz.org.br\/novo\/comissao-mista-realiza-audiencia-publica-para-discutir-propostas-da-reforma-tributaria\/\" \/>\n\t\t<meta property=\"og:image\" content=\"https:\/\/comsefaz.org.br\/novo\/wp-content\/uploads\/2022\/05\/marca_prioritaria_cor.svg\" \/>\n\t\t<meta property=\"og:image:secure_url\" content=\"https:\/\/comsefaz.org.br\/novo\/wp-content\/uploads\/2022\/05\/marca_prioritaria_cor.svg\" \/>\n\t\t<meta property=\"article:published_time\" content=\"2020-10-06T01:18:23+00:00\" \/>\n\t\t<meta property=\"article:modified_time\" content=\"2020-10-06T01:18:23+00:00\" \/>\n\t\t<meta name=\"twitter:card\" content=\"summary\" \/>\n\t\t<meta name=\"twitter:title\" content=\"Comiss\u00e3o Mista realiza audi\u00eancia p\u00fablica para discutir propostas da Reforma Tribut\u00e1ria - Comsefaz\" \/>\n\t\t<meta name=\"twitter:description\" content=\"A Comiss\u00e3o Mista da Reforma Tribut\u00e1ria realizou nesta segunda-feira (5) audi\u00eancia p\u00fablica para debater as propostas de Reforma Tribut\u00e1ria em tramita\u00e7\u00e3o na C\u00e2mara e no Senado. O debate, por meio de videoconfer\u00eancia, contou com a participa\u00e7\u00e3o de senadores e deputados, representantes do governo, dos estados e dos munic\u00edpios, e dos idealizadores das PECs 45\/2019 e\" \/>\n\t\t<meta name=\"twitter:image\" content=\"https:\/\/comsefaz.org.br\/novo\/wp-content\/uploads\/2022\/05\/marca_prioritaria_cor.svg\" \/>\n\t\t<script type=\"application\/ld+json\" class=\"aioseo-schema\">\n\t\t\t{\"@context\":\"https:\\\/\\\/schema.org\",\"@graph\":[{\"@type\":\"BlogPosting\",\"@id\":\"https:\\\/\\\/comsefaz.org.br\\\/novo\\\/comissao-mista-realiza-audiencia-publica-para-discutir-propostas-da-reforma-tributaria\\\/#blogposting\",\"name\":\"Comiss\\u00e3o Mista realiza audi\\u00eancia p\\u00fablica para discutir propostas da Reforma Tribut\\u00e1ria - Comsefaz\",\"headline\":\"Comiss\\u00e3o Mista realiza audi\\u00eancia p\\u00fablica para discutir propostas da Reforma Tribut\\u00e1ria\",\"author\":{\"@id\":\"https:\\\/\\\/comsefaz.org.br\\\/novo\\\/author\\\/comsefaz\\\/#author\"},\"publisher\":{\"@id\":\"https:\\\/\\\/comsefaz.org.br\\\/novo\\\/#organization\"},\"image\":{\"@type\":\"ImageObject\",\"url\":\"https:\\\/\\\/comsefaz.org.br\\\/novo\\\/wp-content\\\/uploads\\\/2020\\\/10\\\/Audiencia-Publica-CMRT-051020.png\",\"width\":1115,\"height\":632},\"datePublished\":\"2020-10-05T22:18:23-03:00\",\"dateModified\":\"2020-10-05T22:18:23-03:00\",\"inLanguage\":\"pt-BR\",\"mainEntityOfPage\":{\"@id\":\"https:\\\/\\\/comsefaz.org.br\\\/novo\\\/comissao-mista-realiza-audiencia-publica-para-discutir-propostas-da-reforma-tributaria\\\/#webpage\"},\"isPartOf\":{\"@id\":\"https:\\\/\\\/comsefaz.org.br\\\/novo\\\/comissao-mista-realiza-audiencia-publica-para-discutir-propostas-da-reforma-tributaria\\\/#webpage\"},\"articleSection\":\"Not\\u00edcias, CONGRESSO NACIONAL\"},{\"@type\":\"BreadcrumbList\",\"@id\":\"https:\\\/\\\/comsefaz.org.br\\\/novo\\\/comissao-mista-realiza-audiencia-publica-para-discutir-propostas-da-reforma-tributaria\\\/#breadcrumblist\",\"itemListElement\":[{\"@type\":\"ListItem\",\"@id\":\"https:\\\/\\\/comsefaz.org.br\\\/novo#listItem\",\"position\":1,\"name\":\"Home\",\"item\":\"https:\\\/\\\/comsefaz.org.br\\\/novo\",\"nextItem\":{\"@type\":\"ListItem\",\"@id\":\"https:\\\/\\\/comsefaz.org.br\\\/novo\\\/category\\\/noticias\\\/#listItem\",\"name\":\"Not\\u00edcias\"}},{\"@type\":\"ListItem\",\"@id\":\"https:\\\/\\\/comsefaz.org.br\\\/novo\\\/category\\\/noticias\\\/#listItem\",\"position\":2,\"name\":\"Not\\u00edcias\",\"item\":\"https:\\\/\\\/comsefaz.org.br\\\/novo\\\/category\\\/noticias\\\/\",\"nextItem\":{\"@type\":\"ListItem\",\"@id\":\"https:\\\/\\\/comsefaz.org.br\\\/novo\\\/comissao-mista-realiza-audiencia-publica-para-discutir-propostas-da-reforma-tributaria\\\/#listItem\",\"name\":\"Comiss\\u00e3o Mista realiza audi\\u00eancia p\\u00fablica para discutir propostas da Reforma Tribut\\u00e1ria\"},\"previousItem\":{\"@type\":\"ListItem\",\"@id\":\"https:\\\/\\\/comsefaz.org.br\\\/novo#listItem\",\"name\":\"Home\"}},{\"@type\":\"ListItem\",\"@id\":\"https:\\\/\\\/comsefaz.org.br\\\/novo\\\/comissao-mista-realiza-audiencia-publica-para-discutir-propostas-da-reforma-tributaria\\\/#listItem\",\"position\":3,\"name\":\"Comiss\\u00e3o Mista realiza audi\\u00eancia p\\u00fablica para discutir propostas da Reforma Tribut\\u00e1ria\",\"previousItem\":{\"@type\":\"ListItem\",\"@id\":\"https:\\\/\\\/comsefaz.org.br\\\/novo\\\/category\\\/noticias\\\/#listItem\",\"name\":\"Not\\u00edcias\"}}]},{\"@type\":\"Organization\",\"@id\":\"https:\\\/\\\/comsefaz.org.br\\\/novo\\\/#organization\",\"name\":\"Comsefaz\",\"description\":\"Comit\\u00ea Nacional de Secret\\u00e1rios da Fazenda, Finan\\u00e7as, Receitas ou Tributa\\u00e7\\u00e3o dos Estados  e Distrito Federal\",\"url\":\"https:\\\/\\\/comsefaz.org.br\\\/novo\\\/\",\"logo\":{\"@type\":\"ImageObject\",\"url\":\"https:\\\/\\\/comsefaz.org.br\\\/novo\\\/wp-content\\\/uploads\\\/2022\\\/05\\\/comsefaz.png\",\"@id\":\"https:\\\/\\\/comsefaz.org.br\\\/novo\\\/comissao-mista-realiza-audiencia-publica-para-discutir-propostas-da-reforma-tributaria\\\/#organizationLogo\"},\"image\":{\"@id\":\"https:\\\/\\\/comsefaz.org.br\\\/novo\\\/comissao-mista-realiza-audiencia-publica-para-discutir-propostas-da-reforma-tributaria\\\/#organizationLogo\"}},{\"@type\":\"Person\",\"@id\":\"https:\\\/\\\/comsefaz.org.br\\\/novo\\\/author\\\/comsefaz\\\/#author\",\"url\":\"https:\\\/\\\/comsefaz.org.br\\\/novo\\\/author\\\/comsefaz\\\/\",\"name\":\"comsefaz\",\"image\":{\"@type\":\"ImageObject\",\"@id\":\"https:\\\/\\\/comsefaz.org.br\\\/novo\\\/comissao-mista-realiza-audiencia-publica-para-discutir-propostas-da-reforma-tributaria\\\/#authorImage\",\"url\":\"https:\\\/\\\/secure.gravatar.com\\\/avatar\\\/263d9be0bb4e1bc8dba724a209da0b12caf474b441e176758b8903eee3938b84?s=96&d=mm&r=g\",\"width\":96,\"height\":96,\"caption\":\"comsefaz\"}},{\"@type\":\"WebPage\",\"@id\":\"https:\\\/\\\/comsefaz.org.br\\\/novo\\\/comissao-mista-realiza-audiencia-publica-para-discutir-propostas-da-reforma-tributaria\\\/#webpage\",\"url\":\"https:\\\/\\\/comsefaz.org.br\\\/novo\\\/comissao-mista-realiza-audiencia-publica-para-discutir-propostas-da-reforma-tributaria\\\/\",\"name\":\"Comiss\\u00e3o Mista realiza audi\\u00eancia p\\u00fablica para discutir propostas da Reforma Tribut\\u00e1ria - Comsefaz\",\"description\":\"A Comiss\\u00e3o Mista da Reforma Tribut\\u00e1ria realizou nesta segunda-feira (5) audi\\u00eancia p\\u00fablica para debater as propostas de Reforma Tribut\\u00e1ria em tramita\\u00e7\\u00e3o na C\\u00e2mara e no Senado. O debate, por meio de videoconfer\\u00eancia, contou com a participa\\u00e7\\u00e3o de senadores e deputados, representantes do governo, dos estados e dos munic\\u00edpios, e dos idealizadores das PECs 45\\\/2019 e\",\"inLanguage\":\"pt-BR\",\"isPartOf\":{\"@id\":\"https:\\\/\\\/comsefaz.org.br\\\/novo\\\/#website\"},\"breadcrumb\":{\"@id\":\"https:\\\/\\\/comsefaz.org.br\\\/novo\\\/comissao-mista-realiza-audiencia-publica-para-discutir-propostas-da-reforma-tributaria\\\/#breadcrumblist\"},\"author\":{\"@id\":\"https:\\\/\\\/comsefaz.org.br\\\/novo\\\/author\\\/comsefaz\\\/#author\"},\"creator\":{\"@id\":\"https:\\\/\\\/comsefaz.org.br\\\/novo\\\/author\\\/comsefaz\\\/#author\"},\"image\":{\"@type\":\"ImageObject\",\"url\":\"https:\\\/\\\/comsefaz.org.br\\\/novo\\\/wp-content\\\/uploads\\\/2020\\\/10\\\/Audiencia-Publica-CMRT-051020.png\",\"@id\":\"https:\\\/\\\/comsefaz.org.br\\\/novo\\\/comissao-mista-realiza-audiencia-publica-para-discutir-propostas-da-reforma-tributaria\\\/#mainImage\",\"width\":1115,\"height\":632},\"primaryImageOfPage\":{\"@id\":\"https:\\\/\\\/comsefaz.org.br\\\/novo\\\/comissao-mista-realiza-audiencia-publica-para-discutir-propostas-da-reforma-tributaria\\\/#mainImage\"},\"datePublished\":\"2020-10-05T22:18:23-03:00\",\"dateModified\":\"2020-10-05T22:18:23-03:00\"},{\"@type\":\"WebSite\",\"@id\":\"https:\\\/\\\/comsefaz.org.br\\\/novo\\\/#website\",\"url\":\"https:\\\/\\\/comsefaz.org.br\\\/novo\\\/\",\"name\":\"Comsefaz\",\"description\":\"Comit\\u00ea Nacional de Secret\\u00e1rios da Fazenda, Finan\\u00e7as, Receitas ou Tributa\\u00e7\\u00e3o dos Estados  e Distrito Federal\",\"inLanguage\":\"pt-BR\",\"publisher\":{\"@id\":\"https:\\\/\\\/comsefaz.org.br\\\/novo\\\/#organization\"}}]}\n\t\t<\/script>\n\t\t<!-- All in One SEO -->\n\n","aioseo_head_json":{"title":"Comiss\u00e3o Mista realiza audi\u00eancia p\u00fablica para discutir propostas da Reforma Tribut\u00e1ria - Comsefaz","description":"A Comiss\u00e3o Mista da Reforma Tribut\u00e1ria realizou nesta segunda-feira (5) audi\u00eancia p\u00fablica para debater as propostas de Reforma Tribut\u00e1ria em tramita\u00e7\u00e3o na C\u00e2mara e no Senado. O debate, por meio de videoconfer\u00eancia, contou com a participa\u00e7\u00e3o de senadores e deputados, representantes do governo, dos estados e dos munic\u00edpios, e dos idealizadores das PECs 45\/2019 e","canonical_url":"https:\/\/comsefaz.org.br\/novo\/comissao-mista-realiza-audiencia-publica-para-discutir-propostas-da-reforma-tributaria\/","robots":"max-image-preview:large","keywords":"","webmasterTools":{"miscellaneous":""},"schema":{"@context":"https:\/\/schema.org","@graph":[{"@type":"BlogPosting","@id":"https:\/\/comsefaz.org.br\/novo\/comissao-mista-realiza-audiencia-publica-para-discutir-propostas-da-reforma-tributaria\/#blogposting","name":"Comiss\u00e3o Mista realiza audi\u00eancia p\u00fablica para discutir propostas da Reforma Tribut\u00e1ria - Comsefaz","headline":"Comiss\u00e3o Mista realiza audi\u00eancia p\u00fablica para discutir propostas da Reforma Tribut\u00e1ria","author":{"@id":"https:\/\/comsefaz.org.br\/novo\/author\/comsefaz\/#author"},"publisher":{"@id":"https:\/\/comsefaz.org.br\/novo\/#organization"},"image":{"@type":"ImageObject","url":"https:\/\/comsefaz.org.br\/novo\/wp-content\/uploads\/2020\/10\/Audiencia-Publica-CMRT-051020.png","width":1115,"height":632},"datePublished":"2020-10-05T22:18:23-03:00","dateModified":"2020-10-05T22:18:23-03:00","inLanguage":"pt-BR","mainEntityOfPage":{"@id":"https:\/\/comsefaz.org.br\/novo\/comissao-mista-realiza-audiencia-publica-para-discutir-propostas-da-reforma-tributaria\/#webpage"},"isPartOf":{"@id":"https:\/\/comsefaz.org.br\/novo\/comissao-mista-realiza-audiencia-publica-para-discutir-propostas-da-reforma-tributaria\/#webpage"},"articleSection":"Not\u00edcias, CONGRESSO NACIONAL"},{"@type":"BreadcrumbList","@id":"https:\/\/comsefaz.org.br\/novo\/comissao-mista-realiza-audiencia-publica-para-discutir-propostas-da-reforma-tributaria\/#breadcrumblist","itemListElement":[{"@type":"ListItem","@id":"https:\/\/comsefaz.org.br\/novo#listItem","position":1,"name":"Home","item":"https:\/\/comsefaz.org.br\/novo","nextItem":{"@type":"ListItem","@id":"https:\/\/comsefaz.org.br\/novo\/category\/noticias\/#listItem","name":"Not\u00edcias"}},{"@type":"ListItem","@id":"https:\/\/comsefaz.org.br\/novo\/category\/noticias\/#listItem","position":2,"name":"Not\u00edcias","item":"https:\/\/comsefaz.org.br\/novo\/category\/noticias\/","nextItem":{"@type":"ListItem","@id":"https:\/\/comsefaz.org.br\/novo\/comissao-mista-realiza-audiencia-publica-para-discutir-propostas-da-reforma-tributaria\/#listItem","name":"Comiss\u00e3o Mista realiza audi\u00eancia p\u00fablica para discutir propostas da Reforma Tribut\u00e1ria"},"previousItem":{"@type":"ListItem","@id":"https:\/\/comsefaz.org.br\/novo#listItem","name":"Home"}},{"@type":"ListItem","@id":"https:\/\/comsefaz.org.br\/novo\/comissao-mista-realiza-audiencia-publica-para-discutir-propostas-da-reforma-tributaria\/#listItem","position":3,"name":"Comiss\u00e3o Mista realiza audi\u00eancia p\u00fablica para discutir propostas da Reforma Tribut\u00e1ria","previousItem":{"@type":"ListItem","@id":"https:\/\/comsefaz.org.br\/novo\/category\/noticias\/#listItem","name":"Not\u00edcias"}}]},{"@type":"Organization","@id":"https:\/\/comsefaz.org.br\/novo\/#organization","name":"Comsefaz","description":"Comit\u00ea Nacional de Secret\u00e1rios da Fazenda, Finan\u00e7as, Receitas ou Tributa\u00e7\u00e3o dos Estados  e Distrito Federal","url":"https:\/\/comsefaz.org.br\/novo\/","logo":{"@type":"ImageObject","url":"https:\/\/comsefaz.org.br\/novo\/wp-content\/uploads\/2022\/05\/comsefaz.png","@id":"https:\/\/comsefaz.org.br\/novo\/comissao-mista-realiza-audiencia-publica-para-discutir-propostas-da-reforma-tributaria\/#organizationLogo"},"image":{"@id":"https:\/\/comsefaz.org.br\/novo\/comissao-mista-realiza-audiencia-publica-para-discutir-propostas-da-reforma-tributaria\/#organizationLogo"}},{"@type":"Person","@id":"https:\/\/comsefaz.org.br\/novo\/author\/comsefaz\/#author","url":"https:\/\/comsefaz.org.br\/novo\/author\/comsefaz\/","name":"comsefaz","image":{"@type":"ImageObject","@id":"https:\/\/comsefaz.org.br\/novo\/comissao-mista-realiza-audiencia-publica-para-discutir-propostas-da-reforma-tributaria\/#authorImage","url":"https:\/\/secure.gravatar.com\/avatar\/263d9be0bb4e1bc8dba724a209da0b12caf474b441e176758b8903eee3938b84?s=96&d=mm&r=g","width":96,"height":96,"caption":"comsefaz"}},{"@type":"WebPage","@id":"https:\/\/comsefaz.org.br\/novo\/comissao-mista-realiza-audiencia-publica-para-discutir-propostas-da-reforma-tributaria\/#webpage","url":"https:\/\/comsefaz.org.br\/novo\/comissao-mista-realiza-audiencia-publica-para-discutir-propostas-da-reforma-tributaria\/","name":"Comiss\u00e3o Mista realiza audi\u00eancia p\u00fablica para discutir propostas da Reforma Tribut\u00e1ria - Comsefaz","description":"A Comiss\u00e3o Mista da Reforma Tribut\u00e1ria realizou nesta segunda-feira (5) audi\u00eancia p\u00fablica para debater as propostas de Reforma Tribut\u00e1ria em tramita\u00e7\u00e3o na C\u00e2mara e no Senado. O debate, por meio de videoconfer\u00eancia, contou com a participa\u00e7\u00e3o de senadores e deputados, representantes do governo, dos estados e dos munic\u00edpios, e dos idealizadores das PECs 45\/2019 e","inLanguage":"pt-BR","isPartOf":{"@id":"https:\/\/comsefaz.org.br\/novo\/#website"},"breadcrumb":{"@id":"https:\/\/comsefaz.org.br\/novo\/comissao-mista-realiza-audiencia-publica-para-discutir-propostas-da-reforma-tributaria\/#breadcrumblist"},"author":{"@id":"https:\/\/comsefaz.org.br\/novo\/author\/comsefaz\/#author"},"creator":{"@id":"https:\/\/comsefaz.org.br\/novo\/author\/comsefaz\/#author"},"image":{"@type":"ImageObject","url":"https:\/\/comsefaz.org.br\/novo\/wp-content\/uploads\/2020\/10\/Audiencia-Publica-CMRT-051020.png","@id":"https:\/\/comsefaz.org.br\/novo\/comissao-mista-realiza-audiencia-publica-para-discutir-propostas-da-reforma-tributaria\/#mainImage","width":1115,"height":632},"primaryImageOfPage":{"@id":"https:\/\/comsefaz.org.br\/novo\/comissao-mista-realiza-audiencia-publica-para-discutir-propostas-da-reforma-tributaria\/#mainImage"},"datePublished":"2020-10-05T22:18:23-03:00","dateModified":"2020-10-05T22:18:23-03:00"},{"@type":"WebSite","@id":"https:\/\/comsefaz.org.br\/novo\/#website","url":"https:\/\/comsefaz.org.br\/novo\/","name":"Comsefaz","description":"Comit\u00ea Nacional de Secret\u00e1rios da Fazenda, Finan\u00e7as, Receitas ou Tributa\u00e7\u00e3o dos Estados  e Distrito Federal","inLanguage":"pt-BR","publisher":{"@id":"https:\/\/comsefaz.org.br\/novo\/#organization"}}]},"og:locale":"pt_BR","og:site_name":"Comsefaz - Comit\u00ea Nacional de Secret\u00e1rios da Fazenda, Finan\u00e7as, Receitas ou Tributa\u00e7\u00e3o dos Estados  e Distrito Federal","og:type":"article","og:title":"Comiss\u00e3o Mista realiza audi\u00eancia p\u00fablica para discutir propostas da Reforma Tribut\u00e1ria - Comsefaz","og:description":"A Comiss\u00e3o Mista da Reforma Tribut\u00e1ria realizou nesta segunda-feira (5) audi\u00eancia p\u00fablica para debater as propostas de Reforma Tribut\u00e1ria em tramita\u00e7\u00e3o na C\u00e2mara e no Senado. O debate, por meio de videoconfer\u00eancia, contou com a participa\u00e7\u00e3o de senadores e deputados, representantes do governo, dos estados e dos munic\u00edpios, e dos idealizadores das PECs 45\/2019 e","og:url":"https:\/\/comsefaz.org.br\/novo\/comissao-mista-realiza-audiencia-publica-para-discutir-propostas-da-reforma-tributaria\/","og:image":"https:\/\/comsefaz.org.br\/novo\/wp-content\/uploads\/2022\/05\/marca_prioritaria_cor.svg","og:image:secure_url":"https:\/\/comsefaz.org.br\/novo\/wp-content\/uploads\/2022\/05\/marca_prioritaria_cor.svg","article:published_time":"2020-10-06T01:18:23+00:00","article:modified_time":"2020-10-06T01:18:23+00:00","twitter:card":"summary","twitter:title":"Comiss\u00e3o Mista realiza audi\u00eancia p\u00fablica para discutir propostas da Reforma Tribut\u00e1ria - Comsefaz","twitter:description":"A Comiss\u00e3o Mista da Reforma Tribut\u00e1ria realizou nesta segunda-feira (5) audi\u00eancia p\u00fablica para debater as propostas de Reforma Tribut\u00e1ria em tramita\u00e7\u00e3o na C\u00e2mara e no Senado. O debate, por meio de videoconfer\u00eancia, contou com a participa\u00e7\u00e3o de senadores e deputados, representantes do governo, dos estados e dos munic\u00edpios, e dos idealizadores das PECs 45\/2019 e","twitter:image":"https:\/\/comsefaz.org.br\/novo\/wp-content\/uploads\/2022\/05\/marca_prioritaria_cor.svg"},"aioseo_meta_data":{"post_id":"1287","title":null,"description":null,"keywords":null,"keyphrases":null,"primary_term":null,"canonical_url":null,"og_title":null,"og_description":null,"og_object_type":"default","og_image_type":"default","og_image_url":null,"og_image_width":null,"og_image_height":null,"og_image_custom_url":null,"og_image_custom_fields":null,"og_video":null,"og_custom_url":null,"og_article_section":null,"og_article_tags":null,"twitter_use_og":false,"twitter_card":"default","twitter_image_type":"default","twitter_image_url":null,"twitter_image_custom_url":null,"twitter_image_custom_fields":null,"twitter_title":null,"twitter_description":null,"schema":{"blockGraphs":[],"customGraphs":[],"default":{"data":{"Article":[],"Course":[],"Dataset":[],"FAQPage":[],"Movie":[],"Person":[],"Product":[],"ProductReview":[],"Car":[],"Recipe":[],"Service":[],"SoftwareApplication":[],"WebPage":[]},"graphName":"","isEnabled":true},"graphs":[]},"schema_type":"default","schema_type_options":null,"pillar_content":false,"robots_default":true,"robots_noindex":false,"robots_noarchive":false,"robots_nosnippet":false,"robots_nofollow":false,"robots_noimageindex":false,"robots_noodp":false,"robots_notranslate":false,"robots_max_snippet":null,"robots_max_videopreview":null,"robots_max_imagepreview":"large","priority":null,"frequency":null,"local_seo":null,"breadcrumb_settings":null,"limit_modified_date":false,"ai":null,"created":"2023-01-08 20:08:50","updated":"2025-06-03 21:01:46","seo_analyzer_scan_date":null,"focus_keyword":null,"additional_keywords":null,"truseo_locale":null},"aioseo_breadcrumb":"<div class=\"aioseo-breadcrumbs\"><span class=\"aioseo-breadcrumb\">\n\t\t\t<a href=\"https:\/\/comsefaz.org.br\/novo\" title=\"Home\">Home<\/a>\n\t\t<\/span><span class=\"aioseo-breadcrumb-separator\">&raquo;<\/span><span class=\"aioseo-breadcrumb\">\n\t\t\t<a href=\"https:\/\/comsefaz.org.br\/novo\/category\/noticias\/\" title=\"Not\u00edcias\">Not\u00edcias<\/a>\n\t\t<\/span><span class=\"aioseo-breadcrumb-separator\">&raquo;<\/span><span class=\"aioseo-breadcrumb\">\n\t\t\tComiss\u00e3o Mista realiza audi\u00eancia p\u00fablica para discutir propostas da Reforma Tribut\u00e1ria\n\t\t<\/span><\/div>","aioseo_breadcrumb_json":[{"label":"Home","link":"https:\/\/comsefaz.org.br\/novo"},{"label":"Not\u00edcias","link":"https:\/\/comsefaz.org.br\/novo\/category\/noticias\/"},{"label":"Comiss\u00e3o Mista realiza audi\u00eancia p\u00fablica para discutir propostas da Reforma Tribut\u00e1ria","link":"https:\/\/comsefaz.org.br\/novo\/comissao-mista-realiza-audiencia-publica-para-discutir-propostas-da-reforma-tributaria\/"}],"jetpack_sharing_enabled":true,"jetpack_featured_media_url":"https:\/\/comsefaz.org.br\/novo\/wp-content\/uploads\/2020\/10\/Audiencia-Publica-CMRT-051020.png","_links":{"self":[{"href":"https:\/\/comsefaz.org.br\/novo\/wp-json\/wp\/v2\/posts\/1287","targetHints":{"allow":["GET"]}}],"collection":[{"href":"https:\/\/comsefaz.org.br\/novo\/wp-json\/wp\/v2\/posts"}],"about":[{"href":"https:\/\/comsefaz.org.br\/novo\/wp-json\/wp\/v2\/types\/post"}],"author":[{"embeddable":true,"href":"https:\/\/comsefaz.org.br\/novo\/wp-json\/wp\/v2\/users\/2"}],"replies":[{"embeddable":true,"href":"https:\/\/comsefaz.org.br\/novo\/wp-json\/wp\/v2\/comments?post=1287"}],"version-history":[{"count":0,"href":"https:\/\/comsefaz.org.br\/novo\/wp-json\/wp\/v2\/posts\/1287\/revisions"}],"wp:featuredmedia":[{"embeddable":true,"href":"https:\/\/comsefaz.org.br\/novo\/wp-json\/wp\/v2\/media\/1288"}],"wp:attachment":[{"href":"https:\/\/comsefaz.org.br\/novo\/wp-json\/wp\/v2\/media?parent=1287"}],"wp:term":[{"taxonomy":"category","embeddable":true,"href":"https:\/\/comsefaz.org.br\/novo\/wp-json\/wp\/v2\/categories?post=1287"},{"taxonomy":"post_tag","embeddable":true,"href":"https:\/\/comsefaz.org.br\/novo\/wp-json\/wp\/v2\/tags?post=1287"}],"curies":[{"name":"wp","href":"https:\/\/api.w.org\/{rel}","templated":true}]}}