{"id":12945,"date":"2025-04-15T14:27:49","date_gmt":"2025-04-15T17:27:49","guid":{"rendered":"https:\/\/comsefaz.org.br\/novo\/?p=12945"},"modified":"2025-04-15T14:27:52","modified_gmt":"2025-04-15T17:27:52","slug":"estados-indicam-membros-do-comite-gestor-ibs","status":"publish","type":"post","link":"https:\/\/comsefaz.org.br\/novo\/estados-indicam-membros-do-comite-gestor-ibs\/","title":{"rendered":"Estados indicam membros do Comit\u00ea Gestor\u00a0IBS"},"content":{"rendered":"\n<p>Foi publicado no Di\u00e1rio Oficial da Uni\u00e3o (DOU) desta ter\u00e7a-feira (15) o Ato n\u00ba 01, de 11 de abril de 2025, do Comsefaz, que torna p\u00fablica a indica\u00e7\u00e3o dos representantes dos Estados e do Distrito Federal para compor o Conselho Superior do Comit\u00ea Gestor do Imposto sobre Bens e Servi\u00e7os (CGIBS).<\/p>\n\n\n\n<p>As indica\u00e7\u00f5es foram formalmente efetuadas pelos respectivos chefes do Poder Executivo dos Estados e do Distrito Federal, conforme a Lei Complementar 214, de 4 de janeiro de 2025, e observaram os requisitos legais de reputa\u00e7\u00e3o ilibada e not\u00f3rio conhecimento em administra\u00e7\u00e3o tribut\u00e1ria, previstos no art. 482 da mesma norma.<\/p>\n\n\n\n<p>Conforme a legisla\u00e7\u00e3o, a representa\u00e7\u00e3o titular de cada ente federativo recai sobre o ocupante do cargo de Secret\u00e1rio de Fazenda, Finan\u00e7as, Tributa\u00e7\u00e3o ou equivalente, considerado como autoridade m\u00e1xima da administra\u00e7\u00e3o tribut\u00e1ria estadual ou distrital.<\/p>\n\n\n\n<p>Confira a seguir os nomes dos representantes indicados:<\/p>\n\n\n\n<p><strong>Acre<\/strong><\/p>\n\n\n\n<p>Titular: Jos\u00e9 Amar\u00edsio Freitas de Souza<\/p>\n\n\n\n<p>Suplente: Cl\u00f3vis Monteiro Gomes<\/p>\n\n\n\n<p><strong>Alagoas<\/strong><\/p>\n\n\n\n<p>Titular: Renata dos Santos<\/p>\n\n\n\n<p>Suplente: Francisco Luiz Suruagy Motta Cavalcanti<\/p>\n\n\n\n<p><strong>Amap\u00e1<\/strong><\/p>\n\n\n\n<p>Titular: Jesus de Nazar\u00e9 de Almeida Vidal<\/p>\n\n\n\n<p>Suplente: Robledo Greg\u00f3rio Trindade<\/p>\n\n\n\n<p><strong>Amazonas<\/strong><\/p>\n\n\n\n<p>Titular: Alex Del Giglio<\/p>\n\n\n\n<p>Suplente: Nivaldo das Chagas Mendon\u00e7a<\/p>\n\n\n\n<p><strong>Bahia<\/strong><\/p>\n\n\n\n<p>Titular: Manoel Vit\u00f3rio da Silva Filho<\/p>\n\n\n\n<p>Suplente: Jo\u00e3o Batista Aslan Ribeiro<\/p>\n\n\n\n<p><strong>Cear\u00e1<\/strong><\/p>\n\n\n\n<p>Titular: Fabr\u00edzio Gomes Santos<\/p>\n\n\n\n<p>Suplente: Liana Maria Machado de Souza<\/p>\n\n\n\n<p><strong>Distrito Federal<\/strong><\/p>\n\n\n\n<p>Titular: Ney Ferraz J\u00fanior<\/p>\n\n\n\n<p>Suplente: Anderson Borges Roepke<\/p>\n\n\n\n<p><strong>Esp\u00edrito Santo<\/strong><\/p>\n\n\n\n<p>Titular: Benicio Costa<\/p>\n\n\n\n<p>Suplente: R\u00f4mulo Eug\u00eanio de Siqueira Chaves<\/p>\n\n\n\n<p><strong>Goi\u00e1s<\/strong><\/p>\n\n\n\n<p>Titular: Francisco S\u00e9rvulo Freire Nogueira<\/p>\n\n\n\n<p>Suplente: Renata Lacerda Noleto<\/p>\n\n\n\n<p><strong>Maranh\u00e3o<\/strong><\/p>\n\n\n\n<p>Titular: Marcellus Ribeiro Alves<\/p>\n\n\n\n<p>Suplente: Magno Vasconcelos Pereira<\/p>\n\n\n\n<p><strong>Mato Grosso<\/strong><\/p>\n\n\n\n<p>Titular: Rog\u00e9rio Luiz Gallo<\/p>\n\n\n\n<p>Suplente: F\u00e1bio Fernandes Pimenta<\/p>\n\n\n\n<p><strong>Mato Grosso do Sul<\/strong><\/p>\n\n\n\n<p>Titular: Fl\u00e1vio C\u00e9sar Mendes de Oliveira<\/p>\n\n\n\n<p>Suplente: Matheus Segalla Menegaz<\/p>\n\n\n\n<p><strong>Minas Gerais<\/strong><\/p>\n\n\n\n<p>Titular: Luiz Claudio Fernandes Louren\u00e7o Gomes<\/p>\n\n\n\n<p>Suplente: Osvaldo Lage Scavazza<\/p>\n\n\n\n<p><strong>Par\u00e1<\/strong><\/p>\n\n\n\n<p>Titular: Rene de Oliveira e Sousa J\u00fanior<\/p>\n\n\n\n<p>Suplente: Eli Sosinho<\/p>\n\n\n\n<p><strong>Para\u00edba<\/strong><\/p>\n\n\n\n<p>Titular: Marialvo Laureano dos Santos Filho<\/p>\n\n\n\n<p>Suplente: Bruno de Sousa Frade<\/p>\n\n\n\n<p><strong>Paran\u00e1<\/strong><\/p>\n\n\n\n<p>Titular: Norberto Anacleto Ortigara<\/p>\n\n\n\n<p>Suplente: Juliano Brun Binder<\/p>\n\n\n\n<p><strong>Pernambuco<\/strong><\/p>\n\n\n\n<p>Titular: Wilson Jos\u00e9 de Paula<\/p>\n\n\n\n<p>Suplente: Stephanie Christini Gomes Pereira<\/p>\n\n\n\n<p><strong>Piau\u00ed<\/strong><\/p>\n\n\n\n<p>Titular: Em\u00edlio Joaquim de Oliveira J\u00fanior<\/p>\n\n\n\n<p>Suplente: Maria das Gra\u00e7as Moraes Moreira Ramos<\/p>\n\n\n\n<p><strong>Rio de Janeiro<\/strong><\/p>\n\n\n\n<p>Titular: Juliano Pasqual<\/p>\n\n\n\n<p>Suplente: Thompson Lemos da Silva Neto<\/p>\n\n\n\n<p><strong>Rio Grande do Norte<\/strong><\/p>\n\n\n\n<p>Titular: Carlos Eduardo Xavier<\/p>\n\n\n\n<p>Suplente: Jane Carmen Carneiro e Ara\u00fajo<\/p>\n\n\n\n<p><strong>Rio Grande do Sul<\/strong><\/p>\n\n\n\n<p>Titular: Pricilla Maria Santana<\/p>\n\n\n\n<p>Suplente: Ricardo Neves Pereira<\/p>\n\n\n\n<p><strong>Rond\u00f4nia<\/strong><\/p>\n\n\n\n<p>Titular: Lu\u00eds Fernando Pereira da Silva<\/p>\n\n\n\n<p>Suplente: Ant\u00f4nio Carlos Alencar do Nascimento<\/p>\n\n\n\n<p><strong>Roraima<\/strong><\/p>\n\n\n\n<p>Titular: Manoel Sueide Freitas<\/p>\n\n\n\n<p>Suplente: Larissa G\u00f3es de Souza<\/p>\n\n\n\n<p><strong>Santa Catarina<\/strong><\/p>\n\n\n\n<p>Titular: Cleverson Siewert<\/p>\n\n\n\n<p>Suplente: Ramon Santos de Medeiros<\/p>\n\n\n\n<p><strong>S\u00e3o Paulo<\/strong><\/p>\n\n\n\n<p>Titular: Samuel Yoshiaki Oliveira Kinoshita<\/p>\n\n\n\n<p>Suplente: Rog\u00e9rio Campos<\/p>\n\n\n\n<p><strong>Sergipe<\/strong><\/p>\n\n\n\n<p>Titular: Sarah Tarsila Ara\u00fajo Andreozzi<\/p>\n\n\n\n<p>Suplente: Jeov\u00e1 Francisco dos Santos<\/p>\n\n\n\n<p><strong>Tocantins<\/strong><\/p>\n\n\n\n<p>Titular: Donizeth Aparecido Silva<\/p>\n\n\n\n<p>Suplente: M\u00e1rcia Mantovani<\/p>\n\n\n\n<p><a href=\"https:\/\/pesquisa.in.gov.br\/imprensa\/jsp\/visualiza\/index.jsp?jornal=530&amp;pagina=208&amp;data=15\/04\/2025\">O Ato na \u00edntegra pode ser consultado no portal oficial do Di\u00e1rio Oficial da Uni\u00e3o<\/a>.<\/p>\n","protected":false},"excerpt":{"rendered":"<p>Foi publicado no Di\u00e1rio Oficial da Uni\u00e3o (DOU) desta ter\u00e7a-feira (15) o Ato n\u00ba 01, de 11 de abril de 2025, do Comsefaz, que torna p\u00fablica a indica\u00e7\u00e3o dos representantes [&hellip;]<\/p>\n","protected":false},"author":2,"featured_media":12946,"comment_status":"closed","ping_status":"closed","sticky":false,"template":"","format":"standard","meta":{"_acf_changed":false,"om_disable_all_campaigns":false,"_monsterinsights_skip_tracking":false,"_monsterinsights_sitenote_active":false,"_monsterinsights_sitenote_note":"","_monsterinsights_sitenote_category":0,"_EventAllDay":false,"_EventTimezone":"","_EventStartDate":"","_EventEndDate":"","_EventStartDateUTC":"","_EventEndDateUTC":"","_EventShowMap":false,"_EventShowMapLink":false,"_EventURL":"","_EventCost":"","_EventCostDescription":"","_EventCurrencySymbol":"","_EventCurrencyCode":"","_EventCurrencyPosition":"","_EventDateTimeSeparator":"","_EventTimeRangeSeparator":"","_EventOrganizerID":[],"_EventVenueID":[],"_OrganizerEmail":"","_OrganizerPhone":"","_OrganizerWebsite":"","_VenueAddress":"","_VenueCity":"","_VenueCountry":"","_VenueProvince":"","_VenueState":"","_VenueZip":"","_VenuePhone":"","_VenueURL":"","_VenueStateProvince":"","_VenueLat":"","_VenueLng":"","_VenueShowMap":false,"_VenueShowMapLink":false,"_jetpack_memberships_contains_paid_content":false,"footnotes":""},"categories":[1],"tags":[],"class_list":["post-12945","post","type-post","status-publish","format-standard","has-post-thumbnail","hentry","category-pl"],"acf":[],"aioseo_notices":[],"jetpack_featured_media_url":"https:\/\/comsefaz.org.br\/novo\/wp-content\/uploads\/2025\/04\/Sem-nome-Site.png","jetpack_sharing_enabled":true,"_links":{"self":[{"href":"https:\/\/comsefaz.org.br\/novo\/wp-json\/wp\/v2\/posts\/12945","targetHints":{"allow":["GET"]}}],"collection":[{"href":"https:\/\/comsefaz.org.br\/novo\/wp-json\/wp\/v2\/posts"}],"about":[{"href":"https:\/\/comsefaz.org.br\/novo\/wp-json\/wp\/v2\/types\/post"}],"author":[{"embeddable":true,"href":"https:\/\/comsefaz.org.br\/novo\/wp-json\/wp\/v2\/users\/2"}],"replies":[{"embeddable":true,"href":"https:\/\/comsefaz.org.br\/novo\/wp-json\/wp\/v2\/comments?post=12945"}],"version-history":[{"count":2,"href":"https:\/\/comsefaz.org.br\/novo\/wp-json\/wp\/v2\/posts\/12945\/revisions"}],"predecessor-version":[{"id":12948,"href":"https:\/\/comsefaz.org.br\/novo\/wp-json\/wp\/v2\/posts\/12945\/revisions\/12948"}],"wp:featuredmedia":[{"embeddable":true,"href":"https:\/\/comsefaz.org.br\/novo\/wp-json\/wp\/v2\/media\/12946"}],"wp:attachment":[{"href":"https:\/\/comsefaz.org.br\/novo\/wp-json\/wp\/v2\/media?parent=12945"}],"wp:term":[{"taxonomy":"category","embeddable":true,"href":"https:\/\/comsefaz.org.br\/novo\/wp-json\/wp\/v2\/categories?post=12945"},{"taxonomy":"post_tag","embeddable":true,"href":"https:\/\/comsefaz.org.br\/novo\/wp-json\/wp\/v2\/tags?post=12945"}],"curies":[{"name":"wp","href":"https:\/\/api.w.org\/{rel}","templated":true}]}}