{"id":13283,"date":"2025-05-15T14:00:00","date_gmt":"2025-05-15T17:00:00","guid":{"rendered":"https:\/\/comsefaz.org.br\/novo\/?p=13283"},"modified":"2025-05-15T18:07:45","modified_gmt":"2025-05-15T21:07:45","slug":"cogef-elege-nova-diretoria-para-bienio-2025-2026","status":"publish","type":"post","link":"https:\/\/comsefaz.org.br\/novo\/cogef-elege-nova-diretoria-para-bienio-2025-2026\/","title":{"rendered":"Cogef elege nova diretoria para bi\u00eanio 2025\/2026"},"content":{"rendered":"\n<p>A Comiss\u00e3o de Gest\u00e3o Fazend\u00e1ria (Cogef) elegeu a nova diretoria da entidade para o bi\u00eanio 2025\/2026. O novo presidente \u00e9 o superintendente de gest\u00e3o da secretaria de Fazenda do Piau\u00ed, Cristovam Colombo dos Santos Cruz. Ele sucede no cargo o secret\u00e1rio-adjunto de Fazenda do Par\u00e1, Eli Sosinho.<\/p>\n\n\n\n<p>Essa \u00e9 a segunda vez que Colombo preside o Cogef.&nbsp; O primeiro mandato \u00e0 frente da Comiss\u00e3o ocorreu no bi\u00eanio 2017\/2018. O novo vice-presidente \u00e9 Marconi Brasil Soares de Souza, atual Gerente de Projetos de Integra\u00e7\u00e3o da Moderniza\u00e7\u00e3o da Administra\u00e7\u00e3o Fiscal e Financeira da secretaria de Fazenda do Rio Grande do Norte.<\/p>\n\n\n\n<p>A elei\u00e7\u00e3o ocorreu durante a 63\u00aa Reuni\u00e3o Ordin\u00e1ria de Bel\u00e9m (PA).<\/p>\n\n\n\n<p>Al\u00e9m de Colombo e Brasil, tomaram posse da diretoria da Cogef os seguintes membros: Andr\u00e9 Renato Facchini \u2013 Sefaz\/RS (coordenador Cogef-TI), Rog\u00e9rio Zupo Braga \u2013 Sefaz\/MG (vice-Coordenador Cogef-TI) e Henning Mario Von Rautenfeld \u2013 Sefaz \/ SP (secret\u00e1rio Executivo).<\/p>\n\n\n\n<p><strong>Mais visibilidade<\/strong><\/p>\n\n\n\n<p>O novo presidente da Cogef, Cristovam Colombo, ressaltou a coopera\u00e7\u00e3o e integra\u00e7\u00e3o como princ\u00edpios norteadores da gest\u00e3o:<\/p>\n\n\n\n<p><em>\u201c\u00c9 gratificante, enquanto profissional da administra\u00e7\u00e3o Fazend\u00e1ria, fazer parte da Cogef e ser reconduzido pelos pares \u00e0 presid\u00eancia.&nbsp; Nesse ciclo, o foco \u00e9 propiciar um ambiente de coopera\u00e7\u00e3o e integra\u00e7\u00e3o de Estados e Munic\u00edpios para a implanta\u00e7\u00e3o da RTC. Al\u00e9m disso, pretendemos dar mais visibilidade \u00e0 Comiss\u00e3o, de forma a ser reconhecida como um dos principais f\u00f3runs de compartilhamento de boas pr\u00e1ticas\u201d,<\/em> destacou.<\/p>\n\n\n\n<p>Entre as prioridades da nova gest\u00e3o, est\u00e3o o acompanhamento da implementa\u00e7\u00e3o da reforma tribut\u00e1ria, o fortalecimento dos mecanismos de coopera\u00e7\u00e3o t\u00e9cnica entre Estados e a moderniza\u00e7\u00e3o dos sistemas de fiscaliza\u00e7\u00e3o e arrecada\u00e7\u00e3o.<\/p>\n\n\n\n<p><strong>Comsefaz<\/strong><\/p>\n\n\n\n<p>O presidente do Comsefaz, Fl\u00e1vio C\u00e9sar, abriu a reuni\u00e3o de revis\u00e3o do Planejamento Estrat\u00e9gico e do Regimento Interno da Cogef, realizada em 8 de maio, em Bras\u00edlia. Na ocasi\u00e3o, ele saudou os participantes do encontro e desejou sucesso na condu\u00e7\u00e3o dos trabalhos liderados pela nova diretoria:<\/p>\n\n\n\n<p><em>\u201cDesejo que seja uma gest\u00e3o de resultados, sobretudo em rela\u00e7\u00e3o \u00e0 moderniza\u00e7\u00e3o. No Mato Grosso do Sul temos focado e trabalhado intensamente nessa \u00e1rea\u201d,<\/em> disse.<\/p>\n","protected":false},"excerpt":{"rendered":"<p>A Comiss\u00e3o de Gest\u00e3o Fazend\u00e1ria (Cogef) elegeu a nova diretoria da entidade para o bi\u00eanio 2025\/2026. O novo presidente \u00e9 o superintendente de gest\u00e3o da secretaria de Fazenda do Piau\u00ed, [&hellip;]<\/p>\n","protected":false},"author":2,"featured_media":13287,"comment_status":"closed","ping_status":"closed","sticky":false,"template":"","format":"standard","meta":{"_acf_changed":false,"om_disable_all_campaigns":false,"_monsterinsights_skip_tracking":false,"_monsterinsights_sitenote_active":false,"_monsterinsights_sitenote_note":"","_monsterinsights_sitenote_category":0,"_EventAllDay":false,"_EventTimezone":"","_EventStartDate":"","_EventEndDate":"","_EventStartDateUTC":"","_EventEndDateUTC":"","_EventShowMap":false,"_EventShowMapLink":false,"_EventURL":"","_EventCost":"","_EventCostDescription":"","_EventCurrencySymbol":"","_EventCurrencyCode":"","_EventCurrencyPosition":"","_EventDateTimeSeparator":"","_EventTimeRangeSeparator":"","_EventOrganizerID":[],"_EventVenueID":[],"_OrganizerEmail":"","_OrganizerPhone":"","_OrganizerWebsite":"","_VenueAddress":"","_VenueCity":"","_VenueCountry":"","_VenueProvince":"","_VenueState":"","_VenueZip":"","_VenuePhone":"","_VenueURL":"","_VenueStateProvince":"","_VenueLat":"","_VenueLng":"","_VenueShowMap":false,"_VenueShowMapLink":false,"_jetpack_memberships_contains_paid_content":false,"footnotes":""},"categories":[10],"tags":[],"class_list":["post-13283","post","type-post","status-publish","format-standard","has-post-thumbnail","hentry","category-noticias"],"acf":[],"aioseo_notices":[],"jetpack_featured_media_url":"https:\/\/comsefaz.org.br\/novo\/wp-content\/uploads\/2025\/05\/Imagem-do-WhatsApp-de-2025-05-15-as-18.03.07_f62a569b-scaled.jpg","jetpack_sharing_enabled":true,"_links":{"self":[{"href":"https:\/\/comsefaz.org.br\/novo\/wp-json\/wp\/v2\/posts\/13283","targetHints":{"allow":["GET"]}}],"collection":[{"href":"https:\/\/comsefaz.org.br\/novo\/wp-json\/wp\/v2\/posts"}],"about":[{"href":"https:\/\/comsefaz.org.br\/novo\/wp-json\/wp\/v2\/types\/post"}],"author":[{"embeddable":true,"href":"https:\/\/comsefaz.org.br\/novo\/wp-json\/wp\/v2\/users\/2"}],"replies":[{"embeddable":true,"href":"https:\/\/comsefaz.org.br\/novo\/wp-json\/wp\/v2\/comments?post=13283"}],"version-history":[{"count":1,"href":"https:\/\/comsefaz.org.br\/novo\/wp-json\/wp\/v2\/posts\/13283\/revisions"}],"predecessor-version":[{"id":13288,"href":"https:\/\/comsefaz.org.br\/novo\/wp-json\/wp\/v2\/posts\/13283\/revisions\/13288"}],"wp:featuredmedia":[{"embeddable":true,"href":"https:\/\/comsefaz.org.br\/novo\/wp-json\/wp\/v2\/media\/13287"}],"wp:attachment":[{"href":"https:\/\/comsefaz.org.br\/novo\/wp-json\/wp\/v2\/media?parent=13283"}],"wp:term":[{"taxonomy":"category","embeddable":true,"href":"https:\/\/comsefaz.org.br\/novo\/wp-json\/wp\/v2\/categories?post=13283"},{"taxonomy":"post_tag","embeddable":true,"href":"https:\/\/comsefaz.org.br\/novo\/wp-json\/wp\/v2\/tags?post=13283"}],"curies":[{"name":"wp","href":"https:\/\/api.w.org\/{rel}","templated":true}]}}