{"id":13285,"date":"2025-05-15T18:09:34","date_gmt":"2025-05-15T21:09:34","guid":{"rendered":"https:\/\/comsefaz.org.br\/novo\/?p=13285"},"modified":"2025-05-15T18:22:37","modified_gmt":"2025-05-15T21:22:37","slug":"lacos-institucionais-presidente-do-comsefaz-visita-secretaria-de-fazenda-de-sergipe","status":"publish","type":"post","link":"https:\/\/comsefaz.org.br\/novo\/lacos-institucionais-presidente-do-comsefaz-visita-secretaria-de-fazenda-de-sergipe\/","title":{"rendered":"La\u00e7os Institucionais: presidente do Comsefaz visita secretaria de Fazenda de Sergipe"},"content":{"rendered":"\n<p>Dando continuidade \u00e0 agenda de aproxima\u00e7\u00e3o e coopera\u00e7\u00e3o entre os Estados brasileiros, o presidente do Comsefaz, Fl\u00e1vio C\u00e9sar, esteve em Sergipe para um encontro com a equipe da Secretaria da Fazenda do Estado (Sefaz-SE). A visita, realizada quarta-feira (15), teve como foco o fortalecimento das rela\u00e7\u00f5es institucionais e a troca de experi\u00eancias sobre a gest\u00e3o fiscal e financeira do Estado.<\/p>\n\n\n\n<p>O presidente do Comsefaz foi recebido pela secret\u00e1ria da Fazenda de Sergipe, Sarah Tarcilla, e parte de sua equipe. Durante o encontro, Fl\u00e1vio C\u00e9sar ressaltou a import\u00e2ncia do di\u00e1logo e da colabora\u00e7\u00e3o entre os Estados para a constru\u00e7\u00e3o de um ambiente federativo mais integrado e cooperativo.<\/p>\n\n\n\n<p>\u201c<em>Nosso objetivo \u00e9 criar no Comsefaz um espa\u00e7o de democracia, di\u00e1logo e busca por consenso. Conhecer de perto as especificidades de cada Estado \u00e9 essencial para que possamos construir solu\u00e7\u00f5es que atendam aos interesses de todos<\/em>\u201d, afirmou Fl\u00e1vio C\u00e9sar.<\/p>\n\n\n\n<p>Durante a conversa, foram discutidos diversos temas relevantes para os Estados, incluindo os desafios da gest\u00e3o financeira e a implementa\u00e7\u00e3o da reforma tribut\u00e1ria.<\/p>\n\n\n\n<p><strong>Fortalecendo a ponte entre Fazenda e Educa\u00e7\u00e3o: encontro com o presidente do Consed<\/strong><\/p>\n\n\n\n<p>A visita a Sergipe tamb\u00e9m reservou um momento significativo para o estreitamento de la\u00e7os entre as \u00e1reas fazend\u00e1ria e educacional. O presidente Fl\u00e1vio C\u00e9sar se reuniu com o vice-governador e secret\u00e1rio de Educa\u00e7\u00e3o de Sergipe, Zezinho Sobral, que atualmente preside o Conselho Nacional de Secret\u00e1rios de Educa\u00e7\u00e3o (Consed). O encontro sublinhou a crescente compreens\u00e3o da interdepend\u00eancia entre a sa\u00fade fiscal dos estados e o financiamento adequado da educa\u00e7\u00e3o para o desenvolvimento do pa\u00eds.<\/p>\n\n\n\n<p>A pauta central da reuni\u00e3o gravitou em torno da necessidade de alinhar estrat\u00e9gias diante de temas que exercem impacto direto na vida dos Estados e Munic\u00edpios, como a Reforma Fiscal, o financiamento da educa\u00e7\u00e3o em seus diversos n\u00edveis, a quest\u00e3o do piso do magist\u00e9rio e as estrat\u00e9gias para o fortalecimento do investimento nas escolas p\u00fablicas.<\/p>\n\n\n\n<p>&#8220;<em>Acreditamos firmemente que o di\u00e1logo sin\u00e9rgico entre os secret\u00e1rios de Fazenda, representados pelo Comsefaz, e os secret\u00e1rios de Educa\u00e7\u00e3o, liderados pelo Consed, \u00e9 um caminho promissor para a constru\u00e7\u00e3o de solu\u00e7\u00f5es conjuntas e inovadoras que beneficiem a popula\u00e7\u00e3o em sua totalidade<\/em>,&#8221; afirmou o presidente Fl\u00e1vio C\u00e9sar ap\u00f3s o encontro.<\/p>\n\n\n\n<p>&#8220;<em>A troca de experi\u00eancias e a busca por entendimentos comuns s\u00e3o passos cruciais para enfrentarmos os desafios complexos que se apresentam\u201d<\/em>, acrescentou<\/p>\n\n\n\n<p>O presidente do Consed, Zezinho Sobral, tamb\u00e9m enfatizou a relev\u00e2ncia da coopera\u00e7\u00e3o intersetorial:<\/p>\n\n\n\n<p>\u201c<em>\u00c9 uma honra receber o presidente Fl\u00e1vio em nosso Estado para discutir temas t\u00e3o importantes. Precisamos ajustar nossos entendimentos e preocupa\u00e7\u00f5es para garantir avan\u00e7os concretos. Sergipe se sente honrado em receber o presidente do Comsefaz para esse di\u00e1logo t\u00e3o produtivo<\/em>\u201d.<\/p>\n\n\n\n<p>A reuni\u00e3o contou ainda com a participa\u00e7\u00e3o da secret\u00e1ria de Educa\u00e7\u00e3o de Alagoas, Roseane Vasconcelos, da secret\u00e1ria da Fazenda de Alagoas, Renata Santos, da secret\u00e1ria do Tesouro Estadual de Alagoas, Monique Assis, e do superintendente de Pol\u00edtica Fiscal de Alagoas, Marcos Freitas, evidenciando o interesse m\u00fatuo dos estados em construir solu\u00e7\u00f5es colaborativas para os desafios que enfrentam.<\/p>\n","protected":false},"excerpt":{"rendered":"<p>Dando continuidade \u00e0 agenda de aproxima\u00e7\u00e3o e coopera\u00e7\u00e3o entre os Estados brasileiros, o presidente do Comsefaz, Fl\u00e1vio C\u00e9sar, esteve em Sergipe para um encontro com a equipe da Secretaria da [&hellip;]<\/p>\n","protected":false},"author":2,"featured_media":13289,"comment_status":"closed","ping_status":"closed","sticky":false,"template":"","format":"standard","meta":{"_acf_changed":false,"om_disable_all_campaigns":false,"_monsterinsights_skip_tracking":false,"_monsterinsights_sitenote_active":false,"_monsterinsights_sitenote_note":"","_monsterinsights_sitenote_category":0,"_EventAllDay":false,"_EventTimezone":"","_EventStartDate":"","_EventEndDate":"","_EventStartDateUTC":"","_EventEndDateUTC":"","_EventShowMap":false,"_EventShowMapLink":false,"_EventURL":"","_EventCost":"","_EventCostDescription":"","_EventCurrencySymbol":"","_EventCurrencyCode":"","_EventCurrencyPosition":"","_EventDateTimeSeparator":"","_EventTimeRangeSeparator":"","_EventOrganizerID":[],"_EventVenueID":[],"_OrganizerEmail":"","_OrganizerPhone":"","_OrganizerWebsite":"","_VenueAddress":"","_VenueCity":"","_VenueCountry":"","_VenueProvince":"","_VenueState":"","_VenueZip":"","_VenuePhone":"","_VenueURL":"","_VenueStateProvince":"","_VenueLat":"","_VenueLng":"","_VenueShowMap":false,"_VenueShowMapLink":false,"_jetpack_memberships_contains_paid_content":false,"footnotes":""},"categories":[10],"tags":[37,85,113],"class_list":["post-13285","post","type-post","status-publish","format-standard","has-post-thumbnail","hentry","category-noticias","tag-comsefaz","tag-pacto-federativo","tag-reforma-tributaria"],"acf":[],"aioseo_notices":[],"jetpack_featured_media_url":"https:\/\/comsefaz.org.br\/novo\/wp-content\/uploads\/2025\/05\/Yellow-Floral-Photo-Collage-Instagram-Post-Sunflower-Field.png","jetpack_sharing_enabled":true,"_links":{"self":[{"href":"https:\/\/comsefaz.org.br\/novo\/wp-json\/wp\/v2\/posts\/13285","targetHints":{"allow":["GET"]}}],"collection":[{"href":"https:\/\/comsefaz.org.br\/novo\/wp-json\/wp\/v2\/posts"}],"about":[{"href":"https:\/\/comsefaz.org.br\/novo\/wp-json\/wp\/v2\/types\/post"}],"author":[{"embeddable":true,"href":"https:\/\/comsefaz.org.br\/novo\/wp-json\/wp\/v2\/users\/2"}],"replies":[{"embeddable":true,"href":"https:\/\/comsefaz.org.br\/novo\/wp-json\/wp\/v2\/comments?post=13285"}],"version-history":[{"count":1,"href":"https:\/\/comsefaz.org.br\/novo\/wp-json\/wp\/v2\/posts\/13285\/revisions"}],"predecessor-version":[{"id":13290,"href":"https:\/\/comsefaz.org.br\/novo\/wp-json\/wp\/v2\/posts\/13285\/revisions\/13290"}],"wp:featuredmedia":[{"embeddable":true,"href":"https:\/\/comsefaz.org.br\/novo\/wp-json\/wp\/v2\/media\/13289"}],"wp:attachment":[{"href":"https:\/\/comsefaz.org.br\/novo\/wp-json\/wp\/v2\/media?parent=13285"}],"wp:term":[{"taxonomy":"category","embeddable":true,"href":"https:\/\/comsefaz.org.br\/novo\/wp-json\/wp\/v2\/categories?post=13285"},{"taxonomy":"post_tag","embeddable":true,"href":"https:\/\/comsefaz.org.br\/novo\/wp-json\/wp\/v2\/tags?post=13285"}],"curies":[{"name":"wp","href":"https:\/\/api.w.org\/{rel}","templated":true}]}}