{"id":13352,"date":"2025-05-26T07:15:15","date_gmt":"2025-05-26T10:15:15","guid":{"rendered":"https:\/\/comsefaz.org.br\/novo\/?p=13352"},"modified":"2025-05-26T07:15:19","modified_gmt":"2025-05-26T10:15:19","slug":"comsefaz-prestigia-debate-sobre-reforma-tributaria-em-seminario-em-campo-grande-ms","status":"publish","type":"post","link":"https:\/\/comsefaz.org.br\/novo\/comsefaz-prestigia-debate-sobre-reforma-tributaria-em-seminario-em-campo-grande-ms\/","title":{"rendered":"Comsefaz prestigia debate sobre reforma tribut\u00e1ria em semin\u00e1rio em Campo Grande (MS)"},"content":{"rendered":"\n<p><\/p>\n\n\n\n<p>Com foco nos desafios e oportunidades da implementa\u00e7\u00e3o da Reforma Tribut\u00e1ria nos estados, a cidade de Campo Grande (MS) sediar\u00e1, no pr\u00f3ximo dia 27 de maio, a partir das 9h, o Semin\u00e1rio Estadual de Finan\u00e7as e Tributa\u00e7\u00e3o. O evento ser\u00e1 organizado pela Secretaria de Fazenda de Mato Grosso do Sul e ter\u00e1 como anfitri\u00e3o o presidente do Comsefaz, Fl\u00e1vio C\u00e9sar Mendes de Oliveira, secret\u00e1rio da pasta no MS.<\/p>\n\n\n\n<p>Um dos destaques da programa\u00e7\u00e3o ser\u00e1 a mesa de debate sobre os impactos da Reforma Tribut\u00e1ria, que contar\u00e1 com a participa\u00e7\u00e3o de Bernard Appy, secret\u00e1rio extraordin\u00e1rio da Reforma Tribut\u00e1ria do Minist\u00e9rio da Fazenda. Estar\u00e3o presentes ainda a secret\u00e1ria de Fazenda de Alagoas, Renata dos Santos; o secret\u00e1rio de Fazenda de S\u00e3o Paulo, Samuel Kinoshita; e o secret\u00e1rio de Fazenda de Rond\u00f4nia, Luiz Fernando Pereira da Silva, primeiro vice-presidente do Comsefaz.<\/p>\n\n\n\n<p>A presen\u00e7a dos secret\u00e1rios no evento refor\u00e7a o papel do Comsefaz como espa\u00e7o essencial de articula\u00e7\u00e3o t\u00e9cnica e pol\u00edtica entre os entes federativos, promovendo o di\u00e1logo qualificado sobre o equil\u00edbrio fiscal e o fortalecimento do pacto federativo.<\/p>\n\n\n\n<p>Al\u00e9m dos debates, o semin\u00e1rio incluir\u00e1 oficinas t\u00e9cnicas voltadas para temas estrat\u00e9gicos da nova estrutura tribut\u00e1ria, com foco na qualifica\u00e7\u00e3o da gest\u00e3o p\u00fablica em estados e munic\u00edpios. As atividades buscam capacitar os gestores para enfrentar os desafios do novo modelo, promovendo uma transi\u00e7\u00e3o segura e eficiente.<\/p>\n\n\n\n<p>O Comsefaz tem atuado de forma permanente na constru\u00e7\u00e3o de consensos e no desenvolvimento de solu\u00e7\u00f5es t\u00e9cnicas que assegurem a implementa\u00e7\u00e3o da Reforma Tribut\u00e1ria com justi\u00e7a fiscal, seguran\u00e7a jur\u00eddica e respeito \u00e0 autonomia dos entes federativos.<a href=\"https:\/\/www.pesquisa.ms.gov.br\/pesquisa\/116\">A inscri\u00e7\u00e3o \u00e9 gratuita, clique aqui e garanta sua vaga.<\/a><\/p>\n","protected":false},"excerpt":{"rendered":"<p>Com foco nos desafios e oportunidades da implementa\u00e7\u00e3o da Reforma Tribut\u00e1ria nos estados, a cidade de Campo Grande (MS) sediar\u00e1, no pr\u00f3ximo dia 27 de maio, a partir das 9h, [&hellip;]<\/p>\n","protected":false},"author":2,"featured_media":13353,"comment_status":"closed","ping_status":"closed","sticky":false,"template":"","format":"standard","meta":{"_acf_changed":false,"om_disable_all_campaigns":false,"_monsterinsights_skip_tracking":false,"_monsterinsights_sitenote_active":false,"_monsterinsights_sitenote_note":"","_monsterinsights_sitenote_category":0,"_EventAllDay":false,"_EventTimezone":"","_EventStartDate":"","_EventEndDate":"","_EventStartDateUTC":"","_EventEndDateUTC":"","_EventShowMap":false,"_EventShowMapLink":false,"_EventURL":"","_EventCost":"","_EventCostDescription":"","_EventCurrencySymbol":"","_EventCurrencyCode":"","_EventCurrencyPosition":"","_EventDateTimeSeparator":"","_EventTimeRangeSeparator":"","_EventOrganizerID":[],"_EventVenueID":[],"_OrganizerEmail":"","_OrganizerPhone":"","_OrganizerWebsite":"","_VenueAddress":"","_VenueCity":"","_VenueCountry":"","_VenueProvince":"","_VenueState":"","_VenueZip":"","_VenuePhone":"","_VenueURL":"","_VenueStateProvince":"","_VenueLat":"","_VenueLng":"","_VenueShowMap":false,"_VenueShowMapLink":false,"_jetpack_memberships_contains_paid_content":false,"footnotes":""},"categories":[10],"tags":[],"class_list":["post-13352","post","type-post","status-publish","format-standard","has-post-thumbnail","hentry","category-noticias"],"acf":[],"aioseo_notices":[],"jetpack_featured_media_url":"https:\/\/comsefaz.org.br\/novo\/wp-content\/uploads\/2025\/05\/Imagem-do-WhatsApp-de-2025-05-23-as-16.07.28_49d523ed.jpg","jetpack_sharing_enabled":true,"_links":{"self":[{"href":"https:\/\/comsefaz.org.br\/novo\/wp-json\/wp\/v2\/posts\/13352","targetHints":{"allow":["GET"]}}],"collection":[{"href":"https:\/\/comsefaz.org.br\/novo\/wp-json\/wp\/v2\/posts"}],"about":[{"href":"https:\/\/comsefaz.org.br\/novo\/wp-json\/wp\/v2\/types\/post"}],"author":[{"embeddable":true,"href":"https:\/\/comsefaz.org.br\/novo\/wp-json\/wp\/v2\/users\/2"}],"replies":[{"embeddable":true,"href":"https:\/\/comsefaz.org.br\/novo\/wp-json\/wp\/v2\/comments?post=13352"}],"version-history":[{"count":1,"href":"https:\/\/comsefaz.org.br\/novo\/wp-json\/wp\/v2\/posts\/13352\/revisions"}],"predecessor-version":[{"id":13354,"href":"https:\/\/comsefaz.org.br\/novo\/wp-json\/wp\/v2\/posts\/13352\/revisions\/13354"}],"wp:featuredmedia":[{"embeddable":true,"href":"https:\/\/comsefaz.org.br\/novo\/wp-json\/wp\/v2\/media\/13353"}],"wp:attachment":[{"href":"https:\/\/comsefaz.org.br\/novo\/wp-json\/wp\/v2\/media?parent=13352"}],"wp:term":[{"taxonomy":"category","embeddable":true,"href":"https:\/\/comsefaz.org.br\/novo\/wp-json\/wp\/v2\/categories?post=13352"},{"taxonomy":"post_tag","embeddable":true,"href":"https:\/\/comsefaz.org.br\/novo\/wp-json\/wp\/v2\/tags?post=13352"}],"curies":[{"name":"wp","href":"https:\/\/api.w.org\/{rel}","templated":true}]}}