{"id":13532,"date":"2025-06-25T09:54:57","date_gmt":"2025-06-25T12:54:57","guid":{"rendered":"https:\/\/comsefaz.org.br\/novo\/?p=13532"},"modified":"2025-06-25T09:55:17","modified_gmt":"2025-06-25T12:55:17","slug":"governo-federal-abre-credito-suplementar-para-implementacao-do-comite-gestor-do-ibs","status":"publish","type":"post","link":"https:\/\/comsefaz.org.br\/novo\/governo-federal-abre-credito-suplementar-para-implementacao-do-comite-gestor-do-ibs\/","title":{"rendered":"Governo Federal abre cr\u00e9dito suplementar para implementa\u00e7\u00e3o do Comit\u00ea Gestor do IBS"},"content":{"rendered":"\n<p>O Minist\u00e9rio do Planejamento e Or\u00e7amento abriu cr\u00e9dito suplementar no valor de R$ 219,1 milh\u00f5es para a implementa\u00e7\u00e3o do Comit\u00ea Gestor do Imposto sobre Bens e Servi\u00e7os (CGIBS).<\/p>\n\n\n\n<p>A medida atende determina\u00e7\u00e3o da lei complementar 214\/2025. Assinada pela ministra Simone Tebet, a portaria GM\/MPO N\u00ba 162, de 13 de junho de 2025, foi publicada dia 16 de junho, no Di\u00e1rio Oficial da Uni\u00e3o.<\/p>\n\n\n\n<p>Os recursos ser\u00e3o usados para o pagamento de servidores, contrata\u00e7\u00e3o de tecnologia e instala\u00e7\u00e3o da entidade.<\/p>\n\n\n\n<p>O Comit\u00ea Gestor \u00e9 uma entidade p\u00fablica sob regime especial que vai administrar o IBS, imposto com gest\u00e3o compartilhada entre estados e munic\u00edpios, criado pela reforma tribut\u00e1ria, e que unificar\u00e1 o ICMS (estadual) e o ISS (municipal).<\/p>\n\n\n\n<p>A estimativa \u00e9 de que a arrecada\u00e7\u00e3o anual do IBS alcance aproximadamente R$ 1 trilh\u00e3o.<\/p>\n\n\n\n<p>O Conselho Superior do Comit\u00ea Gestor foi instalado em 16 de maio, cumprindo o prazo legal. Dos 54 assentos do Conselho, os 27 indicados pelos estados foram nomeados e j\u00e1 tomaram posse.<\/p>\n\n\n\n<p>As demais 27 vagas ainda dependem de um acordo entre as entidades representativas dos munic\u00edpios \u2013 Confedera\u00e7\u00e3o Nacional dos Munic\u00edpios (CNM) e Frente Nacional dos Prefeitos (FNP) \u2013 para definir os crit\u00e9rios de escolha e ocupa\u00e7\u00e3o dos assentos.<\/p>\n\n\n\n<p>Sem o funcionamento integral do Conselho Superior do Comit\u00ea Gestor n\u00e3o h\u00e1 seguran\u00e7a jur\u00eddica para a escolha do presidente da entidade que, entre as atribui\u00e7\u00f5es previstas em lei, tem o dever de comunicar oficialmente a instala\u00e7\u00e3o do Comit\u00ea ao Minist\u00e9rio da Fazenda, al\u00e9m de informar o CNPJ e os dados banc\u00e1rios da conta da entidade p\u00fablica para que o Governo Federal fa\u00e7a o repasse dos recursos.&nbsp;&nbsp;<\/p>\n\n\n\n<p>O or\u00e7amento previsto para o Comit\u00ea Gestor em 2025 era de R$ 600 milh\u00f5es, mas com o atraso da instala\u00e7\u00e3o os recursos foram reduzidos.<\/p>\n\n\n\n<p>O projeto de lei complementar 108\/2024, que trata das regras e diretrizes do Comit\u00ea Gestor do IBS, est\u00e1 em fase final de tramita\u00e7\u00e3o no Senado Federal. Segundo relator, senador Eduardo Braga (MDB-AM), o projeto deve ser votado ainda no primeiro semestre deste ano.\u00a0<\/p>\n","protected":false},"excerpt":{"rendered":"<p>O Minist\u00e9rio do Planejamento e Or\u00e7amento abriu cr\u00e9dito suplementar no valor de R$ 219,1 milh\u00f5es para a implementa\u00e7\u00e3o do Comit\u00ea Gestor do Imposto sobre Bens e Servi\u00e7os (CGIBS). A medida [&hellip;]<\/p>\n","protected":false},"author":2,"featured_media":13533,"comment_status":"closed","ping_status":"closed","sticky":false,"template":"","format":"standard","meta":{"_acf_changed":false,"om_disable_all_campaigns":false,"_monsterinsights_skip_tracking":false,"_monsterinsights_sitenote_active":false,"_monsterinsights_sitenote_note":"","_monsterinsights_sitenote_category":0,"_EventAllDay":false,"_EventTimezone":"","_EventStartDate":"","_EventEndDate":"","_EventStartDateUTC":"","_EventEndDateUTC":"","_EventShowMap":false,"_EventShowMapLink":false,"_EventURL":"","_EventCost":"","_EventCostDescription":"","_EventCurrencySymbol":"","_EventCurrencyCode":"","_EventCurrencyPosition":"","_EventDateTimeSeparator":"","_EventTimeRangeSeparator":"","_EventOrganizerID":[],"_EventVenueID":[],"_OrganizerEmail":"","_OrganizerPhone":"","_OrganizerWebsite":"","_VenueAddress":"","_VenueCity":"","_VenueCountry":"","_VenueProvince":"","_VenueState":"","_VenueZip":"","_VenuePhone":"","_VenueURL":"","_VenueStateProvince":"","_VenueLat":"","_VenueLng":"","_VenueShowMap":false,"_VenueShowMapLink":false,"_jetpack_memberships_contains_paid_content":false,"footnotes":""},"categories":[10],"tags":[],"class_list":["post-13532","post","type-post","status-publish","format-standard","has-post-thumbnail","hentry","category-noticias"],"acf":[],"aioseo_notices":[],"jetpack_featured_media_url":"https:\/\/comsefaz.org.br\/novo\/wp-content\/uploads\/2025\/06\/Imagem-do-WhatsApp-de-2025-06-25-as-09.44.24_6e065801.jpg","jetpack_sharing_enabled":true,"_links":{"self":[{"href":"https:\/\/comsefaz.org.br\/novo\/wp-json\/wp\/v2\/posts\/13532","targetHints":{"allow":["GET"]}}],"collection":[{"href":"https:\/\/comsefaz.org.br\/novo\/wp-json\/wp\/v2\/posts"}],"about":[{"href":"https:\/\/comsefaz.org.br\/novo\/wp-json\/wp\/v2\/types\/post"}],"author":[{"embeddable":true,"href":"https:\/\/comsefaz.org.br\/novo\/wp-json\/wp\/v2\/users\/2"}],"replies":[{"embeddable":true,"href":"https:\/\/comsefaz.org.br\/novo\/wp-json\/wp\/v2\/comments?post=13532"}],"version-history":[{"count":1,"href":"https:\/\/comsefaz.org.br\/novo\/wp-json\/wp\/v2\/posts\/13532\/revisions"}],"predecessor-version":[{"id":13534,"href":"https:\/\/comsefaz.org.br\/novo\/wp-json\/wp\/v2\/posts\/13532\/revisions\/13534"}],"wp:featuredmedia":[{"embeddable":true,"href":"https:\/\/comsefaz.org.br\/novo\/wp-json\/wp\/v2\/media\/13533"}],"wp:attachment":[{"href":"https:\/\/comsefaz.org.br\/novo\/wp-json\/wp\/v2\/media?parent=13532"}],"wp:term":[{"taxonomy":"category","embeddable":true,"href":"https:\/\/comsefaz.org.br\/novo\/wp-json\/wp\/v2\/categories?post=13532"},{"taxonomy":"post_tag","embeddable":true,"href":"https:\/\/comsefaz.org.br\/novo\/wp-json\/wp\/v2\/tags?post=13532"}],"curies":[{"name":"wp","href":"https:\/\/api.w.org\/{rel}","templated":true}]}}