{"id":13599,"date":"2025-07-11T12:23:44","date_gmt":"2025-07-11T15:23:44","guid":{"rendered":"https:\/\/comsefaz.org.br\/novo\/?p=13599"},"modified":"2025-07-11T18:04:23","modified_gmt":"2025-07-11T21:04:23","slug":"investimento-publico-e-politica-economica-assimetrias-e-desafios-a-coordenacao-federativa","status":"publish","type":"post","link":"https:\/\/comsefaz.org.br\/novo\/investimento-publico-e-politica-economica-assimetrias-e-desafios-a-coordenacao-federativa\/","title":{"rendered":"Investimento p\u00fablico e pol\u00edtica econ\u00f4mica: assimetrias e desafios \u00e0 coordena\u00e7\u00e3o federativa"},"content":{"rendered":"\n<p>A contribui\u00e7\u00e3o dos estados brasileiros no financiamento do desenvolvimento nacional tem crescido ao longo dos \u00faltimos anos. Mesmo com menor autonomia e capacidade fiscal que a Uni\u00e3o, em termos de instrumentos de pol\u00edtica econ\u00f4mica, os entes subnacionais t\u00eam sustentado n\u00edveis consistentes de investimento, garantindo dinamismo \u00e0 atividade econ\u00f4mica.<\/p>\n\n\n\n<p>Por outro lado, esse cen\u00e1rio convive com entraves macroecon\u00f4micos que comprometem sua sustentabilidade, com destaque para a pol\u00edtica monet\u00e1ria nacional.<\/p>\n\n\n\n<p>Neste artigo, os economistas membros do Grupo de Gestores das Finan\u00e7as Estaduais (Gefin), Carin Deda e Jo\u00e3o Marques, defendem que o Estado brasileiro repense a coer\u00eancia entre as m\u00e9tricas fiscais utilizadas, a pol\u00edtica macroecon\u00f4mica vigente e a realidade das finan\u00e7as p\u00fablicas subnacionais.<\/p>\n\n\n\n<p><em>\u201cA execu\u00e7\u00e3o da pol\u00edtica fiscal em n\u00edvel regional, marcada por investimentos consistentes, maior efici\u00eancia do gasto e efeitos multiplicadores evidentes, precisa ser considerada de forma mais integrada na formula\u00e7\u00e3o da pol\u00edtica econ\u00f4mica nacional\u201d<\/em>, escrevem.<\/p>\n\n\n\n<p><a href=\"https:\/\/comsefaz.org.br\/novo\/wp-content\/uploads\/2025\/07\/Artigo-de-Opiniao-Juros-e-Poupanca-Corrente-COMSEFAZ1.pdf\" title=\"\">Leia o artigo na \u00edntegra aqui<\/a><\/p>\n\n\n\n<p><\/p>\n","protected":false},"excerpt":{"rendered":"<p>A contribui\u00e7\u00e3o dos estados brasileiros no financiamento do desenvolvimento nacional tem crescido ao longo dos \u00faltimos anos. Mesmo com menor autonomia e capacidade fiscal que a Uni\u00e3o, em termos de [&hellip;]<\/p>\n","protected":false},"author":2,"featured_media":13611,"comment_status":"closed","ping_status":"closed","sticky":false,"template":"","format":"standard","meta":{"_acf_changed":false,"om_disable_all_campaigns":false,"_monsterinsights_skip_tracking":false,"_monsterinsights_sitenote_active":false,"_monsterinsights_sitenote_note":"","_monsterinsights_sitenote_category":0,"_EventAllDay":false,"_EventTimezone":"","_EventStartDate":"","_EventEndDate":"","_EventStartDateUTC":"","_EventEndDateUTC":"","_EventShowMap":false,"_EventShowMapLink":false,"_EventURL":"","_EventCost":"","_EventCostDescription":"","_EventCurrencySymbol":"","_EventCurrencyCode":"","_EventCurrencyPosition":"","_EventDateTimeSeparator":"","_EventTimeRangeSeparator":"","_EventOrganizerID":[],"_EventVenueID":[],"_OrganizerEmail":"","_OrganizerPhone":"","_OrganizerWebsite":"","_VenueAddress":"","_VenueCity":"","_VenueCountry":"","_VenueProvince":"","_VenueState":"","_VenueZip":"","_VenuePhone":"","_VenueURL":"","_VenueStateProvince":"","_VenueLat":"","_VenueLng":"","_VenueShowMap":false,"_VenueShowMapLink":false,"_jetpack_memberships_contains_paid_content":false,"footnotes":""},"categories":[2],"tags":[],"class_list":["post-13599","post","type-post","status-publish","format-standard","has-post-thumbnail","hentry","category-artigos"],"acf":[],"aioseo_notices":[],"jetpack_featured_media_url":"https:\/\/comsefaz.org.br\/novo\/wp-content\/uploads\/2025\/07\/post_8_2.png","jetpack_sharing_enabled":true,"_links":{"self":[{"href":"https:\/\/comsefaz.org.br\/novo\/wp-json\/wp\/v2\/posts\/13599","targetHints":{"allow":["GET"]}}],"collection":[{"href":"https:\/\/comsefaz.org.br\/novo\/wp-json\/wp\/v2\/posts"}],"about":[{"href":"https:\/\/comsefaz.org.br\/novo\/wp-json\/wp\/v2\/types\/post"}],"author":[{"embeddable":true,"href":"https:\/\/comsefaz.org.br\/novo\/wp-json\/wp\/v2\/users\/2"}],"replies":[{"embeddable":true,"href":"https:\/\/comsefaz.org.br\/novo\/wp-json\/wp\/v2\/comments?post=13599"}],"version-history":[{"count":4,"href":"https:\/\/comsefaz.org.br\/novo\/wp-json\/wp\/v2\/posts\/13599\/revisions"}],"predecessor-version":[{"id":13607,"href":"https:\/\/comsefaz.org.br\/novo\/wp-json\/wp\/v2\/posts\/13599\/revisions\/13607"}],"wp:featuredmedia":[{"embeddable":true,"href":"https:\/\/comsefaz.org.br\/novo\/wp-json\/wp\/v2\/media\/13611"}],"wp:attachment":[{"href":"https:\/\/comsefaz.org.br\/novo\/wp-json\/wp\/v2\/media?parent=13599"}],"wp:term":[{"taxonomy":"category","embeddable":true,"href":"https:\/\/comsefaz.org.br\/novo\/wp-json\/wp\/v2\/categories?post=13599"},{"taxonomy":"post_tag","embeddable":true,"href":"https:\/\/comsefaz.org.br\/novo\/wp-json\/wp\/v2\/tags?post=13599"}],"curies":[{"name":"wp","href":"https:\/\/api.w.org\/{rel}","templated":true}]}}