{"id":13921,"date":"2025-08-28T13:50:00","date_gmt":"2025-08-28T16:50:00","guid":{"rendered":"https:\/\/comsefaz.org.br\/novo\/?p=13921"},"modified":"2025-08-28T18:05:29","modified_gmt":"2025-08-28T21:05:29","slug":"diretor-institucional-do-comsefaz-fala-sobre-reforma-tributaria-e-lanca-livro-no-vii-congresso-paraibano-de-direito-tributario","status":"publish","type":"post","link":"https:\/\/comsefaz.org.br\/novo\/diretor-institucional-do-comsefaz-fala-sobre-reforma-tributaria-e-lanca-livro-no-vii-congresso-paraibano-de-direito-tributario\/","title":{"rendered":"Diretor institucional do Comsefaz fala sobre reforma tribut\u00e1ria e lan\u00e7a livro no VII Congresso Paraibano de Direito Tribut\u00e1rio"},"content":{"rendered":"\n<p>O diretor institucional do Comsefaz, Andr\u00e9 Horta, participa, nesta sexta-feira (29), do VII Congresso Paraibano de Direito Tribut\u00e1rio. O evento ocorre dias 28 e 29 de agosto, no Garden Hotel, em Campina Grande.<\/p>\n\n\n\n<p>Uma das homenageadas em 2025 \u00e9 a ex-secret\u00e1ria de Fazenda do Cear\u00e1, Fernanda Pacobahyba, atual presidenta do Fundo Nacional de Desenvolvimento da Educa\u00e7\u00e3o (FNDE). Ela foi membro do Colegiado do Comsefaz no per\u00edodo em que esteve \u00e0 frente da pasta da Fazenda no Cear\u00e1. &nbsp;<\/p>\n\n\n\n<p>O congresso vai reunir especialistas na \u00e1rea para debater os novos desafios e avan\u00e7os do direito tribut\u00e1rio e empresarial. As palestras e pain\u00e9is ser\u00e3o conduzidos por profissionais com ampla experi\u00eancia em suas \u00e1reas, que ir\u00e3o compartilhar conhecimentos e insights sobre temas fundamentais da atualidade, fomentando a discuss\u00e3o de solu\u00e7\u00f5es para um cen\u00e1rio econ\u00f4mico e jur\u00eddico em constante transforma\u00e7\u00e3o.<\/p>\n\n\n\n<p><em>\u201cPercep\u00e7\u00e3o assim\u00e9trica e reforma tribut\u00e1ria\u201d<\/em> \u00e9 o tema da palestra do diretor institucional do Comsefaz, Andr\u00e9 Horta, que tamb\u00e9m vai divulgar o lan\u00e7amento do livro <em>\u201cSolidariedade Fiscal: desmistificando o n\u00edvel de tributa\u00e7\u00e3o e seu impacto no crescimento econ\u00f4mico\u201d<\/em>. A obra da editora Contracorrente conta com o apoio do Comsefaz e desfaz o mito de que o Brasil possui uma das arrecada\u00e7\u00f5es tribut\u00e1rias mais elevadas do mundo.<\/p>\n\n\n\n<p>O encontro \u00e9 direcionado a profissionais de diferentes segmentos, como advogados, auditores, administradores, contadores, consultores, servidores p\u00fablicos, integrantes de RH, profissionais de controles internos, gestores financeiros e tribut\u00e1rios, al\u00e9m de estudantes e p\u00fablico em geral.<\/p>\n\n\n\n<p><a href=\"https:\/\/www.sympla.com.br\/evento\/vii-congresso-paraibano-de-direito-tributario\/2766808\">Confira a programa\u00e7\u00e3o completa do evento aqui<\/a><\/p>\n\n\n\n<p>Idealizadora e coordenadora-geral do Congresso Paraibano de Direito Tribut\u00e1rio, a advogada Rafaela Jales conta que o evento vai focar em temas de grande interesse para os profissionais que atuam na \u00e1rea.<\/p>\n\n\n\n<p><em>\u201c\u00c9 um evento importante para a Para\u00edba, para o Nordeste e tamb\u00e9m para o Brasil. Estamos envolvidos com a constru\u00e7\u00e3o do novo sistema tribut\u00e1rio brasileiro que, em 2026, vai entrar em um novo ciclo, passando da teoria \u00e0 pr\u00e1tica. Vamos debater a parte administrativa, fiscal, trazendo aspectos importantes tamb\u00e9m em discuss\u00e3o no Congresso Nacional. Outro tema importante que ser\u00e1 debatido no evento \u00e9 a Intelig\u00eancia Artificial. Ent\u00e3o ser\u00e3o dois dias de imers\u00e3o, com mais de 300 pessoas debatendo as quest\u00f5es envolvendo a reforma tribut\u00e1ria e a Intelig\u00eancia Artificial\u201d,<\/em> destacou a advogada, que agradeceu ao Comsefaz pelo apoio:<\/p>\n\n\n\n<p><em>\u201cQueria agradecer o apoio institucional do Comsefaz ao nosso evento e dizer que o livro Solidariedade Fiscal estar\u00e1 \u00e0 venda, com desconto, aos congressistas e a todo o p\u00fablico que vier ao Congresso participar dos debates\u201d,<\/em> finalizou.<\/p>\n","protected":false},"excerpt":{"rendered":"<p>O diretor institucional do Comsefaz, Andr\u00e9 Horta, participa, nesta sexta-feira (29), do VII Congresso Paraibano de Direito Tribut\u00e1rio. O evento ocorre dias 28 e 29 de agosto, no Garden Hotel, [&hellip;]<\/p>\n","protected":false},"author":2,"featured_media":13924,"comment_status":"closed","ping_status":"closed","sticky":false,"template":"","format":"standard","meta":{"_acf_changed":false,"om_disable_all_campaigns":false,"_monsterinsights_skip_tracking":false,"_monsterinsights_sitenote_active":false,"_monsterinsights_sitenote_note":"","_monsterinsights_sitenote_category":0,"_EventAllDay":false,"_EventTimezone":"","_EventStartDate":"","_EventEndDate":"","_EventStartDateUTC":"","_EventEndDateUTC":"","_EventShowMap":false,"_EventShowMapLink":false,"_EventURL":"","_EventCost":"","_EventCostDescription":"","_EventCurrencySymbol":"","_EventCurrencyCode":"","_EventCurrencyPosition":"","_EventDateTimeSeparator":"","_EventTimeRangeSeparator":"","_EventOrganizerID":[],"_EventVenueID":[],"_OrganizerEmail":"","_OrganizerPhone":"","_OrganizerWebsite":"","_VenueAddress":"","_VenueCity":"","_VenueCountry":"","_VenueProvince":"","_VenueState":"","_VenueZip":"","_VenuePhone":"","_VenueURL":"","_VenueStateProvince":"","_VenueLat":"","_VenueLng":"","_VenueShowMap":false,"_VenueShowMapLink":false,"_jetpack_memberships_contains_paid_content":false,"footnotes":""},"categories":[1],"tags":[],"class_list":["post-13921","post","type-post","status-publish","format-standard","has-post-thumbnail","hentry","category-pl"],"acf":[],"aioseo_notices":[],"jetpack_featured_media_url":"https:\/\/comsefaz.org.br\/novo\/wp-content\/uploads\/2025\/08\/Imagem-do-WhatsApp-de-2025-08-28-as-18.02.02_dc0fd031.jpg","jetpack_sharing_enabled":true,"_links":{"self":[{"href":"https:\/\/comsefaz.org.br\/novo\/wp-json\/wp\/v2\/posts\/13921","targetHints":{"allow":["GET"]}}],"collection":[{"href":"https:\/\/comsefaz.org.br\/novo\/wp-json\/wp\/v2\/posts"}],"about":[{"href":"https:\/\/comsefaz.org.br\/novo\/wp-json\/wp\/v2\/types\/post"}],"author":[{"embeddable":true,"href":"https:\/\/comsefaz.org.br\/novo\/wp-json\/wp\/v2\/users\/2"}],"replies":[{"embeddable":true,"href":"https:\/\/comsefaz.org.br\/novo\/wp-json\/wp\/v2\/comments?post=13921"}],"version-history":[{"count":1,"href":"https:\/\/comsefaz.org.br\/novo\/wp-json\/wp\/v2\/posts\/13921\/revisions"}],"predecessor-version":[{"id":13923,"href":"https:\/\/comsefaz.org.br\/novo\/wp-json\/wp\/v2\/posts\/13921\/revisions\/13923"}],"wp:featuredmedia":[{"embeddable":true,"href":"https:\/\/comsefaz.org.br\/novo\/wp-json\/wp\/v2\/media\/13924"}],"wp:attachment":[{"href":"https:\/\/comsefaz.org.br\/novo\/wp-json\/wp\/v2\/media?parent=13921"}],"wp:term":[{"taxonomy":"category","embeddable":true,"href":"https:\/\/comsefaz.org.br\/novo\/wp-json\/wp\/v2\/categories?post=13921"},{"taxonomy":"post_tag","embeddable":true,"href":"https:\/\/comsefaz.org.br\/novo\/wp-json\/wp\/v2\/tags?post=13921"}],"curies":[{"name":"wp","href":"https:\/\/api.w.org\/{rel}","templated":true}]}}