{"id":13946,"date":"2025-09-04T16:36:23","date_gmt":"2025-09-04T19:36:23","guid":{"rendered":"https:\/\/comsefaz.org.br\/novo\/?p=13946"},"modified":"2025-09-08T14:41:09","modified_gmt":"2025-09-08T17:41:09","slug":"reforma-tributaria-relator-apresenta-parecer-pela-aprovacao-de-abertura-de-credito-que-repara-perdas-dos-estados-e-df-com-extincao-de-beneficios-fiscais","status":"publish","type":"post","link":"https:\/\/comsefaz.org.br\/novo\/reforma-tributaria-relator-apresenta-parecer-pela-aprovacao-de-abertura-de-credito-que-repara-perdas-dos-estados-e-df-com-extincao-de-beneficios-fiscais\/","title":{"rendered":"Reforma tribut\u00e1ria: Relator apresenta parecer pela aprova\u00e7\u00e3o de abertura de cr\u00e9dito que repara perdas dos estados e DF com extin\u00e7\u00e3o de benef\u00edcios fiscais"},"content":{"rendered":"\n<p>O deputado Jos\u00e9 Nelto (Uni\u00e3o\/GO) apresentou parecer pela aprova\u00e7\u00e3o do projeto de lei do Congresso Nacional 6\/2025, que autoriza a abertura de cr\u00e9dito suplementar no valor de R$ 8,3 bilh\u00f5es junto ao Or\u00e7amento Fiscal da Uni\u00e3o.<\/p>\n\n\n\n<p>De acordo com o texto, os recursos do cr\u00e9dito suplementar ser\u00e3o destinados a abastecer o Fundo de Compensa\u00e7\u00e3o de Benef\u00edcios Fiscais ou Financeiro-Fiscais (FCBF) no exerc\u00edcio de 2025, como forma de compensa\u00e7\u00e3o pela perda de arrecada\u00e7\u00e3o de ICMS dos estados e do Distrito Federal em raz\u00e3o da extin\u00e7\u00e3o progressiva dos benef\u00edcios fiscais e financeiro-fiscais aprovada na reforma tribut\u00e1ria.<\/p>\n\n\n\n<p>O fim progressivo dos benef\u00edcios fiscais e financeiros-fiscais est\u00e1 previsto para ocorrer entre 2029 e 2032, com encerramento total em 2033.<\/p>\n\n\n\n<p>Nelto \u00e9 o relator da proposta, que tramita na Comiss\u00e3o Mista de Planos, Or\u00e7amentos P\u00fablicos e Fiscaliza\u00e7\u00e3o da C\u00e2mara dos Deputados. Caso a mat\u00e9ria seja aprovada pela CMO, segue para plen\u00e1rio.<\/p>\n\n\n\n<p><strong>Fundo<\/strong><\/p>\n\n\n\n<p>O Fundo de Compensa\u00e7\u00e3o de Benef\u00edcios Fiscais \u00e9 um dos quatro fundos criados pela Emenda Constitucional 132\/2023.<\/p>\n\n\n\n<p>Segundo a nova legisla\u00e7\u00e3o, a Uni\u00e3o dever\u00e1 transferir ao FCBF, em 2025, o valor de R$ 8 bilh\u00f5es, atualizados, de 2023 at\u00e9 o ano anterior ao da entrega, pela varia\u00e7\u00e3o acumulada do \u00cdndice Nacional de Pre\u00e7os ao Consumidor Amplo (IPCA) ou de outro \u00edndice que vier a substitu\u00ed-lo.<\/p>\n\n\n\n<p><strong>Relat\u00f3rio<\/strong><\/p>\n\n\n\n<p>Segundo o relator Jos\u00e9 Nelto, a abertura do cr\u00e9dito n\u00e3o envolve a meta de resultado prim\u00e1rio do exerc\u00edcio corrente, uma vez que se refere exclusivamente \u00e0 complementa\u00e7\u00e3o de despesas financeiras, as quais n\u00e3o s\u00e3o consideradas no c\u00e1lculo dessa meta.<\/p>\n\n\n\n<p>Do mesmo modo, n\u00e3o amplia os limites individualizados de despesas prim\u00e1rias, j\u00e1 que incide apenas sobre despesas financeiras fora da base de c\u00e1lculo desses limites. Al\u00e9m disso, considera que a medida contribui positivamente para o cumprimento da \u201cRegra de Ouro\u201d.<\/p>\n\n\n\n<p>O relat\u00f3rio tamb\u00e9m destaca que a altera\u00e7\u00e3o decorre de solicita\u00e7\u00e3o formalizada no Sistema Integrado de Planejamento e Or\u00e7amento (SIOP) e n\u00e3o acarretar\u00e1 preju\u00edzos \u00e0 execu\u00e7\u00e3o da programa\u00e7\u00e3o, por recair sobre a reserva de conting\u00eancia.<\/p>\n","protected":false},"excerpt":{"rendered":"<p>O deputado Jos\u00e9 Nelto (Uni\u00e3o\/GO) apresentou parecer pela aprova\u00e7\u00e3o do projeto de lei do Congresso Nacional 6\/2025, que autoriza a abertura de cr\u00e9dito suplementar no valor de R$ 8,3 bilh\u00f5es [&hellip;]<\/p>\n","protected":false},"author":2,"featured_media":13957,"comment_status":"closed","ping_status":"closed","sticky":false,"template":"","format":"standard","meta":{"_acf_changed":false,"om_disable_all_campaigns":false,"_monsterinsights_skip_tracking":false,"_monsterinsights_sitenote_active":false,"_monsterinsights_sitenote_note":"","_monsterinsights_sitenote_category":0,"_EventAllDay":false,"_EventTimezone":"","_EventStartDate":"","_EventEndDate":"","_EventStartDateUTC":"","_EventEndDateUTC":"","_EventShowMap":false,"_EventShowMapLink":false,"_EventURL":"","_EventCost":"","_EventCostDescription":"","_EventCurrencySymbol":"","_EventCurrencyCode":"","_EventCurrencyPosition":"","_EventDateTimeSeparator":"","_EventTimeRangeSeparator":"","_EventOrganizerID":[],"_EventVenueID":[],"_OrganizerEmail":"","_OrganizerPhone":"","_OrganizerWebsite":"","_VenueAddress":"","_VenueCity":"","_VenueCountry":"","_VenueProvince":"","_VenueState":"","_VenueZip":"","_VenuePhone":"","_VenueURL":"","_VenueStateProvince":"","_VenueLat":"","_VenueLng":"","_VenueShowMap":false,"_VenueShowMapLink":false,"_jetpack_memberships_contains_paid_content":false,"footnotes":""},"categories":[10],"tags":[],"class_list":["post-13946","post","type-post","status-publish","format-standard","has-post-thumbnail","hentry","category-noticias"],"acf":[],"aioseo_notices":[],"jetpack_featured_media_url":"https:\/\/comsefaz.org.br\/novo\/wp-content\/uploads\/2025\/09\/shutterstock_2343395953-scaled.jpg","jetpack_sharing_enabled":true,"_links":{"self":[{"href":"https:\/\/comsefaz.org.br\/novo\/wp-json\/wp\/v2\/posts\/13946","targetHints":{"allow":["GET"]}}],"collection":[{"href":"https:\/\/comsefaz.org.br\/novo\/wp-json\/wp\/v2\/posts"}],"about":[{"href":"https:\/\/comsefaz.org.br\/novo\/wp-json\/wp\/v2\/types\/post"}],"author":[{"embeddable":true,"href":"https:\/\/comsefaz.org.br\/novo\/wp-json\/wp\/v2\/users\/2"}],"replies":[{"embeddable":true,"href":"https:\/\/comsefaz.org.br\/novo\/wp-json\/wp\/v2\/comments?post=13946"}],"version-history":[{"count":1,"href":"https:\/\/comsefaz.org.br\/novo\/wp-json\/wp\/v2\/posts\/13946\/revisions"}],"predecessor-version":[{"id":13948,"href":"https:\/\/comsefaz.org.br\/novo\/wp-json\/wp\/v2\/posts\/13946\/revisions\/13948"}],"wp:featuredmedia":[{"embeddable":true,"href":"https:\/\/comsefaz.org.br\/novo\/wp-json\/wp\/v2\/media\/13957"}],"wp:attachment":[{"href":"https:\/\/comsefaz.org.br\/novo\/wp-json\/wp\/v2\/media?parent=13946"}],"wp:term":[{"taxonomy":"category","embeddable":true,"href":"https:\/\/comsefaz.org.br\/novo\/wp-json\/wp\/v2\/categories?post=13946"},{"taxonomy":"post_tag","embeddable":true,"href":"https:\/\/comsefaz.org.br\/novo\/wp-json\/wp\/v2\/tags?post=13946"}],"curies":[{"name":"wp","href":"https:\/\/api.w.org\/{rel}","templated":true}]}}