{"id":14069,"date":"2025-09-29T09:06:11","date_gmt":"2025-09-29T12:06:11","guid":{"rendered":"https:\/\/comsefaz.org.br\/novo\/?p=14069"},"modified":"2025-09-29T09:44:52","modified_gmt":"2025-09-29T12:44:52","slug":"com-presidente-do-comite-gestor-do-ibs-50a-reuniao-ordinaria-do-comsefaz-debate-em-porto-alegre-rs-efeitos-da-reforma-tributaria-para-os-estados","status":"publish","type":"post","link":"https:\/\/comsefaz.org.br\/novo\/com-presidente-do-comite-gestor-do-ibs-50a-reuniao-ordinaria-do-comsefaz-debate-em-porto-alegre-rs-efeitos-da-reforma-tributaria-para-os-estados\/","title":{"rendered":"Com presidente do Comit\u00ea Gestor do IBS, 50\u00aa Reuni\u00e3o Ordin\u00e1ria do Comsefaz debate em Porto Alegre (RS) efeitos da reforma tribut\u00e1ria para os estados"},"content":{"rendered":"\n<p>Na primeira semana de outubro, Porto Alegre ser\u00e1 o epicentro do debate nacional sobre os efeitos da reforma tribut\u00e1ria para o pa\u00eds. A capital ga\u00facha sedia, na pr\u00f3xima quinta-feira (2), a 50\u00aa Reuni\u00e3o Ordin\u00e1ria do Comsefaz, principal f\u00f3rum de debates e decis\u00f5es fiscais e tribut\u00e1rias que re\u00fane os secret\u00e1rios de Fazenda dos 26 estados e Distrito Federal.<\/p>\n\n\n\n<p>O evento acontece a partir das 9h, no Farol Santander Porto Alegre, no Centro Hist\u00f3rico da cidade. No dia seguinte, o Confaz promove sua 198\u00aa Reuni\u00e3o Ordin\u00e1ria, com a participa\u00e7\u00e3o de representantes do governo federal e das Fazendas estaduais.<\/p>\n\n\n\n<p><a href=\"https:\/\/semanafazendariars.com.br\/\">Acesse o site oficial do evento e veja a programa\u00e7\u00e3o completa e outras dicas<\/a><\/p>\n\n\n\n<p><strong>Reforma tribut\u00e1ria<\/strong><\/p>\n\n\n\n<p>O impacto da reforma tribut\u00e1ria para os estados ser\u00e1 o tema central da 50\u00aa Reuni\u00e3o Ordin\u00e1ria do Comsefaz, com destaque para o Projeto de Lei Complementar 108\/2024, que institui o Comit\u00ea Gestor do IBS, al\u00e9m dispor sobre o processo administrativo tribut\u00e1rio, a distribui\u00e7\u00e3o federativa de receitas e outros pontos.<\/p>\n\n\n\n<p>O Senado marcou para a pr\u00f3xima ter\u00e7a-feira (30) a vota\u00e7\u00e3o do PLP 108, relatado pelo senador Eduardo Braga (MDB-AM). Caso o projeto avance, segue para nova an\u00e1lise da C\u00e2mara e, na sequ\u00eancia, vai \u00e0 san\u00e7\u00e3o presidencial.<\/p>\n\n\n\n<p>Eleito em 1\u00ba de agosto para presidir o Comit\u00ea Gestor Tempor\u00e1rio do IBS, o presidente do Comsefaz, Fl\u00e1vio C\u00e9sar, vai conduzir a reuni\u00e3o ao lado da secret\u00e1ria de Fazenda do Rio Grande do Sul, Pricilla Santana, anfitri\u00e3 do evento.<\/p>\n\n\n\n<p>Al\u00e9m do PLP 108\/2024, os secret\u00e1rios das Fazendas estaduais v\u00e3o debater a Lei Org\u00e2nica Nacional da Administra\u00e7\u00e3o Tribut\u00e1ria, os impactos administrativos da reforma tribut\u00e1ria e tamb\u00e9m ser\u00e3o atualizados sobre os trabalhos desenvolvidos no Pr\u00e9-Comit\u00ea Gestor do IBS.<\/p>\n\n\n\n<p>A pauta ainda inclui a atualiza\u00e7\u00e3o sobre as pesquisas que vem sendo desenvolvidas pelo Comsefaz, informa\u00e7\u00f5es sobre a forma\u00e7\u00e3o da segunda turma do M\u00e1ster em Fazenda P\u00fablica, Administra\u00e7\u00e3o Financeira e Tribut\u00e1ria e outros pontos de interesse dos estados.<\/p>\n\n\n\n<p><strong>Entrevista coletiva<\/strong><\/p>\n\n\n\n<p>Na sexta-feira, 3 de outubro, o presidente do Comsefaz e tamb\u00e9m do Comit\u00ea Gestor do IBS, Fl\u00e1vio C\u00e9sar, recebe a imprensa para uma entrevista coletiva ao lado da secret\u00e1ria de Fazenda do Rio Grande do Sul, Pricilla Santana.<\/p>\n\n\n\n<p>Eles responder\u00e3o perguntas dos jornalistas sobre o evento e as pautas de interesse federativo em discuss\u00e3o na reforma tribut\u00e1ria, em especial o PLP 108\/2024.<\/p>\n\n\n\n<p>A entrevista vai ocorrer a partir das 8h30, no Farol Santander, antes da 198\u00aa Reuni\u00e3o Ordin\u00e1ria do Confaz.<\/p>\n\n\n\n<p><strong>Semana Fazend\u00e1ria<\/strong><\/p>\n\n\n\n<p>As reuni\u00f5es do Comsefaz e do Confaz integram a programa\u00e7\u00e3o da Semana Fazend\u00e1ria do Rio Grande do Sul, que conta ainda com a 85\u00aa Reuni\u00e3o Ordin\u00e1ria do Grupo de Gestores das Finan\u00e7as Estaduais (Gefin), dias 29 e 30 de setembro; a Reuni\u00e3o da Comiss\u00e3o T\u00e9cnica Permanente do ICMS, dia 1\u00ba de outubro; a 65\u00aa Reuni\u00e3o Ordin\u00e1ria da Comiss\u00e3o de Gest\u00e3o Fazend\u00e1ria (Cogef), de 6 a 8 de outubro; a Reuni\u00e3o Ordin\u00e1ria do Grupo de Desenvolvimento do Servidor Fazend\u00e1rio (GDFAZ), de 6 a 8 de outubro; e a 24\u00aa Reuni\u00e3o do GT 66 do Grupo Nacional de Educa\u00e7\u00e3o Fiscal (GEF), de 8 a 10 de outubro.&nbsp;<\/p>\n","protected":false},"excerpt":{"rendered":"<p>Na primeira semana de outubro, Porto Alegre ser\u00e1 o epicentro do debate nacional sobre os efeitos da reforma tribut\u00e1ria para o pa\u00eds. A capital ga\u00facha sedia, na pr\u00f3xima quinta-feira (2), [&hellip;]<\/p>\n","protected":false},"author":2,"featured_media":14071,"comment_status":"closed","ping_status":"closed","sticky":false,"template":"","format":"standard","meta":{"_acf_changed":false,"om_disable_all_campaigns":false,"_monsterinsights_skip_tracking":false,"_monsterinsights_sitenote_active":false,"_monsterinsights_sitenote_note":"","_monsterinsights_sitenote_category":0,"_EventAllDay":false,"_EventTimezone":"","_EventStartDate":"","_EventEndDate":"","_EventStartDateUTC":"","_EventEndDateUTC":"","_EventShowMap":false,"_EventShowMapLink":false,"_EventURL":"","_EventCost":"","_EventCostDescription":"","_EventCurrencySymbol":"","_EventCurrencyCode":"","_EventCurrencyPosition":"","_EventDateTimeSeparator":"","_EventTimeRangeSeparator":"","_EventOrganizerID":[],"_EventVenueID":[],"_OrganizerEmail":"","_OrganizerPhone":"","_OrganizerWebsite":"","_VenueAddress":"","_VenueCity":"","_VenueCountry":"","_VenueProvince":"","_VenueState":"","_VenueZip":"","_VenuePhone":"","_VenueURL":"","_VenueStateProvince":"","_VenueLat":"","_VenueLng":"","_VenueShowMap":false,"_VenueShowMapLink":false,"_jetpack_memberships_contains_paid_content":false,"footnotes":""},"categories":[10],"tags":[],"class_list":["post-14069","post","type-post","status-publish","format-standard","has-post-thumbnail","hentry","category-noticias"],"acf":[],"aioseo_notices":[],"jetpack_featured_media_url":"https:\/\/comsefaz.org.br\/novo\/wp-content\/uploads\/2025\/09\/Imagem-do-WhatsApp-de-2025-09-29-as-09.32.50_70787a3d.jpg","jetpack_sharing_enabled":true,"_links":{"self":[{"href":"https:\/\/comsefaz.org.br\/novo\/wp-json\/wp\/v2\/posts\/14069","targetHints":{"allow":["GET"]}}],"collection":[{"href":"https:\/\/comsefaz.org.br\/novo\/wp-json\/wp\/v2\/posts"}],"about":[{"href":"https:\/\/comsefaz.org.br\/novo\/wp-json\/wp\/v2\/types\/post"}],"author":[{"embeddable":true,"href":"https:\/\/comsefaz.org.br\/novo\/wp-json\/wp\/v2\/users\/2"}],"replies":[{"embeddable":true,"href":"https:\/\/comsefaz.org.br\/novo\/wp-json\/wp\/v2\/comments?post=14069"}],"version-history":[{"count":1,"href":"https:\/\/comsefaz.org.br\/novo\/wp-json\/wp\/v2\/posts\/14069\/revisions"}],"predecessor-version":[{"id":14070,"href":"https:\/\/comsefaz.org.br\/novo\/wp-json\/wp\/v2\/posts\/14069\/revisions\/14070"}],"wp:featuredmedia":[{"embeddable":true,"href":"https:\/\/comsefaz.org.br\/novo\/wp-json\/wp\/v2\/media\/14071"}],"wp:attachment":[{"href":"https:\/\/comsefaz.org.br\/novo\/wp-json\/wp\/v2\/media?parent=14069"}],"wp:term":[{"taxonomy":"category","embeddable":true,"href":"https:\/\/comsefaz.org.br\/novo\/wp-json\/wp\/v2\/categories?post=14069"},{"taxonomy":"post_tag","embeddable":true,"href":"https:\/\/comsefaz.org.br\/novo\/wp-json\/wp\/v2\/tags?post=14069"}],"curies":[{"name":"wp","href":"https:\/\/api.w.org\/{rel}","templated":true}]}}