{"id":14579,"date":"2026-01-28T10:42:55","date_gmt":"2026-01-28T13:42:55","guid":{"rendered":"https:\/\/comsefaz.org.br\/novo\/?p=14579"},"modified":"2026-01-28T17:39:19","modified_gmt":"2026-01-28T20:39:19","slug":"comite-gestor-do-ibs-estados-e-municipios-confirmam-os-54-representantes-que-vao-compor-o-conselho-superior-da-entidade","status":"publish","type":"post","link":"https:\/\/comsefaz.org.br\/novo\/comite-gestor-do-ibs-estados-e-municipios-confirmam-os-54-representantes-que-vao-compor-o-conselho-superior-da-entidade\/","title":{"rendered":"Comit\u00ea Gestor do IBS: Estados e munic\u00edpios confirmam os 54 representantes que v\u00e3o compor o Conselho Superior da entidade"},"content":{"rendered":"\n<p>Os 54 representantes dos estados, do Distrito Federal e dos munic\u00edpios que v\u00e3o compor o Conselho Superior do Comit\u00ea Gestor do IBS j\u00e1 est\u00e3o definidos, na forma estabelecida pela Lei Complementar n\u00ba 227, de 2026.<\/p>\n\n\n\n<p>No \u00e2mbito estadual e distrital, as indica\u00e7\u00f5es s\u00e3o realizadas pelos governadores, que encaminharam os nomes das secret\u00e1rias e os secret\u00e1rios de Fazenda. J\u00e1 no \u00e2mbito municipal, nesse primeiro momento, as vagas s\u00e3o preenchidas por indica\u00e7\u00e3o das entidades representativas dos munic\u00edpios, conforme previsto na legisla\u00e7\u00e3o.<\/p>\n\n\n\n<p>Nesta ter\u00e7a-feira (27), a Confedera\u00e7\u00e3o Nacional dos Munic\u00edpios (CNM) indicou 14 nomes de sua compet\u00eancia para a composi\u00e7\u00e3o dos assentos municipais do colegiado. A escolha foi homologada em assembleia geral presencial, em Bras\u00edlia.&nbsp;<\/p>\n\n\n\n<p>As demais entidades j\u00e1 haviam indicados seus respectivos representantes. Em maio de 2025, os governadores definiram os nomes dos 27 representantes dos estados, todos secret\u00e1rias e secret\u00e1rios de Fazenda, na forma prevista na legisla\u00e7\u00e3o. &nbsp;J\u00e1 em 23 de janeiro deste ano, a Frente Nacional das Prefeitas e dos Prefeitos (FNP) anunciou os 13 representantes dos munic\u00edpios com popula\u00e7\u00e3o acima de 200 mil habitantes.<\/p>\n\n\n\n<p>A nova legisla\u00e7\u00e3o da reforma tribut\u00e1ria estabeleceu que, excepcionalmente para fins de instala\u00e7\u00e3o do Comit\u00ea Gestor (CGIBS) em car\u00e1ter provis\u00f3rio, a escolha dos primeiros representantes municipais ocorre por indica\u00e7\u00e3o das entidades municipais. Com a san\u00e7\u00e3o da Lei Complementar n\u00ba 227, em 13 de janeiro de 2026, formalizou-se que a CNM e a FNP s\u00e3o respons\u00e1veis por indicar esses membros titulares e suplentes para o primeiro mandato, o qual vigorar\u00e1 at\u00e9 que seja implementado o processo eleitoral definitivo desses representantes.<\/p>\n\n\n\n<p>Dessa forma, 13 membros foram homologados pela FNP e os outros 14 pela CNM.<\/p>\n\n\n\n<p>O primeiro mandato do Comit\u00ea Gestor Provis\u00f3rio ter\u00e1 vig\u00eancia tempor\u00e1ria at\u00e9 31 de mar\u00e7o de 2027, per\u00edodo que marca a transi\u00e7\u00e3o para a realiza\u00e7\u00e3o da primeira elei\u00e7\u00e3o formal dos representantes municipais.<\/p>\n\n\n\n<p>O presidente do Comit\u00ea Gestor Provis\u00f3rio \u00e9 o secret\u00e1rio de Fazenda do Mato Grosso do Sul <a>e atual presidente do Comsefaz<\/a>, Fl\u00e1vio C\u00e9sar Mendes de Oliveira. Ele foi eleito em 1\u00ba de agosto de 2025.<\/p>\n\n\n\n<p>Para Fl\u00e1vio C\u00e9sar, a conclus\u00e3o da composi\u00e7\u00e3o do Conselho Superior representa um marco institucional:<\/p>\n\n\n\n<p><em>\u201cA formaliza\u00e7\u00e3o do Conselho Superior do Comit\u00ea Gestor do IBS, com a confirma\u00e7\u00e3o dos 54 representantes dos estados e dos munic\u00edpios, \u00e9 um momento hist\u00f3rico para o federalismo brasileiro. Est\u00e1vamos ansiosos por esse dia. Numa demonstra\u00e7\u00e3o de maturidade e, principalmente, de responsabilidade com o pa\u00eds, estados e munic\u00edpios v\u00e3o avan\u00e7ar juntos a partir de agora para encaminhar as demandas mais priorit\u00e1rias e colocar o Comit\u00ea Gestor do IBS em pleno funcionamento, conforme estabelece a nova legisla\u00e7\u00e3o tribut\u00e1ria<\/em>\u201d, afirmou o presidente do Comit\u00ea Gestor do IBS, Fl\u00e1vio C\u00e9sar.&nbsp;<\/p>\n\n\n\n<p><strong>Representantes<\/strong><\/p>\n\n\n\n<p><a href=\"https:\/\/comsefaz.org.br\/novo\/reforma-tributaria-conselho-superior-do-comite-gestor-do-ibs-e-instalado-e-membros-indicados-pelos-estados-tomam-posse\/\">Confira os nomes dos representantes indicados pelos Estados &#8211; Governadores<\/a><\/p>\n\n\n\n<p><a href=\"https:\/\/fnp.org.br\/noticias\/item\/3717-reforma-tributaria-fnp-escolhe-as-cidades-que-vao-compor-o-conselho-superior-do-cg-ibs\">Confira os nomes dos representantes indicados pelos Munic\u00edpios &#8211; FNP<\/a><\/p>\n\n\n\n<p><a href=\"https:\/\/cnm.org.br\/storage\/noticias\/2026\/Links\/Lista%20indicados%20CNM%20CGIBS.pdf\">Confira os nomes dos representantes indicados pelo Munic\u00edpios \u2013 CNM<\/a>&nbsp;<\/p>\n\n\n\n<p><strong>Nova etapa do federalismo<br><br><\/strong>O Comit\u00ea Gestor do IBS representa uma experi\u00eancia in\u00e9dita no federalismo brasileiro. Pela primeira vez, estados e munic\u00edpios passam a compartilhar a compet\u00eancia de um imposto que inaugura uma nova etapa de coopera\u00e7\u00e3o federativa, sendo necess\u00e1rio consolidar um arranjo institucional capaz de assegurar respeito integral \u00e0s autonomias de cada ente. A estimativa \u00e9 de que os entes subnacionais administrem, de forma conjunta, aproximadamente R$ 1 trilh\u00e3o por ano.<\/p>\n\n\n\n<p>Entidade p\u00fablica de interesse especial, o Conselho Superior do Comit\u00ea Gestor \u00e9 formado por 54 membros titulares, sendo 27 representando os estados e 27 indicados pelos munic\u00edpios. Juntos, os entes subnacionais v\u00e3o administrar o Imposto sobre Bens e Servi\u00e7os (IBS), criado no \u00e2mbito da reforma tribut\u00e1ria e que vai unificar o ICMS (estadual) e o ISS (municipal).<\/p>\n\n\n\n<p>Entre as fun\u00e7\u00f5es do CGIBS definidas pela LC227\/2026 est\u00e3o a de arrecadar o imposto e distribuir o produto dessa arrecada\u00e7\u00e3o aos estados, ao Distrito Federal e aos munic\u00edpios.<\/p>\n\n\n\n<p>O Comit\u00ea tamb\u00e9m ter\u00e1 a responsabilidade de editar o regulamento do IBS, uniformizar a interpreta\u00e7\u00e3o, decidir o contencioso administrativo, entre outras decis\u00f5es t\u00e9cnicas.<\/p>\n\n\n\n<p><a id=\"_msocom_1\"><\/a><\/p>\n","protected":false},"excerpt":{"rendered":"<p>Os 54 representantes dos estados, do Distrito Federal e dos munic\u00edpios que v\u00e3o compor o Conselho Superior do Comit\u00ea Gestor do IBS j\u00e1 est\u00e3o definidos, na forma estabelecida pela Lei [&hellip;]<\/p>\n","protected":false},"author":2,"featured_media":14580,"comment_status":"closed","ping_status":"closed","sticky":false,"template":"","format":"standard","meta":{"_acf_changed":false,"om_disable_all_campaigns":false,"_monsterinsights_skip_tracking":false,"_monsterinsights_sitenote_active":false,"_monsterinsights_sitenote_note":"","_monsterinsights_sitenote_category":0,"_EventAllDay":false,"_EventTimezone":"","_EventStartDate":"","_EventEndDate":"","_EventStartDateUTC":"","_EventEndDateUTC":"","_EventShowMap":false,"_EventShowMapLink":false,"_EventURL":"","_EventCost":"","_EventCostDescription":"","_EventCurrencySymbol":"","_EventCurrencyCode":"","_EventCurrencyPosition":"","_EventDateTimeSeparator":"","_EventTimeRangeSeparator":"","_EventOrganizerID":[],"_EventVenueID":[],"_OrganizerEmail":"","_OrganizerPhone":"","_OrganizerWebsite":"","_VenueAddress":"","_VenueCity":"","_VenueCountry":"","_VenueProvince":"","_VenueState":"","_VenueZip":"","_VenuePhone":"","_VenueURL":"","_VenueStateProvince":"","_VenueLat":"","_VenueLng":"","_VenueShowMap":false,"_VenueShowMapLink":false,"_jetpack_memberships_contains_paid_content":false,"footnotes":""},"categories":[10],"tags":[],"class_list":["post-14579","post","type-post","status-publish","format-standard","has-post-thumbnail","hentry","category-noticias"],"acf":[],"aioseo_notices":[],"jetpack_featured_media_url":"https:\/\/comsefaz.org.br\/novo\/wp-content\/uploads\/2026\/01\/Imagem-do-WhatsApp-de-2025-06-10-as-15.44.50_add3637a-1-scaled-e1749647176620-1024x599-1.jpg","jetpack_sharing_enabled":true,"_links":{"self":[{"href":"https:\/\/comsefaz.org.br\/novo\/wp-json\/wp\/v2\/posts\/14579","targetHints":{"allow":["GET"]}}],"collection":[{"href":"https:\/\/comsefaz.org.br\/novo\/wp-json\/wp\/v2\/posts"}],"about":[{"href":"https:\/\/comsefaz.org.br\/novo\/wp-json\/wp\/v2\/types\/post"}],"author":[{"embeddable":true,"href":"https:\/\/comsefaz.org.br\/novo\/wp-json\/wp\/v2\/users\/2"}],"replies":[{"embeddable":true,"href":"https:\/\/comsefaz.org.br\/novo\/wp-json\/wp\/v2\/comments?post=14579"}],"version-history":[{"count":7,"href":"https:\/\/comsefaz.org.br\/novo\/wp-json\/wp\/v2\/posts\/14579\/revisions"}],"predecessor-version":[{"id":14591,"href":"https:\/\/comsefaz.org.br\/novo\/wp-json\/wp\/v2\/posts\/14579\/revisions\/14591"}],"wp:featuredmedia":[{"embeddable":true,"href":"https:\/\/comsefaz.org.br\/novo\/wp-json\/wp\/v2\/media\/14580"}],"wp:attachment":[{"href":"https:\/\/comsefaz.org.br\/novo\/wp-json\/wp\/v2\/media?parent=14579"}],"wp:term":[{"taxonomy":"category","embeddable":true,"href":"https:\/\/comsefaz.org.br\/novo\/wp-json\/wp\/v2\/categories?post=14579"},{"taxonomy":"post_tag","embeddable":true,"href":"https:\/\/comsefaz.org.br\/novo\/wp-json\/wp\/v2\/tags?post=14579"}],"curies":[{"name":"wp","href":"https:\/\/api.w.org\/{rel}","templated":true}]}}