{"id":14899,"date":"2026-03-11T16:01:19","date_gmt":"2026-03-11T19:01:19","guid":{"rendered":"https:\/\/comsefaz.org.br\/novo\/?p=14899"},"modified":"2026-03-11T16:01:22","modified_gmt":"2026-03-11T19:01:22","slug":"deputado-luiz-carlos-hauly-apresenta-voto-de-louvor-a-presidente-e-vice-presidentes-do-comite-gestor-do-ibs","status":"publish","type":"post","link":"https:\/\/comsefaz.org.br\/novo\/deputado-luiz-carlos-hauly-apresenta-voto-de-louvor-a-presidente-e-vice-presidentes-do-comite-gestor-do-ibs\/","title":{"rendered":"Deputado Luiz Carlos Hauly apresenta voto de louvor a presidente e vice-presidentes do Comit\u00ea Gestor do IBS"},"content":{"rendered":"\n<p>O deputado federal Luiz Carlos Hauly (Podemos-PR) apresentou requerimento na C\u00e2mara dos Deputados nesta ter\u00e7a-feira (10), solicitando o registro de voto de louvor ao secret\u00e1rio de Fazenda de Mato Grosso do Sul e presidente do Comit\u00ea Nacional de Secret\u00e1rios de Fazenda (Comsefaz), Fl\u00e1vio C\u00e9sar Mendes de Oliveira, por sua recondu\u00e7\u00e3o \u00e0 presid\u00eancia do Comit\u00ea Gestor do Imposto sobre Bens e Servi\u00e7os (CGIBS).<\/p>\n\n\n\n<p>O parlamentar tamb\u00e9m incluiu no requerimento os vice-presidentes eleitos do Comit\u00ea, Luiz Felipe Vidal Arellano, secret\u00e1rio da Fazenda do munic\u00edpio de S\u00e3o Paulo, e Luiz Cl\u00e1udio Fernandes Louren\u00e7o Gomes, secret\u00e1rio de Fazenda de Minas Gerais.<\/p>\n\n\n\n<p>O pedido dever\u00e1 ser publicado no Di\u00e1rio Oficial da C\u00e2mara dos Deputados ap\u00f3s despacho do presidente da Casa.<\/p>\n\n\n\n<figure class=\"wp-block-image size-full is-resized\"><img fetchpriority=\"high\" decoding=\"async\" width=\"1000\" height=\"667\" src=\"https:\/\/comsefaz.org.br\/novo\/wp-content\/uploads\/2026\/03\/deputado-Luiz-Carlos-Hauly-.webp\" alt=\"\" class=\"wp-image-14900\" style=\"aspect-ratio:1.499267935578331;width:759px;height:auto\" srcset=\"https:\/\/comsefaz.org.br\/novo\/wp-content\/uploads\/2026\/03\/deputado-Luiz-Carlos-Hauly-.webp 1000w, https:\/\/comsefaz.org.br\/novo\/wp-content\/uploads\/2026\/03\/deputado-Luiz-Carlos-Hauly--300x200.webp 300w, https:\/\/comsefaz.org.br\/novo\/wp-content\/uploads\/2026\/03\/deputado-Luiz-Carlos-Hauly--768x512.webp 768w\" sizes=\"(max-width: 1000px) 100vw, 1000px\" \/><figcaption class=\"wp-element-caption\">Deputado Luiz Carlos Hauly (Podemos-PR) &#8211; Foto: Cleia Viana\/C\u00e2mara dos Deputados<\/figcaption><\/figure>\n\n\n\n<p>Na justificativa do requerimento, Hauly afirma que o voto de louvor busca registrar o reconhecimento do Parlamento \u00e0 atua\u00e7\u00e3o da nova dire\u00e7\u00e3o do Comit\u00ea Gestor na condu\u00e7\u00e3o da implementa\u00e7\u00e3o do novo modelo tribut\u00e1rio.<\/p>\n\n\n\n<p>\u201cO voto de louvor tem por finalidade registrar o reconhecimento desta Casa Legislativa \u00e0 lideran\u00e7a, \u00e0 compet\u00eancia t\u00e9cnica e ao compromisso institucional demonstrados pelos empossados na condu\u00e7\u00e3o dos trabalhos do Comit\u00ea Gestor do Imposto sobre Bens e Servi\u00e7os (IBS), \u00f3rg\u00e3o central para a implementa\u00e7\u00e3o da nova arquitetura do sistema tribut\u00e1rio brasileiro\u201d, afirmou o deputado no documento.<\/p>\n\n\n\n<p>Segundo o parlamentar, a recondu\u00e7\u00e3o de Fl\u00e1vio C\u00e9sar \u00e0 presid\u00eancia do Comit\u00ea Gestor representa um gesto de confian\u00e7a institucional em sua capacidade de coordena\u00e7\u00e3o federativa em um momento considerado hist\u00f3rico para o pa\u00eds.<\/p>\n\n\n\n<p>\u201cA recondu\u00e7\u00e3o do referido dirigente \u00e0 presid\u00eancia do Comit\u00ea Gestor representa um importante gesto de confian\u00e7a institucional em sua capacidade de coordena\u00e7\u00e3o e de di\u00e1logo federativo, especialmente em um momento hist\u00f3rico para o pa\u00eds, marcado pela implementa\u00e7\u00e3o da reforma tribut\u00e1ria do consumo no Brasil\u201d, destacou.<\/p>\n\n\n\n<p>Hauly tamb\u00e9m afirmou que a composi\u00e7\u00e3o da nova dire\u00e7\u00e3o do Comit\u00ea reflete o esp\u00edrito cooperativo do federalismo fiscal brasileiro.<\/p>\n\n\n\n<p>\u201cA composi\u00e7\u00e3o da nova dire\u00e7\u00e3o do Comit\u00ea Gestor reflete o esp\u00edrito cooperativo do federalismo fiscal brasileiro, reunindo representantes das esferas estadual e municipal com elevado grau de qualifica\u00e7\u00e3o t\u00e9cnica e institucional\u201d, afirmou.<\/p>\n\n\n\n<h2 class=\"wp-block-heading\"><strong>Elei\u00e7\u00f5es<\/strong><\/h2>\n\n\n\n<p>A elei\u00e7\u00e3o da presid\u00eancia e da diretoria do Conselho Superior do CGIBS ocorreu na ter\u00e7a-feira (10) e marcou a primeira etapa de estrutura\u00e7\u00e3o institucional do \u00f3rg\u00e3o respons\u00e1vel pela administra\u00e7\u00e3o do novo tributo sobre o consumo institu\u00eddo pela Emenda Constitucional n\u00ba 132\/2023. <a href=\"https:\/\/comsefaz.org.br\/novo\/conselho-superior-elege-presidente-e-vices-para-a-gestao-do-comite-gestor-ate-2027\/\"><strong>Leia mat\u00e9ria na \u00edntegra&nbsp;<\/strong><\/a><\/p>\n\n\n\n<p><\/p>\n","protected":false},"excerpt":{"rendered":"<p>Parlamentar destaca lideran\u00e7a de Fl\u00e1vio C\u00e9sar e o papel da nova dire\u00e7\u00e3o do CGIBS na implementa\u00e7\u00e3o da reforma tribut\u00e1ria do consumo<\/p>\n","protected":false},"author":2,"featured_media":14901,"comment_status":"closed","ping_status":"closed","sticky":false,"template":"","format":"standard","meta":{"_acf_changed":false,"om_disable_all_campaigns":false,"_monsterinsights_skip_tracking":false,"_monsterinsights_sitenote_active":false,"_monsterinsights_sitenote_note":"","_monsterinsights_sitenote_category":0,"_EventAllDay":false,"_EventTimezone":"","_EventStartDate":"","_EventEndDate":"","_EventStartDateUTC":"","_EventEndDateUTC":"","_EventShowMap":false,"_EventShowMapLink":false,"_EventURL":"","_EventCost":"","_EventCostDescription":"","_EventCurrencySymbol":"","_EventCurrencyCode":"","_EventCurrencyPosition":"","_EventDateTimeSeparator":"","_EventTimeRangeSeparator":"","_EventOrganizerID":[],"_EventVenueID":[],"_OrganizerEmail":"","_OrganizerPhone":"","_OrganizerWebsite":"","_VenueAddress":"","_VenueCity":"","_VenueCountry":"","_VenueProvince":"","_VenueState":"","_VenueZip":"","_VenuePhone":"","_VenueURL":"","_VenueStateProvince":"","_VenueLat":"","_VenueLng":"","_VenueShowMap":false,"_VenueShowMapLink":false,"_jetpack_memberships_contains_paid_content":false,"footnotes":""},"categories":[1],"tags":[],"class_list":["post-14899","post","type-post","status-publish","format-standard","has-post-thumbnail","hentry","category-pl"],"acf":[],"aioseo_notices":[],"jetpack_featured_media_url":"https:\/\/comsefaz.org.br\/novo\/wp-content\/uploads\/2026\/03\/Empossados-CGIBS.jpeg","jetpack_sharing_enabled":true,"_links":{"self":[{"href":"https:\/\/comsefaz.org.br\/novo\/wp-json\/wp\/v2\/posts\/14899","targetHints":{"allow":["GET"]}}],"collection":[{"href":"https:\/\/comsefaz.org.br\/novo\/wp-json\/wp\/v2\/posts"}],"about":[{"href":"https:\/\/comsefaz.org.br\/novo\/wp-json\/wp\/v2\/types\/post"}],"author":[{"embeddable":true,"href":"https:\/\/comsefaz.org.br\/novo\/wp-json\/wp\/v2\/users\/2"}],"replies":[{"embeddable":true,"href":"https:\/\/comsefaz.org.br\/novo\/wp-json\/wp\/v2\/comments?post=14899"}],"version-history":[{"count":1,"href":"https:\/\/comsefaz.org.br\/novo\/wp-json\/wp\/v2\/posts\/14899\/revisions"}],"predecessor-version":[{"id":14902,"href":"https:\/\/comsefaz.org.br\/novo\/wp-json\/wp\/v2\/posts\/14899\/revisions\/14902"}],"wp:featuredmedia":[{"embeddable":true,"href":"https:\/\/comsefaz.org.br\/novo\/wp-json\/wp\/v2\/media\/14901"}],"wp:attachment":[{"href":"https:\/\/comsefaz.org.br\/novo\/wp-json\/wp\/v2\/media?parent=14899"}],"wp:term":[{"taxonomy":"category","embeddable":true,"href":"https:\/\/comsefaz.org.br\/novo\/wp-json\/wp\/v2\/categories?post=14899"},{"taxonomy":"post_tag","embeddable":true,"href":"https:\/\/comsefaz.org.br\/novo\/wp-json\/wp\/v2\/tags?post=14899"}],"curies":[{"name":"wp","href":"https:\/\/api.w.org\/{rel}","templated":true}]}}