{"id":15479,"date":"2026-04-30T08:59:20","date_gmt":"2026-04-30T11:59:20","guid":{"rendered":"https:\/\/comsefaz.org.br\/novo\/?p=15479"},"modified":"2026-04-30T09:01:13","modified_gmt":"2026-04-30T12:01:13","slug":"presidente-do-cgibs-e-ministro-da-fazenda-concedem-entrevista-coletiva-sobre-regulamentos-do-ibs-e-cbs","status":"publish","type":"post","link":"https:\/\/comsefaz.org.br\/novo\/presidente-do-cgibs-e-ministro-da-fazenda-concedem-entrevista-coletiva-sobre-regulamentos-do-ibs-e-cbs\/","title":{"rendered":"Presidente do CGIBS e Ministro da Fazenda concedem entrevista coletiva sobre Regulamentos do IBS e CBS nesta quinta-feira (30)"},"content":{"rendered":"\n<p>O presidente do Comit\u00ea Gestor do IBS, Fl\u00e1vio C\u00e9sar, e o Ministro da Fazenda, Dario Durigan, concedem, nesta quinta-feira (30), a partir das 10h, no Minist\u00e9rio da Fazenda, de uma entrevista coletiva sobre os Regulamentos do Imposto sobre Bens e Servi\u00e7os (IBS) e da Contribui\u00e7\u00e3o sobre Bens e Servi\u00e7os (CBS). <\/p>\n\n\n\n<p>Fl\u00e1vio C\u00e9sar \u00e9 secret\u00e1rio de Fazenda do Mato Grosso do Sul e atual presidente do Comsefaz. <\/p>\n\n\n\n<p><a href=\"https:\/\/youtu.be\/yEh1rrsUwGY\">O canal do Minist\u00e9rio da Fazenda no youtube transmitir\u00e1 ao vivo a coletiva<\/a>.<\/p>\n\n\n\n<p>A coletiva ser\u00e1 realizada em duas etapas. Na primeira, al\u00e9m do presidente do CGIBS e do Minist\u00e9rio da Fazenda, tamb\u00e9m participam da primeira mesa o secret\u00e1rio-executivo do MF, Rog\u00e9rio Ceron; o secret\u00e1rio da Receita Federal, Robinson Barreirinhas; a procuradora-geral da Fazenda Nacional, Anelize de Almeida; o assessor da Secretaria Executiva do MF, Jo\u00e3o Pedro Nobre; e o primeiro vice-presidente do CGIBS, Lu\u00eds Felipe Vidal Arellano.<\/p>\n\n\n\n<p>Na segunda mesa da coletiva estar\u00e3o o secret\u00e1rio Robinson Barreirinhas; o assessor da Jo\u00e3o Pedro Nobre; os gerentes de programa da Receita Federal, Roni Peterson e Fernando Mombelli; o primeiro&nbsp; vice-presidente do CGIBS, Luis Felipe Vidal Arellano, e os coordenadores da CT-RIBS Ulysses Freitas Pessanha Ar\u00eaas e Ricardo Luiz Oliveira de Souza.<\/p>\n\n\n\n<p>Quando: Quinta-feira, 30\/4, \u00e0s 10h<\/p>\n\n\n\n<p>Local: Minist\u00e9rio da Fazenda \u2013 Esplanada dos Minist\u00e9rios, bloco P, audit\u00f3rio, t\u00e9rreo<\/p>\n\n\n\n<p>Transmiss\u00e3o: Canal Youtube MF \u2013 (https:\/\/youtu.be\/yEh1rrsUwGY)<\/p>\n","protected":false},"excerpt":{"rendered":"<p>Fl\u00e1vio C\u00e9sar \u00e9 secret\u00e1rio de Fazenda do Mato Grosso do Sul e atual presidente do Comsefaz.<\/p>\n","protected":false},"author":2,"featured_media":14843,"comment_status":"closed","ping_status":"closed","sticky":false,"template":"","format":"standard","meta":{"_acf_changed":false,"om_disable_all_campaigns":false,"_monsterinsights_skip_tracking":false,"_monsterinsights_sitenote_active":false,"_monsterinsights_sitenote_note":"","_monsterinsights_sitenote_category":0,"_EventAllDay":false,"_EventTimezone":"","_EventStartDate":"","_EventEndDate":"","_EventStartDateUTC":"","_EventEndDateUTC":"","_EventShowMap":false,"_EventShowMapLink":false,"_EventURL":"","_EventCost":"","_EventCostDescription":"","_EventCurrencySymbol":"","_EventCurrencyCode":"","_EventCurrencyPosition":"","_EventDateTimeSeparator":"","_EventTimeRangeSeparator":"","_EventOrganizerID":[],"_EventVenueID":[],"_OrganizerEmail":"","_OrganizerPhone":"","_OrganizerWebsite":"","_VenueAddress":"","_VenueCity":"","_VenueCountry":"","_VenueProvince":"","_VenueState":"","_VenueZip":"","_VenuePhone":"","_VenueURL":"","_VenueStateProvince":"","_VenueLat":"","_VenueLng":"","_VenueShowMap":false,"_VenueShowMapLink":false,"_jetpack_memberships_contains_paid_content":false,"footnotes":""},"categories":[10],"tags":[],"class_list":["post-15479","post","type-post","status-publish","format-standard","has-post-thumbnail","hentry","category-noticias"],"acf":[],"aioseo_notices":[],"jetpack_featured_media_url":"https:\/\/comsefaz.org.br\/novo\/wp-content\/uploads\/2026\/03\/ReuniaoCGIBS-26-scaled.jpg","jetpack_sharing_enabled":true,"_links":{"self":[{"href":"https:\/\/comsefaz.org.br\/novo\/wp-json\/wp\/v2\/posts\/15479","targetHints":{"allow":["GET"]}}],"collection":[{"href":"https:\/\/comsefaz.org.br\/novo\/wp-json\/wp\/v2\/posts"}],"about":[{"href":"https:\/\/comsefaz.org.br\/novo\/wp-json\/wp\/v2\/types\/post"}],"author":[{"embeddable":true,"href":"https:\/\/comsefaz.org.br\/novo\/wp-json\/wp\/v2\/users\/2"}],"replies":[{"embeddable":true,"href":"https:\/\/comsefaz.org.br\/novo\/wp-json\/wp\/v2\/comments?post=15479"}],"version-history":[{"count":3,"href":"https:\/\/comsefaz.org.br\/novo\/wp-json\/wp\/v2\/posts\/15479\/revisions"}],"predecessor-version":[{"id":15482,"href":"https:\/\/comsefaz.org.br\/novo\/wp-json\/wp\/v2\/posts\/15479\/revisions\/15482"}],"wp:featuredmedia":[{"embeddable":true,"href":"https:\/\/comsefaz.org.br\/novo\/wp-json\/wp\/v2\/media\/14843"}],"wp:attachment":[{"href":"https:\/\/comsefaz.org.br\/novo\/wp-json\/wp\/v2\/media?parent=15479"}],"wp:term":[{"taxonomy":"category","embeddable":true,"href":"https:\/\/comsefaz.org.br\/novo\/wp-json\/wp\/v2\/categories?post=15479"},{"taxonomy":"post_tag","embeddable":true,"href":"https:\/\/comsefaz.org.br\/novo\/wp-json\/wp\/v2\/tags?post=15479"}],"curies":[{"name":"wp","href":"https:\/\/api.w.org\/{rel}","templated":true}]}}