{"id":16380,"date":"2026-09-01T15:50:09","date_gmt":"2026-09-01T18:50:09","guid":{"rendered":"https:\/\/comsefaz.org.br\/novo\/?p=16380"},"modified":"2026-09-01T17:06:14","modified_gmt":"2026-09-01T20:06:14","slug":"comsefaz-reune-secretarios-de-fazenda-em-alagoas-para-debater-reforma-tributaria-e-pautas-federativas","status":"publish","type":"post","link":"https:\/\/comsefaz.org.br\/novo\/comsefaz-reune-secretarios-de-fazenda-em-alagoas-para-debater-reforma-tributaria-e-pautas-federativas\/","title":{"rendered":"Comsefaz re\u00fane secret\u00e1rios de Fazenda em Alagoas para debater reforma tribut\u00e1ria e pautas federativas"},"content":{"rendered":"\n<p class=\"wp-block-paragraph\">O Comsefaz realiza na pr\u00f3xima quinta-feira, 3 de setembro, em Macei\u00f3 (AL), a 54\u00aa Reuni\u00e3o Ordin\u00e1ria da entidade. O encontro reunir\u00e1 secret\u00e1rios e secret\u00e1rias de Fazenda dos 26 estados e DF para debater a implementa\u00e7\u00e3o da reforma tribut\u00e1ria, o andamento dos trabalhos do Comit\u00ea Gestor do IBS (CGIBS) e temas de interesse das administra\u00e7\u00f5es tribut\u00e1rias estaduais.<\/p>\n\n\n\n<p class=\"wp-block-paragraph\">O evento ser\u00e1 realizado no Espa\u00e7o Armaz\u00e9m, 447 Av. Indl. C\u00edcero Toledo &#8211; Jaragu\u00e1, Macei\u00f3 (AL).<\/p>\n\n\n\n<p class=\"wp-block-paragraph\">A reuni\u00e3o ser\u00e1 conduzida pelo presidente do Comsefaz, Fl\u00e1vio C\u00e9sar, e pela secret\u00e1ria de Fazenda de Alagoas e anfitri\u00e3 do evento, Renata dos Santos.<\/p>\n\n\n\n<p class=\"wp-block-paragraph\">No dia 4 de setembro (sexta-feira), ocorrer\u00e1 a 203\u00aa Reuni\u00e3o Ordin\u00e1ria do Confaz, sob a coordena\u00e7\u00e3o do secret\u00e1rio especial da Receita Federal, Robinson Barreirinhas.<\/p>\n\n\n\n<p class=\"wp-block-paragraph\">A 54\u00aa Reuni\u00e3o Ordin\u00e1ria refor\u00e7a o papel do Comsefaz como espa\u00e7o de articula\u00e7\u00e3o entre as administra\u00e7\u00f5es tribut\u00e1rias estaduais, especialmente em um momento de profundas mudan\u00e7as no sistema tribut\u00e1rio brasileiro.<\/p>\n\n\n\n<p class=\"wp-block-paragraph\">A reuni\u00e3o ser\u00e1 realizada entre secret\u00e1rios de Fazenda, assessores t\u00e9cnicos, convidados e staff do Comsefaz e da secretaria de Fazenda de Alagoas, respons\u00e1vel pela organiza\u00e7\u00e3o do evento.<\/p>\n\n\n\n<p class=\"wp-block-paragraph\"><em>\u201cA reuni\u00e3o de Alagoas est\u00e1 sendo aguardada com muita expectativa por todos os secret\u00e1rios de Fazenda. Temos muitos assuntos importantes de interesse federativo pra debater e deliberar. A reforma tribut\u00e1ria est\u00e1 em um momento crucial, de transi\u00e7\u00e3o, e \u00e9 preciso que todos estejamos atualizados para os eventuais ajustes e tamb\u00e9m para tomar as decis\u00f5es que dependem das gest\u00f5es estaduais<\/em>\u201d, afirmou o presidente do Comsefaz, Fl\u00e1vio C\u00e9sar.<\/p>\n\n\n\n<p class=\"wp-block-paragraph\">Para a secret\u00e1ria de Estado da Fazenda de Alagoas, Renata dos Santos, sediar o encontro \u00e9 uma oportunidade de fortalecer o di\u00e1logo com representantes das Fazendas de todo o pa\u00eds e de apresentar Alagoas aos gestores que participam da programa\u00e7\u00e3o.<\/p>\n\n\n\n<p class=\"wp-block-paragraph\"><em>\u201c\u00c9 uma honra para Alagoas receber os representantes das Fazendas de todo o pa\u00eds. Estamos muito felizes em sediar esse encontro e em acolher, em nosso estado, gestores que t\u00eam um papel t\u00e3o importante na constru\u00e7\u00e3o de um sistema tribut\u00e1rio mais moderno e eficiente. Como anfitri\u00f5es, tamb\u00e9m queremos abrir as portas de Alagoas para que nossos convidados conhe\u00e7am um pouco da nossa cultura, das nossas riquezas e do nosso povo alagoano\u201d<\/em>, destacou.<\/p>\n\n\n\n<p class=\"wp-block-paragraph\"><strong>Pautas<\/strong><\/p>\n\n\n\n<p class=\"wp-block-paragraph\">A reforma tribut\u00e1ria ser\u00e1 um dos principais temas da agenda. O presidente Fl\u00e1vio C\u00e9sar dar\u00e1 uma atualiza\u00e7\u00e3o sobre as quest\u00f5es relacionadas ao CGIBS, seguida de debates sobre assuntos de interesse dos estados. Tamb\u00e9m ser\u00e3o apresentados os avan\u00e7os das diretorias, da Corregedoria e das demais \u00e1reas do Comit\u00ea Gestor.<\/p>\n\n\n\n<p class=\"wp-block-paragraph\">Entre os assuntos relacionados \u00e0 reforma est\u00e1 ainda o pleito dos Correios para o diferimento do recolhimento do IBS e da CBS, que ser\u00e1 apresentado pelo diretor institucional do Comsefaz, Andr\u00e9 Horta.<\/p>\n\n\n\n<p class=\"wp-block-paragraph\"><strong>Coopera\u00e7\u00e3o com IBGE e novas tecnologias<\/strong><\/p>\n\n\n\n<p class=\"wp-block-paragraph\">A programa\u00e7\u00e3o inclui ainda a apresenta\u00e7\u00e3o do presidente do IBGE, M\u00e1rcio Pochmann, sobre possibilidades de coopera\u00e7\u00e3o com as administra\u00e7\u00f5es tribut\u00e1rias estaduais para a produ\u00e7\u00e3o de estat\u00edsticas e indicadores econ\u00f4micos.<\/p>\n\n\n\n<p class=\"wp-block-paragraph\">Outro destaque ser\u00e1 a discuss\u00e3o sobre o novo ecossistema de transfer\u00eancia de ve\u00edculos, com apresenta\u00e7\u00f5es do secret\u00e1rio nacional de Tr\u00e2nsito, Adrualdo Cat\u00e3o, e do diretor de Regula\u00e7\u00e3o, Fiscaliza\u00e7\u00e3o e Gest\u00e3o da Senatran, Bas\u00edlio Militani.<\/p>\n\n\n\n<p class=\"wp-block-paragraph\">Est\u00e1 prevista ainda uma apresenta\u00e7\u00e3o da representante do Banco Interamericano de Desenvolvimento (BID), Cristina MacDowell, sobre a metodologia de avalia\u00e7\u00e3o da maturidade e desempenho da gest\u00e3o fiscal (MD-GEFIS), iniciativa voltada \u00e0 avalia\u00e7\u00e3o e ao aprimoramento da gest\u00e3o fiscal dos estados.<\/p>\n\n\n\n<p class=\"wp-block-paragraph\"><strong>Pesquisas e impactos da reforma<\/strong><\/p>\n\n\n\n<p class=\"wp-block-paragraph\">O Comsefaz tamb\u00e9m atualizar\u00e1 os secret\u00e1rios sobre pesquisas em andamento. Na pauta tamb\u00e9m consta a apresenta\u00e7\u00e3o das atividades das assessorias colegiadas do Comsefaz, a exemplo da Cotepe, do Grupo de Gestores das Finan\u00e7as Estaduais (Gefin), al\u00e9m das propostas de Conv\u00eanios ICMS e Ajustes SINIEF discutidas na 202\u00aa Reuni\u00e3o Ordin\u00e1ria do Confaz.<\/p>\n\n\n\n<p class=\"wp-block-paragraph\">Tamb\u00e9m ser\u00e1 analisada a situa\u00e7\u00e3o dos conv\u00eanios de ICMS que possuem condicionantes relacionadas \u00e0 isen\u00e7\u00e3o de PIS e Cofins. A apresenta\u00e7\u00e3o ficar\u00e1 a cargo do representante de Goi\u00e1s, Elder Souto, em raz\u00e3o das mudan\u00e7as provocadas pela reforma tribut\u00e1ria e pela substitui\u00e7\u00e3o dos tributos federais.<\/p>\n\n\n\n<p class=\"wp-block-paragraph\"><strong>Coletiva de imprensa<\/strong><\/p>\n\n\n\n<p class=\"wp-block-paragraph\">Na sexta-feira, 4 de setembro, o presidente do Comsefaz, Fl\u00e1vio C\u00e9sar, a secret\u00e1ria de Fazenda de Alagoas, Renata dos Santos, e o secret\u00e1rio especial da Receita Federal, Robinson Barreirinhas, estar\u00e3o \u00e0 disposi\u00e7\u00e3o dos jornalistas, a partir das 8h30, no local do evento, para uma entrevista coletiva.<\/p>\n","protected":false},"excerpt":{"rendered":"<p>54\u00aa Reuni\u00e3o Ordin\u00e1ria do Comsefaz ser\u00e1 realizada na pr\u00f3xima quinta-feira (3), em Macei\u00f3 (AL).<\/p>\n","protected":false},"author":2,"featured_media":16383,"comment_status":"closed","ping_status":"closed","sticky":false,"template":"","format":"standard","meta":{"_acf_changed":false,"om_disable_all_campaigns":false,"_monsterinsights_skip_tracking":false,"_EventAllDay":false,"_EventTimezone":"","_EventStartDate":"","_EventEndDate":"","_EventStartDateUTC":"","_EventEndDateUTC":"","_EventShowMap":false,"_EventShowMapLink":false,"_EventURL":"","_EventCost":"","_EventCostDescription":"","_EventCurrencySymbol":"","_EventCurrencyCode":"","_EventCurrencyPosition":"","_EventDateTimeSeparator":"","_EventTimeRangeSeparator":"","_EventOrganizerID":[],"_EventVenueID":[],"_OrganizerEmail":"","_OrganizerPhone":"","_OrganizerWebsite":"","_VenueAddress":"","_VenueCity":"","_VenueCountry":"","_VenueProvince":"","_VenueState":"","_VenueZip":"","_VenuePhone":"","_VenueURL":"","_VenueStateProvince":"","_VenueLat":"","_VenueLng":"","_VenueShowMap":false,"_VenueShowMapLink":false,"_jetpack_newsletter_access":"","_jetpack_dont_email_post_to_subs":false,"_jetpack_newsletter_tier_id":0,"_jetpack_memberships_contains_paywalled_content":false,"_jetpack_memberships_contains_paid_content":false,"footnotes":""},"categories":[10],"tags":[],"class_list":["post-16380","post","type-post","status-publish","format-standard","has-post-thumbnail","hentry","category-noticias"],"acf":[],"aioseo_notices":[],"aioseo_head":"\n\t\t<!-- All in One SEO 5.0.1.1 - aioseo.com -->\n\t<meta name=\"description\" content=\"54\u00aa Reuni\u00e3o Ordin\u00e1ria do Comsefaz ser\u00e1 realizada na pr\u00f3xima quinta-feira (3), em Macei\u00f3 (AL).\" \/>\n\t<meta name=\"robots\" content=\"max-image-preview:large\" \/>\n\t<meta name=\"author\" content=\"comsefaz\"\/>\n\t<link rel=\"canonical\" href=\"https:\/\/comsefaz.org.br\/novo\/comsefaz-reune-secretarios-de-fazenda-em-alagoas-para-debater-reforma-tributaria-e-pautas-federativas\/\" \/>\n\t<meta name=\"generator\" content=\"All in One SEO (AIOSEO) 5.0.1.1\" \/>\n\t\t<meta property=\"og:locale\" content=\"pt_BR\" \/>\n\t\t<meta property=\"og:site_name\" content=\"Comsefaz - Comit\u00ea Nacional de Secret\u00e1rios da Fazenda, Finan\u00e7as, Receitas ou Tributa\u00e7\u00e3o dos Estados  e Distrito Federal\" \/>\n\t\t<meta property=\"og:type\" content=\"article\" \/>\n\t\t<meta property=\"og:title\" content=\"Comsefaz re\u00fane secret\u00e1rios de Fazenda em Alagoas para debater reforma tribut\u00e1ria e pautas federativas - Comsefaz\" \/>\n\t\t<meta property=\"og:description\" content=\"54\u00aa Reuni\u00e3o Ordin\u00e1ria do Comsefaz ser\u00e1 realizada na pr\u00f3xima quinta-feira (3), em Macei\u00f3 (AL).\" \/>\n\t\t<meta property=\"og:url\" content=\"https:\/\/comsefaz.org.br\/novo\/comsefaz-reune-secretarios-de-fazenda-em-alagoas-para-debater-reforma-tributaria-e-pautas-federativas\/\" \/>\n\t\t<meta property=\"og:image\" content=\"https:\/\/comsefaz.org.br\/novo\/wp-content\/uploads\/2026\/09\/WhatsApp-Image-2026-09-01-at-16.34.32.jpeg\" \/>\n\t\t<meta property=\"og:image:secure_url\" content=\"https:\/\/comsefaz.org.br\/novo\/wp-content\/uploads\/2026\/09\/WhatsApp-Image-2026-09-01-at-16.34.32.jpeg\" \/>\n\t\t<meta property=\"og:image:width\" content=\"1600\" \/>\n\t\t<meta property=\"og:image:height\" content=\"1038\" \/>\n\t\t<meta property=\"article:published_time\" content=\"2026-09-01T18:50:09+00:00\" \/>\n\t\t<meta property=\"article:modified_time\" content=\"2026-09-01T20:06:14+00:00\" \/>\n\t\t<meta name=\"twitter:card\" content=\"summary\" \/>\n\t\t<meta name=\"twitter:title\" content=\"Comsefaz re\u00fane secret\u00e1rios de Fazenda em Alagoas para debater reforma tribut\u00e1ria e pautas federativas - Comsefaz\" \/>\n\t\t<meta name=\"twitter:description\" content=\"54\u00aa Reuni\u00e3o Ordin\u00e1ria do Comsefaz ser\u00e1 realizada na pr\u00f3xima quinta-feira (3), em Macei\u00f3 (AL).\" \/>\n\t\t<meta name=\"twitter:image\" content=\"https:\/\/comsefaz.org.br\/novo\/wp-content\/uploads\/2026\/09\/WhatsApp-Image-2026-09-01-at-16.34.32.jpeg\" \/>\n\t\t<script type=\"application\/ld+json\" class=\"aioseo-schema\">\n\t\t\t{\"@context\":\"https:\\\/\\\/schema.org\",\"@graph\":[{\"@type\":\"BlogPosting\",\"@id\":\"https:\\\/\\\/comsefaz.org.br\\\/novo\\\/comsefaz-reune-secretarios-de-fazenda-em-alagoas-para-debater-reforma-tributaria-e-pautas-federativas\\\/#blogposting\",\"name\":\"Comsefaz re\\u00fane secret\\u00e1rios de Fazenda em Alagoas para debater reforma tribut\\u00e1ria e pautas federativas - Comsefaz\",\"headline\":\"Comsefaz re\\u00fane secret\\u00e1rios de Fazenda em Alagoas para debater reforma tribut\\u00e1ria e pautas federativas\",\"author\":{\"@id\":\"https:\\\/\\\/comsefaz.org.br\\\/novo\\\/author\\\/comsefaz\\\/#author\"},\"publisher\":{\"@id\":\"https:\\\/\\\/comsefaz.org.br\\\/novo\\\/#organization\"},\"image\":{\"@type\":\"ImageObject\",\"url\":\"https:\\\/\\\/comsefaz.org.br\\\/novo\\\/wp-content\\\/uploads\\\/2026\\\/09\\\/WhatsApp-Image-2026-09-01-at-16.34.32.jpeg\",\"width\":1600,\"height\":1038},\"datePublished\":\"2026-09-01T15:50:09-03:00\",\"dateModified\":\"2026-09-01T17:06:14-03:00\",\"inLanguage\":\"pt-BR\",\"mainEntityOfPage\":{\"@id\":\"https:\\\/\\\/comsefaz.org.br\\\/novo\\\/comsefaz-reune-secretarios-de-fazenda-em-alagoas-para-debater-reforma-tributaria-e-pautas-federativas\\\/#webpage\"},\"isPartOf\":{\"@id\":\"https:\\\/\\\/comsefaz.org.br\\\/novo\\\/comsefaz-reune-secretarios-de-fazenda-em-alagoas-para-debater-reforma-tributaria-e-pautas-federativas\\\/#webpage\"},\"articleSection\":\"Not\\u00edcias\"},{\"@type\":\"BreadcrumbList\",\"@id\":\"https:\\\/\\\/comsefaz.org.br\\\/novo\\\/comsefaz-reune-secretarios-de-fazenda-em-alagoas-para-debater-reforma-tributaria-e-pautas-federativas\\\/#breadcrumblist\",\"itemListElement\":[{\"@type\":\"ListItem\",\"@id\":\"https:\\\/\\\/comsefaz.org.br\\\/novo#listItem\",\"position\":1,\"name\":\"Home\",\"item\":\"https:\\\/\\\/comsefaz.org.br\\\/novo\",\"nextItem\":{\"@type\":\"ListItem\",\"@id\":\"https:\\\/\\\/comsefaz.org.br\\\/novo\\\/category\\\/noticias\\\/#listItem\",\"name\":\"Not\\u00edcias\"}},{\"@type\":\"ListItem\",\"@id\":\"https:\\\/\\\/comsefaz.org.br\\\/novo\\\/category\\\/noticias\\\/#listItem\",\"position\":2,\"name\":\"Not\\u00edcias\",\"item\":\"https:\\\/\\\/comsefaz.org.br\\\/novo\\\/category\\\/noticias\\\/\",\"nextItem\":{\"@type\":\"ListItem\",\"@id\":\"https:\\\/\\\/comsefaz.org.br\\\/novo\\\/comsefaz-reune-secretarios-de-fazenda-em-alagoas-para-debater-reforma-tributaria-e-pautas-federativas\\\/#listItem\",\"name\":\"Comsefaz re\\u00fane secret\\u00e1rios de Fazenda em Alagoas para debater reforma tribut\\u00e1ria e pautas federativas\"},\"previousItem\":{\"@type\":\"ListItem\",\"@id\":\"https:\\\/\\\/comsefaz.org.br\\\/novo#listItem\",\"name\":\"Home\"}},{\"@type\":\"ListItem\",\"@id\":\"https:\\\/\\\/comsefaz.org.br\\\/novo\\\/comsefaz-reune-secretarios-de-fazenda-em-alagoas-para-debater-reforma-tributaria-e-pautas-federativas\\\/#listItem\",\"position\":3,\"name\":\"Comsefaz re\\u00fane secret\\u00e1rios de Fazenda em Alagoas para debater reforma tribut\\u00e1ria e pautas federativas\",\"previousItem\":{\"@type\":\"ListItem\",\"@id\":\"https:\\\/\\\/comsefaz.org.br\\\/novo\\\/category\\\/noticias\\\/#listItem\",\"name\":\"Not\\u00edcias\"}}]},{\"@type\":\"Organization\",\"@id\":\"https:\\\/\\\/comsefaz.org.br\\\/novo\\\/#organization\",\"name\":\"Comsefaz\",\"description\":\"Comit\\u00ea Nacional de Secret\\u00e1rios da Fazenda, Finan\\u00e7as, Receitas ou Tributa\\u00e7\\u00e3o dos Estados  e Distrito Federal\",\"url\":\"https:\\\/\\\/comsefaz.org.br\\\/novo\\\/\",\"logo\":{\"@type\":\"ImageObject\",\"url\":\"https:\\\/\\\/comsefaz.org.br\\\/novo\\\/wp-content\\\/uploads\\\/2022\\\/05\\\/comsefaz.png\",\"@id\":\"https:\\\/\\\/comsefaz.org.br\\\/novo\\\/comsefaz-reune-secretarios-de-fazenda-em-alagoas-para-debater-reforma-tributaria-e-pautas-federativas\\\/#organizationLogo\"},\"image\":{\"@id\":\"https:\\\/\\\/comsefaz.org.br\\\/novo\\\/comsefaz-reune-secretarios-de-fazenda-em-alagoas-para-debater-reforma-tributaria-e-pautas-federativas\\\/#organizationLogo\"}},{\"@type\":\"Person\",\"@id\":\"https:\\\/\\\/comsefaz.org.br\\\/novo\\\/author\\\/comsefaz\\\/#author\",\"url\":\"https:\\\/\\\/comsefaz.org.br\\\/novo\\\/author\\\/comsefaz\\\/\",\"name\":\"comsefaz\",\"image\":{\"@type\":\"ImageObject\",\"@id\":\"https:\\\/\\\/comsefaz.org.br\\\/novo\\\/comsefaz-reune-secretarios-de-fazenda-em-alagoas-para-debater-reforma-tributaria-e-pautas-federativas\\\/#authorImage\",\"url\":\"https:\\\/\\\/secure.gravatar.com\\\/avatar\\\/263d9be0bb4e1bc8dba724a209da0b12caf474b441e176758b8903eee3938b84?s=96&d=mm&r=g\",\"width\":96,\"height\":96,\"caption\":\"comsefaz\"}},{\"@type\":\"WebPage\",\"@id\":\"https:\\\/\\\/comsefaz.org.br\\\/novo\\\/comsefaz-reune-secretarios-de-fazenda-em-alagoas-para-debater-reforma-tributaria-e-pautas-federativas\\\/#webpage\",\"url\":\"https:\\\/\\\/comsefaz.org.br\\\/novo\\\/comsefaz-reune-secretarios-de-fazenda-em-alagoas-para-debater-reforma-tributaria-e-pautas-federativas\\\/\",\"name\":\"Comsefaz re\\u00fane secret\\u00e1rios de Fazenda em Alagoas para debater reforma tribut\\u00e1ria e pautas federativas - Comsefaz\",\"description\":\"54\\u00aa Reuni\\u00e3o Ordin\\u00e1ria do Comsefaz ser\\u00e1 realizada na pr\\u00f3xima quinta-feira (3), em Macei\\u00f3 (AL).\",\"inLanguage\":\"pt-BR\",\"isPartOf\":{\"@id\":\"https:\\\/\\\/comsefaz.org.br\\\/novo\\\/#website\"},\"breadcrumb\":{\"@id\":\"https:\\\/\\\/comsefaz.org.br\\\/novo\\\/comsefaz-reune-secretarios-de-fazenda-em-alagoas-para-debater-reforma-tributaria-e-pautas-federativas\\\/#breadcrumblist\"},\"author\":{\"@id\":\"https:\\\/\\\/comsefaz.org.br\\\/novo\\\/author\\\/comsefaz\\\/#author\"},\"creator\":{\"@id\":\"https:\\\/\\\/comsefaz.org.br\\\/novo\\\/author\\\/comsefaz\\\/#author\"},\"image\":{\"@type\":\"ImageObject\",\"url\":\"https:\\\/\\\/comsefaz.org.br\\\/novo\\\/wp-content\\\/uploads\\\/2026\\\/09\\\/WhatsApp-Image-2026-09-01-at-16.34.32.jpeg\",\"@id\":\"https:\\\/\\\/comsefaz.org.br\\\/novo\\\/comsefaz-reune-secretarios-de-fazenda-em-alagoas-para-debater-reforma-tributaria-e-pautas-federativas\\\/#mainImage\",\"width\":1600,\"height\":1038},\"primaryImageOfPage\":{\"@id\":\"https:\\\/\\\/comsefaz.org.br\\\/novo\\\/comsefaz-reune-secretarios-de-fazenda-em-alagoas-para-debater-reforma-tributaria-e-pautas-federativas\\\/#mainImage\"},\"datePublished\":\"2026-09-01T15:50:09-03:00\",\"dateModified\":\"2026-09-01T17:06:14-03:00\"},{\"@type\":\"WebSite\",\"@id\":\"https:\\\/\\\/comsefaz.org.br\\\/novo\\\/#website\",\"url\":\"https:\\\/\\\/comsefaz.org.br\\\/novo\\\/\",\"name\":\"Comsefaz\",\"description\":\"Comit\\u00ea Nacional de Secret\\u00e1rios da Fazenda, Finan\\u00e7as, Receitas ou Tributa\\u00e7\\u00e3o dos Estados  e Distrito Federal\",\"inLanguage\":\"pt-BR\",\"publisher\":{\"@id\":\"https:\\\/\\\/comsefaz.org.br\\\/novo\\\/#organization\"}}]}\n\t\t<\/script>\n\t\t<!-- All in One SEO -->\n\n","aioseo_head_json":{"title":"Comsefaz re\u00fane secret\u00e1rios de Fazenda em Alagoas para debater reforma tribut\u00e1ria e pautas federativas - Comsefaz","description":"54\u00aa Reuni\u00e3o Ordin\u00e1ria do Comsefaz ser\u00e1 realizada na pr\u00f3xima quinta-feira (3), em Macei\u00f3 (AL).","canonical_url":"https:\/\/comsefaz.org.br\/novo\/comsefaz-reune-secretarios-de-fazenda-em-alagoas-para-debater-reforma-tributaria-e-pautas-federativas\/","robots":"max-image-preview:large","keywords":"","webmasterTools":{"miscellaneous":""},"schema":{"@context":"https:\/\/schema.org","@graph":[{"@type":"BlogPosting","@id":"https:\/\/comsefaz.org.br\/novo\/comsefaz-reune-secretarios-de-fazenda-em-alagoas-para-debater-reforma-tributaria-e-pautas-federativas\/#blogposting","name":"Comsefaz re\u00fane secret\u00e1rios de Fazenda em Alagoas para debater reforma tribut\u00e1ria e pautas federativas - Comsefaz","headline":"Comsefaz re\u00fane secret\u00e1rios de Fazenda em Alagoas para debater reforma tribut\u00e1ria e pautas federativas","author":{"@id":"https:\/\/comsefaz.org.br\/novo\/author\/comsefaz\/#author"},"publisher":{"@id":"https:\/\/comsefaz.org.br\/novo\/#organization"},"image":{"@type":"ImageObject","url":"https:\/\/comsefaz.org.br\/novo\/wp-content\/uploads\/2026\/09\/WhatsApp-Image-2026-09-01-at-16.34.32.jpeg","width":1600,"height":1038},"datePublished":"2026-09-01T15:50:09-03:00","dateModified":"2026-09-01T17:06:14-03:00","inLanguage":"pt-BR","mainEntityOfPage":{"@id":"https:\/\/comsefaz.org.br\/novo\/comsefaz-reune-secretarios-de-fazenda-em-alagoas-para-debater-reforma-tributaria-e-pautas-federativas\/#webpage"},"isPartOf":{"@id":"https:\/\/comsefaz.org.br\/novo\/comsefaz-reune-secretarios-de-fazenda-em-alagoas-para-debater-reforma-tributaria-e-pautas-federativas\/#webpage"},"articleSection":"Not\u00edcias"},{"@type":"BreadcrumbList","@id":"https:\/\/comsefaz.org.br\/novo\/comsefaz-reune-secretarios-de-fazenda-em-alagoas-para-debater-reforma-tributaria-e-pautas-federativas\/#breadcrumblist","itemListElement":[{"@type":"ListItem","@id":"https:\/\/comsefaz.org.br\/novo#listItem","position":1,"name":"Home","item":"https:\/\/comsefaz.org.br\/novo","nextItem":{"@type":"ListItem","@id":"https:\/\/comsefaz.org.br\/novo\/category\/noticias\/#listItem","name":"Not\u00edcias"}},{"@type":"ListItem","@id":"https:\/\/comsefaz.org.br\/novo\/category\/noticias\/#listItem","position":2,"name":"Not\u00edcias","item":"https:\/\/comsefaz.org.br\/novo\/category\/noticias\/","nextItem":{"@type":"ListItem","@id":"https:\/\/comsefaz.org.br\/novo\/comsefaz-reune-secretarios-de-fazenda-em-alagoas-para-debater-reforma-tributaria-e-pautas-federativas\/#listItem","name":"Comsefaz re\u00fane secret\u00e1rios de Fazenda em Alagoas para debater reforma tribut\u00e1ria e pautas federativas"},"previousItem":{"@type":"ListItem","@id":"https:\/\/comsefaz.org.br\/novo#listItem","name":"Home"}},{"@type":"ListItem","@id":"https:\/\/comsefaz.org.br\/novo\/comsefaz-reune-secretarios-de-fazenda-em-alagoas-para-debater-reforma-tributaria-e-pautas-federativas\/#listItem","position":3,"name":"Comsefaz re\u00fane secret\u00e1rios de Fazenda em Alagoas para debater reforma tribut\u00e1ria e pautas federativas","previousItem":{"@type":"ListItem","@id":"https:\/\/comsefaz.org.br\/novo\/category\/noticias\/#listItem","name":"Not\u00edcias"}}]},{"@type":"Organization","@id":"https:\/\/comsefaz.org.br\/novo\/#organization","name":"Comsefaz","description":"Comit\u00ea Nacional de Secret\u00e1rios da Fazenda, Finan\u00e7as, Receitas ou Tributa\u00e7\u00e3o dos Estados  e Distrito Federal","url":"https:\/\/comsefaz.org.br\/novo\/","logo":{"@type":"ImageObject","url":"https:\/\/comsefaz.org.br\/novo\/wp-content\/uploads\/2022\/05\/comsefaz.png","@id":"https:\/\/comsefaz.org.br\/novo\/comsefaz-reune-secretarios-de-fazenda-em-alagoas-para-debater-reforma-tributaria-e-pautas-federativas\/#organizationLogo"},"image":{"@id":"https:\/\/comsefaz.org.br\/novo\/comsefaz-reune-secretarios-de-fazenda-em-alagoas-para-debater-reforma-tributaria-e-pautas-federativas\/#organizationLogo"}},{"@type":"Person","@id":"https:\/\/comsefaz.org.br\/novo\/author\/comsefaz\/#author","url":"https:\/\/comsefaz.org.br\/novo\/author\/comsefaz\/","name":"comsefaz","image":{"@type":"ImageObject","@id":"https:\/\/comsefaz.org.br\/novo\/comsefaz-reune-secretarios-de-fazenda-em-alagoas-para-debater-reforma-tributaria-e-pautas-federativas\/#authorImage","url":"https:\/\/secure.gravatar.com\/avatar\/263d9be0bb4e1bc8dba724a209da0b12caf474b441e176758b8903eee3938b84?s=96&d=mm&r=g","width":96,"height":96,"caption":"comsefaz"}},{"@type":"WebPage","@id":"https:\/\/comsefaz.org.br\/novo\/comsefaz-reune-secretarios-de-fazenda-em-alagoas-para-debater-reforma-tributaria-e-pautas-federativas\/#webpage","url":"https:\/\/comsefaz.org.br\/novo\/comsefaz-reune-secretarios-de-fazenda-em-alagoas-para-debater-reforma-tributaria-e-pautas-federativas\/","name":"Comsefaz re\u00fane secret\u00e1rios de Fazenda em Alagoas para debater reforma tribut\u00e1ria e pautas federativas - Comsefaz","description":"54\u00aa Reuni\u00e3o Ordin\u00e1ria do Comsefaz ser\u00e1 realizada na pr\u00f3xima quinta-feira (3), em Macei\u00f3 (AL).","inLanguage":"pt-BR","isPartOf":{"@id":"https:\/\/comsefaz.org.br\/novo\/#website"},"breadcrumb":{"@id":"https:\/\/comsefaz.org.br\/novo\/comsefaz-reune-secretarios-de-fazenda-em-alagoas-para-debater-reforma-tributaria-e-pautas-federativas\/#breadcrumblist"},"author":{"@id":"https:\/\/comsefaz.org.br\/novo\/author\/comsefaz\/#author"},"creator":{"@id":"https:\/\/comsefaz.org.br\/novo\/author\/comsefaz\/#author"},"image":{"@type":"ImageObject","url":"https:\/\/comsefaz.org.br\/novo\/wp-content\/uploads\/2026\/09\/WhatsApp-Image-2026-09-01-at-16.34.32.jpeg","@id":"https:\/\/comsefaz.org.br\/novo\/comsefaz-reune-secretarios-de-fazenda-em-alagoas-para-debater-reforma-tributaria-e-pautas-federativas\/#mainImage","width":1600,"height":1038},"primaryImageOfPage":{"@id":"https:\/\/comsefaz.org.br\/novo\/comsefaz-reune-secretarios-de-fazenda-em-alagoas-para-debater-reforma-tributaria-e-pautas-federativas\/#mainImage"},"datePublished":"2026-09-01T15:50:09-03:00","dateModified":"2026-09-01T17:06:14-03:00"},{"@type":"WebSite","@id":"https:\/\/comsefaz.org.br\/novo\/#website","url":"https:\/\/comsefaz.org.br\/novo\/","name":"Comsefaz","description":"Comit\u00ea Nacional de Secret\u00e1rios da Fazenda, Finan\u00e7as, Receitas ou Tributa\u00e7\u00e3o dos Estados  e Distrito Federal","inLanguage":"pt-BR","publisher":{"@id":"https:\/\/comsefaz.org.br\/novo\/#organization"}}]},"og:locale":"pt_BR","og:site_name":"Comsefaz - Comit\u00ea Nacional de Secret\u00e1rios da Fazenda, Finan\u00e7as, Receitas ou Tributa\u00e7\u00e3o dos Estados  e Distrito Federal","og:type":"article","og:title":"Comsefaz re\u00fane secret\u00e1rios de Fazenda em Alagoas para debater reforma tribut\u00e1ria e pautas federativas - Comsefaz","og:description":"54\u00aa Reuni\u00e3o Ordin\u00e1ria do Comsefaz ser\u00e1 realizada na pr\u00f3xima quinta-feira (3), em Macei\u00f3 (AL).","og:url":"https:\/\/comsefaz.org.br\/novo\/comsefaz-reune-secretarios-de-fazenda-em-alagoas-para-debater-reforma-tributaria-e-pautas-federativas\/","og:image":"https:\/\/comsefaz.org.br\/novo\/wp-content\/uploads\/2026\/09\/WhatsApp-Image-2026-09-01-at-16.34.32.jpeg","og:image:secure_url":"https:\/\/comsefaz.org.br\/novo\/wp-content\/uploads\/2026\/09\/WhatsApp-Image-2026-09-01-at-16.34.32.jpeg","og:image:width":1600,"og:image:height":1038,"article:published_time":"2026-09-01T18:50:09+00:00","article:modified_time":"2026-09-01T20:06:14+00:00","twitter:card":"summary","twitter:title":"Comsefaz re\u00fane secret\u00e1rios de Fazenda em Alagoas para debater reforma tribut\u00e1ria e pautas federativas - Comsefaz","twitter:description":"54\u00aa Reuni\u00e3o Ordin\u00e1ria do Comsefaz ser\u00e1 realizada na pr\u00f3xima quinta-feira (3), em Macei\u00f3 (AL).","twitter:image":"https:\/\/comsefaz.org.br\/novo\/wp-content\/uploads\/2026\/09\/WhatsApp-Image-2026-09-01-at-16.34.32.jpeg"},"aioseo_meta_data":{"post_id":"16380","title":null,"description":null,"keywords":null,"keyphrases":{"focus":{"keyphrase":"","score":0,"analysis":{"keyphraseInTitle":{"score":0,"maxScore":9,"error":1}}},"additional":[]},"primary_term":null,"canonical_url":null,"og_title":null,"og_description":null,"og_object_type":"default","og_image_type":"default","og_image_url":null,"og_image_width":null,"og_image_height":null,"og_image_custom_url":null,"og_image_custom_fields":null,"og_video":"","og_custom_url":null,"og_article_section":null,"og_article_tags":null,"twitter_use_og":false,"twitter_card":"default","twitter_image_type":"default","twitter_image_url":null,"twitter_image_custom_url":null,"twitter_image_custom_fields":null,"twitter_title":null,"twitter_description":null,"schema":{"blockGraphs":[],"customGraphs":[],"default":{"data":{"Article":[],"Course":[],"Dataset":[],"FAQPage":[],"Movie":[],"Person":[],"Product":[],"ProductReview":[],"Car":[],"Recipe":[],"Service":[],"SoftwareApplication":[],"WebPage":[]},"graphName":"BlogPosting","isEnabled":true},"graphs":[]},"schema_type":"default","schema_type_options":null,"pillar_content":false,"robots_default":true,"robots_noindex":false,"robots_noarchive":false,"robots_nosnippet":false,"robots_nofollow":false,"robots_noimageindex":false,"robots_noodp":false,"robots_notranslate":false,"robots_max_snippet":"-1","robots_max_videopreview":"-1","robots_max_imagepreview":"large","priority":null,"frequency":"default","local_seo":null,"breadcrumb_settings":null,"limit_modified_date":false,"ai":{"faqs":[],"keyPoints":[],"schemas":[],"titles":[],"descriptions":[],"socialPosts":{"email":{"subject":"","preview":"","content":""},"linkedin":[],"twitter":[],"facebook":[],"instagram":[]}},"created":"2026-09-01 18:50:10","updated":"2026-09-01 21:02:44","seo_analyzer_scan_date":null,"focus_keyword":null,"additional_keywords":null,"truseo_locale":null},"aioseo_breadcrumb":"<div class=\"aioseo-breadcrumbs\"><span class=\"aioseo-breadcrumb\">\n\t\t\t<a href=\"https:\/\/comsefaz.org.br\/novo\" title=\"Home\">Home<\/a>\n\t\t<\/span><span class=\"aioseo-breadcrumb-separator\">&raquo;<\/span><span class=\"aioseo-breadcrumb\">\n\t\t\t<a href=\"https:\/\/comsefaz.org.br\/novo\/category\/noticias\/\" title=\"Not\u00edcias\">Not\u00edcias<\/a>\n\t\t<\/span><span class=\"aioseo-breadcrumb-separator\">&raquo;<\/span><span class=\"aioseo-breadcrumb\">\n\t\t\tComsefaz re\u00fane secret\u00e1rios de Fazenda em Alagoas para debater reforma tribut\u00e1ria e pautas federativas\n\t\t<\/span><\/div>","aioseo_breadcrumb_json":[{"label":"Home","link":"https:\/\/comsefaz.org.br\/novo"},{"label":"Not\u00edcias","link":"https:\/\/comsefaz.org.br\/novo\/category\/noticias\/"},{"label":"Comsefaz re\u00fane secret\u00e1rios de Fazenda em Alagoas para debater reforma tribut\u00e1ria e pautas federativas","link":"https:\/\/comsefaz.org.br\/novo\/comsefaz-reune-secretarios-de-fazenda-em-alagoas-para-debater-reforma-tributaria-e-pautas-federativas\/"}],"jetpack_sharing_enabled":true,"jetpack_featured_media_url":"https:\/\/comsefaz.org.br\/novo\/wp-content\/uploads\/2026\/09\/WhatsApp-Image-2026-09-01-at-16.34.32.jpeg","_links":{"self":[{"href":"https:\/\/comsefaz.org.br\/novo\/wp-json\/wp\/v2\/posts\/16380","targetHints":{"allow":["GET"]}}],"collection":[{"href":"https:\/\/comsefaz.org.br\/novo\/wp-json\/wp\/v2\/posts"}],"about":[{"href":"https:\/\/comsefaz.org.br\/novo\/wp-json\/wp\/v2\/types\/post"}],"author":[{"embeddable":true,"href":"https:\/\/comsefaz.org.br\/novo\/wp-json\/wp\/v2\/users\/2"}],"replies":[{"embeddable":true,"href":"https:\/\/comsefaz.org.br\/novo\/wp-json\/wp\/v2\/comments?post=16380"}],"version-history":[{"count":1,"href":"https:\/\/comsefaz.org.br\/novo\/wp-json\/wp\/v2\/posts\/16380\/revisions"}],"predecessor-version":[{"id":16382,"href":"https:\/\/comsefaz.org.br\/novo\/wp-json\/wp\/v2\/posts\/16380\/revisions\/16382"}],"wp:featuredmedia":[{"embeddable":true,"href":"https:\/\/comsefaz.org.br\/novo\/wp-json\/wp\/v2\/media\/16383"}],"wp:attachment":[{"href":"https:\/\/comsefaz.org.br\/novo\/wp-json\/wp\/v2\/media?parent=16380"}],"wp:term":[{"taxonomy":"category","embeddable":true,"href":"https:\/\/comsefaz.org.br\/novo\/wp-json\/wp\/v2\/categories?post=16380"},{"taxonomy":"post_tag","embeddable":true,"href":"https:\/\/comsefaz.org.br\/novo\/wp-json\/wp\/v2\/tags?post=16380"}],"curies":[{"name":"wp","href":"https:\/\/api.w.org\/{rel}","templated":true}]}}