{"id":16384,"date":"2026-09-04T09:59:43","date_gmt":"2026-09-04T12:59:43","guid":{"rendered":"https:\/\/comsefaz.org.br\/novo\/?p=16384"},"modified":"2026-09-04T10:02:31","modified_gmt":"2026-09-04T13:02:31","slug":"comsefaz-abre-54a-reuniao-ordinaria-em-alagoas-com-foco-na-reforma-tributaria","status":"publish","type":"post","link":"https:\/\/comsefaz.org.br\/novo\/comsefaz-abre-54a-reuniao-ordinaria-em-alagoas-com-foco-na-reforma-tributaria\/","title":{"rendered":"Comsefaz abre 54\u00aa Reuni\u00e3o Ordin\u00e1ria em Alagoas com foco na reforma tribut\u00e1ria"},"content":{"rendered":"\n<p class=\"wp-block-paragraph\"><\/p>\n\n\n\n<p class=\"wp-block-paragraph\"><\/p>\n\n\n\n<p class=\"wp-block-paragraph\">Nesta quinta-feira (3), secret\u00e1rios e secret\u00e1rias de Fazenda dos 26 estados e do Distrito Federal se reuniram, em Macei\u00f3 (AL), para a abertura da 54\u00aa Reuni\u00e3o Ordin\u00e1ria do Comsefaz. Ao longo do dia, o encontro deve tratar da implementa\u00e7\u00e3o da reforma tribut\u00e1ria, do andamento dos trabalhos do Comit\u00ea Gestor do IBS (CGIBS) e de temas de interesse das administra\u00e7\u00f5es tribut\u00e1rias estaduais.<\/p>\n\n\n\n<p class=\"wp-block-paragraph\"><strong>Abertura<\/strong><br>Na abertura do evento, o presidente do Comsefaz e secret\u00e1rio de Fazenda de Mato Grosso do Sul, Fl\u00e1vio C\u00e9sar, agradeceu \u00e0 anfitri\u00e3 do encontro, a secret\u00e1ria de Fazenda de Alagoas, Renata dos Santos.<\/p>\n\n\n\n<p class=\"wp-block-paragraph\">&#8220;\u00c9 uma honra imensa poder nos reunir aqui em Macei\u00f3 para a realiza\u00e7\u00e3o da nossa 54\u00aa Reuni\u00e3o Ordin\u00e1ria. Este encontro ser\u00e1, sem d\u00favida, de grande relev\u00e2ncia para o Comsefaz e para os estados brasileiros&#8221;, declarou o presidente da entidade, enaltecendo a efici\u00eancia da gest\u00e3o e o protagonismo de Alagoas no processo da reforma tribut\u00e1ria.<\/p>\n\n\n\n<p class=\"wp-block-paragraph\">&#8220;Hoje e amanh\u00e3, Macei\u00f3 se torna o centro do pa\u00eds para as discuss\u00f5es da pauta fiscal e tribut\u00e1ria&#8221;, destacou Fl\u00e1vio C\u00e9sar.<\/p>\n\n\n\n<p class=\"wp-block-paragraph\">0 presidente do Comsefaz recordou que o Comit\u00ea Gestor do IBS foi instalado em 2026, reunindo representantes de estados e munic\u00edpios. &#8220;Temos avan\u00e7ado de forma muito contundente desde o in\u00edcio das atividades do Comit\u00ea Gestor. As pautas que discutimos aqui, no \u00e2mbito dos estados, passam em seguida por uma nova discuss\u00e3o no Conselho Superior, com os demais membros que representam os munic\u00edpios, para que possamos seguir avan\u00e7ando na reforma tribut\u00e1ria&#8221;, finalizou.<\/p>\n\n\n\n<figure class=\"wp-block-image size-large\"><img fetchpriority=\"high\" decoding=\"async\" width=\"1024\" height=\"682\" src=\"https:\/\/comsefaz.org.br\/novo\/wp-content\/uploads\/2026\/09\/Flavio-Cesar-1024x682.jpeg\" alt=\"\" class=\"wp-image-16386\" srcset=\"https:\/\/comsefaz.org.br\/novo\/wp-content\/uploads\/2026\/09\/Flavio-Cesar-1024x682.jpeg 1024w, https:\/\/comsefaz.org.br\/novo\/wp-content\/uploads\/2026\/09\/Flavio-Cesar-300x200.jpeg 300w, https:\/\/comsefaz.org.br\/novo\/wp-content\/uploads\/2026\/09\/Flavio-Cesar-768x512.jpeg 768w, https:\/\/comsefaz.org.br\/novo\/wp-content\/uploads\/2026\/09\/Flavio-Cesar.jpeg 1280w\" sizes=\"(max-width: 1024px) 100vw, 1024px\" \/><\/figure>\n\n\n\n<p class=\"wp-block-paragraph\">A secret\u00e1ria de Estado da Fazenda de Alagoas, Renata dos Santos, destacou o avan\u00e7o fiscal do Estado nos \u00faltimos anos e ressaltou que o equil\u00edbrio das contas p\u00fablicas tem ampliado a capacidade de investimento em \u00e1reas essenciais. \u201cAlagoas vem construindo uma trajet\u00f3ria consistente de fortalecimento fiscal, com equil\u00edbrio das contas p\u00fablicas, redu\u00e7\u00e3o do endividamento e amplia\u00e7\u00e3o da capacidade de investimento. Esse cen\u00e1rio permite manter investimentos em \u00e1reas estrat\u00e9gicas, como educa\u00e7\u00e3o, infraestrutura, \u00e1gua e saneamento, transformando a responsabilidade fiscal em desenvolvimento e qualidade de vida para os alagoanos\u201d, detalhou.<\/p>\n\n\n\n<p class=\"wp-block-paragraph\">A Anfitri\u00e3 do encontro, Renata tamb\u00e9m deu as boas-vindas aos secret\u00e1rios e t\u00e9cnicos das administra\u00e7\u00f5es fazend\u00e1rias de todo o pa\u00eds. Ela acrescentou que a escolha do Espa\u00e7o Armaz\u00e9m, no bairro do Jaragu\u00e1, como cen\u00e1rio para as reuni\u00f5es e ressaltou a import\u00e2ncia hist\u00f3rica do local para a economia alagoana. \u201c\u00c9 uma honra receber voc\u00eas em Macei\u00f3. A ideia de organizar todos esses ambientes foi para que, ao longo das discuss\u00f5es e dos trabalhos, voc\u00eas se sentissem em casa, se sentissem de fato em Alagoas. Esperamos que os debates sejam produtivos e que tenhamos dias proveitosos em favor do federalismo e da coopera\u00e7\u00e3o entre os estados brasileiros\u201d, completou.<\/p>\n\n\n\n<figure class=\"wp-block-image size-large\"><img decoding=\"async\" width=\"1024\" height=\"682\" src=\"https:\/\/comsefaz.org.br\/novo\/wp-content\/uploads\/2026\/09\/Renata-dos-Santos-1024x682.jpeg\" alt=\"A secret\u00e1ria da Fazenda de Alagoas e anfitri\u00e3 do evento, Renata dos Santos, destacou a import\u00e2ncia de o estado sediar a 54\u00aa Reuni\u00e3o Ordin\u00e1ria do Comsefaz.\" class=\"wp-image-16387\" srcset=\"https:\/\/comsefaz.org.br\/novo\/wp-content\/uploads\/2026\/09\/Renata-dos-Santos-1024x682.jpeg 1024w, https:\/\/comsefaz.org.br\/novo\/wp-content\/uploads\/2026\/09\/Renata-dos-Santos-300x200.jpeg 300w, https:\/\/comsefaz.org.br\/novo\/wp-content\/uploads\/2026\/09\/Renata-dos-Santos-768x512.jpeg 768w, https:\/\/comsefaz.org.br\/novo\/wp-content\/uploads\/2026\/09\/Renata-dos-Santos.jpeg 1280w\" sizes=\"(max-width: 1024px) 100vw, 1024px\" \/><\/figure>\n\n\n\n<p class=\"wp-block-paragraph\">J\u00e1 o secret\u00e1rio de Estado de Governo de Alagoas, Vitor Hugo Pereira da Silva, representando o governador Paulo Dantas, afirmou que o encontro \u00e9 um marco para a institucionaliza\u00e7\u00e3o da fiscalidade estadual: &#8220;A uni\u00e3o entre disciplina fiscal e capacidade t\u00e9cnica \u00e9 o que viabiliza a implementa\u00e7\u00e3o pr\u00e1tica das medidas necess\u00e1rias, preservando a estabilidade fiscal dos estados\u201d, declarou.<\/p>\n\n\n\n<p class=\"wp-block-paragraph\"><strong>Pauta <\/strong><br>O IBS foi um dos principais temas da agenda. Fl\u00e1vio C\u00e9sar apresentou uma atualiza\u00e7\u00e3o sobre as quest\u00f5es relacionadas ao CGIBS, seguida de debates sobre assuntos de interesse dos estados, al\u00e9m dos avan\u00e7os das diretorias, da Corregedoria e das demais \u00e1reas do Comit\u00ea Gestor. Entre os pontos da pauta ligados \u00e0 nova tributa\u00e7\u00e3o do consumo esteve o pleito dos Correios pelo diferimento do recolhimento do IBS e da CBS, apresentado pelo diretor institucional do Comsefaz, Andr\u00e9 Horta.<\/p>\n\n\n\n<p class=\"wp-block-paragraph\">A programa\u00e7\u00e3o incluiu ainda a apresenta\u00e7\u00e3o do presidente do IBGE, M\u00e1rcio Pochmann, sobre possibilidades de coopera\u00e7\u00e3o com as administra\u00e7\u00f5es tribut\u00e1rias estaduais para a produ\u00e7\u00e3o de estat\u00edsticas e indicadores econ\u00f4micos, e a discuss\u00e3o sobre o novo ecossistema de transfer\u00eancia de ve\u00edculos, com participa\u00e7\u00f5es do secret\u00e1rio nacional de Tr\u00e2nsito, Adrualdo Cat\u00e3o, e do diretor de Regula\u00e7\u00e3o, Fiscaliza\u00e7\u00e3o e Gest\u00e3o da Senatran, Bas\u00edlio Militani.<\/p>\n\n\n\n<p class=\"wp-block-paragraph\">A representante do Banco Interamericano de Desenvolvimento (BID), Cristina MacDowell, apresentou a metodologia de avalia\u00e7\u00e3o da maturidade e desempenho da gest\u00e3o fiscal (MD-GEFIS), iniciativa voltada \u00e0 avalia\u00e7\u00e3o e ao aprimoramento da gest\u00e3o fiscal dos estados.<\/p>\n\n\n\n<p class=\"wp-block-paragraph\">O Comsefaz tamb\u00e9m atualizou os secret\u00e1rios sobre pesquisas em andamento e sobre as atividades das assessorias colegiadas do comit\u00ea, como a Cotepe e o Grupo de Gestores das Finan\u00e7as Estaduais (Gefin), al\u00e9m das propostas de Conv\u00eanios ICMS e Ajustes Sinief a serem discutidas na 202\u00aa Reuni\u00e3o Ordin\u00e1ria do Confaz, nesta sexta-feira. Tamb\u00e9m ser\u00e1 analisada a situa\u00e7\u00e3o dos conv\u00eanios de ICMS com condicionantes relacionadas \u00e0 isen\u00e7\u00e3o de PIS e Cofins, tema que ser\u00e1 apresentado pelo representante de Goi\u00e1s, Elder Souto, em raz\u00e3o das mudan\u00e7as provocadas pela reforma tribut\u00e1ria e pela substitui\u00e7\u00e3o dos tributos federais.<\/p>\n\n\n\n<p class=\"wp-block-paragraph\">A reuni\u00e3o refor\u00e7ou o papel do Comsefaz como espa\u00e7o de articula\u00e7\u00e3o entre as administra\u00e7\u00f5es tribut\u00e1rias estaduais em um momento de mudan\u00e7as profundas no sistema tribut\u00e1rio brasileiro.<\/p>\n\n\n\n<p class=\"wp-block-paragraph\"><strong>Confaz <\/strong><\/p>\n\n\n\n<p class=\"wp-block-paragraph\">Os secret\u00e1rios e secret\u00e1rias de Fazenda voltaram a se reunir nesta sexta-feira (4), a partir das 9h, durante a 202\u00aa Reuni\u00e3o Ordin\u00e1ria do Confaz, conduzida pela equipe do Minist\u00e9rio da Fazenda sob a coordena\u00e7\u00e3o do secret\u00e1rio especial da Receita Federal, Robinson Barreirinhas. Entre os principais temas da pauta est\u00e3o a gest\u00e3o fiscal e os conv\u00eanios e ajustes entre os estados.<\/p>\n\n\n\n<p class=\"wp-block-paragraph\"><\/p>\n\n\n\n<p class=\"wp-block-paragraph\"><\/p>\n","protected":false},"excerpt":{"rendered":"<p>Secret\u00e1rios de Fazenda dos 26 estados e do Distrito Federal se re\u00fanem em Macei\u00f3<\/p>\n","protected":false},"author":2,"featured_media":16385,"comment_status":"closed","ping_status":"closed","sticky":false,"template":"","format":"standard","meta":{"_acf_changed":false,"om_disable_all_campaigns":false,"_monsterinsights_skip_tracking":false,"_EventAllDay":false,"_EventTimezone":"","_EventStartDate":"","_EventEndDate":"","_EventStartDateUTC":"","_EventEndDateUTC":"","_EventShowMap":false,"_EventShowMapLink":false,"_EventURL":"","_EventCost":"","_EventCostDescription":"","_EventCurrencySymbol":"","_EventCurrencyCode":"","_EventCurrencyPosition":"","_EventDateTimeSeparator":"","_EventTimeRangeSeparator":"","_EventOrganizerID":[],"_EventVenueID":[],"_OrganizerEmail":"","_OrganizerPhone":"","_OrganizerWebsite":"","_VenueAddress":"","_VenueCity":"","_VenueCountry":"","_VenueProvince":"","_VenueState":"","_VenueZip":"","_VenuePhone":"","_VenueURL":"","_VenueStateProvince":"","_VenueLat":"","_VenueLng":"","_VenueShowMap":false,"_VenueShowMapLink":false,"_jetpack_newsletter_access":"","_jetpack_dont_email_post_to_subs":false,"_jetpack_newsletter_tier_id":0,"_jetpack_memberships_contains_paywalled_content":false,"_jetpack_memberships_contains_paid_content":false,"footnotes":""},"categories":[10],"tags":[],"class_list":["post-16384","post","type-post","status-publish","format-standard","has-post-thumbnail","hentry","category-noticias"],"acf":[],"aioseo_notices":[],"aioseo_head":"\n\t\t<!-- All in One SEO 5.0.1.1 - aioseo.com -->\n\t<meta name=\"description\" content=\"Secret\u00e1rios de Fazenda dos 26 estados e do Distrito Federal se re\u00fanem em Macei\u00f3\" \/>\n\t<meta name=\"robots\" content=\"max-image-preview:large\" \/>\n\t<meta name=\"author\" content=\"comsefaz\"\/>\n\t<link rel=\"canonical\" href=\"https:\/\/comsefaz.org.br\/novo\/comsefaz-abre-54a-reuniao-ordinaria-em-alagoas-com-foco-na-reforma-tributaria\/\" \/>\n\t<meta name=\"generator\" content=\"All in One SEO (AIOSEO) 5.0.1.1\" \/>\n\t\t<meta property=\"og:locale\" content=\"pt_BR\" \/>\n\t\t<meta property=\"og:site_name\" content=\"Comsefaz - Comit\u00ea Nacional de Secret\u00e1rios da Fazenda, Finan\u00e7as, Receitas ou Tributa\u00e7\u00e3o dos Estados  e Distrito Federal\" \/>\n\t\t<meta property=\"og:type\" content=\"article\" \/>\n\t\t<meta property=\"og:title\" content=\"Comsefaz abre 54\u00aa Reuni\u00e3o Ordin\u00e1ria em Alagoas com foco na reforma tribut\u00e1ria - Comsefaz\" \/>\n\t\t<meta property=\"og:description\" content=\"Secret\u00e1rios de Fazenda dos 26 estados e do Distrito Federal se re\u00fanem em Macei\u00f3\" \/>\n\t\t<meta property=\"og:url\" content=\"https:\/\/comsefaz.org.br\/novo\/comsefaz-abre-54a-reuniao-ordinaria-em-alagoas-com-foco-na-reforma-tributaria\/\" \/>\n\t\t<meta property=\"og:image\" content=\"https:\/\/comsefaz.org.br\/novo\/wp-content\/uploads\/2026\/09\/Renata-dos-Santos.jpeg\" \/>\n\t\t<meta property=\"og:image:secure_url\" content=\"https:\/\/comsefaz.org.br\/novo\/wp-content\/uploads\/2026\/09\/Renata-dos-Santos.jpeg\" \/>\n\t\t<meta property=\"og:image:width\" content=\"1280\" \/>\n\t\t<meta property=\"og:image:height\" content=\"853\" \/>\n\t\t<meta property=\"article:published_time\" content=\"2026-09-04T12:59:43+00:00\" \/>\n\t\t<meta property=\"article:modified_time\" content=\"2026-09-04T13:02:31+00:00\" \/>\n\t\t<meta name=\"twitter:card\" content=\"summary\" \/>\n\t\t<meta name=\"twitter:title\" content=\"Comsefaz abre 54\u00aa Reuni\u00e3o Ordin\u00e1ria em Alagoas com foco na reforma tribut\u00e1ria - Comsefaz\" \/>\n\t\t<meta name=\"twitter:description\" content=\"Secret\u00e1rios de Fazenda dos 26 estados e do Distrito Federal se re\u00fanem em Macei\u00f3\" \/>\n\t\t<meta name=\"twitter:image\" content=\"https:\/\/comsefaz.org.br\/novo\/wp-content\/uploads\/2026\/09\/Renata-dos-Santos.jpeg\" \/>\n\t\t<script type=\"application\/ld+json\" class=\"aioseo-schema\">\n\t\t\t{\"@context\":\"https:\\\/\\\/schema.org\",\"@graph\":[{\"@type\":\"BlogPosting\",\"@id\":\"https:\\\/\\\/comsefaz.org.br\\\/novo\\\/comsefaz-abre-54a-reuniao-ordinaria-em-alagoas-com-foco-na-reforma-tributaria\\\/#blogposting\",\"name\":\"Comsefaz abre 54\\u00aa Reuni\\u00e3o Ordin\\u00e1ria em Alagoas com foco na reforma tribut\\u00e1ria - Comsefaz\",\"headline\":\"Comsefaz abre 54\\u00aa Reuni\\u00e3o Ordin\\u00e1ria em Alagoas com foco na reforma tribut\\u00e1ria\",\"author\":{\"@id\":\"https:\\\/\\\/comsefaz.org.br\\\/novo\\\/author\\\/comsefaz\\\/#author\"},\"publisher\":{\"@id\":\"https:\\\/\\\/comsefaz.org.br\\\/novo\\\/#organization\"},\"image\":{\"@type\":\"ImageObject\",\"url\":\"https:\\\/\\\/comsefaz.org.br\\\/novo\\\/wp-content\\\/uploads\\\/2026\\\/09\\\/Mesa-de-abertura-da-54a-reuniao-Ordinaria.jpeg\",\"width\":1280,\"height\":853},\"datePublished\":\"2026-09-04T09:59:43-03:00\",\"dateModified\":\"2026-09-04T10:02:31-03:00\",\"inLanguage\":\"pt-BR\",\"mainEntityOfPage\":{\"@id\":\"https:\\\/\\\/comsefaz.org.br\\\/novo\\\/comsefaz-abre-54a-reuniao-ordinaria-em-alagoas-com-foco-na-reforma-tributaria\\\/#webpage\"},\"isPartOf\":{\"@id\":\"https:\\\/\\\/comsefaz.org.br\\\/novo\\\/comsefaz-abre-54a-reuniao-ordinaria-em-alagoas-com-foco-na-reforma-tributaria\\\/#webpage\"},\"articleSection\":\"Not\\u00edcias\"},{\"@type\":\"BreadcrumbList\",\"@id\":\"https:\\\/\\\/comsefaz.org.br\\\/novo\\\/comsefaz-abre-54a-reuniao-ordinaria-em-alagoas-com-foco-na-reforma-tributaria\\\/#breadcrumblist\",\"itemListElement\":[{\"@type\":\"ListItem\",\"@id\":\"https:\\\/\\\/comsefaz.org.br\\\/novo#listItem\",\"position\":1,\"name\":\"Home\",\"item\":\"https:\\\/\\\/comsefaz.org.br\\\/novo\",\"nextItem\":{\"@type\":\"ListItem\",\"@id\":\"https:\\\/\\\/comsefaz.org.br\\\/novo\\\/category\\\/noticias\\\/#listItem\",\"name\":\"Not\\u00edcias\"}},{\"@type\":\"ListItem\",\"@id\":\"https:\\\/\\\/comsefaz.org.br\\\/novo\\\/category\\\/noticias\\\/#listItem\",\"position\":2,\"name\":\"Not\\u00edcias\",\"item\":\"https:\\\/\\\/comsefaz.org.br\\\/novo\\\/category\\\/noticias\\\/\",\"nextItem\":{\"@type\":\"ListItem\",\"@id\":\"https:\\\/\\\/comsefaz.org.br\\\/novo\\\/comsefaz-abre-54a-reuniao-ordinaria-em-alagoas-com-foco-na-reforma-tributaria\\\/#listItem\",\"name\":\"Comsefaz abre 54\\u00aa Reuni\\u00e3o Ordin\\u00e1ria em Alagoas com foco na reforma tribut\\u00e1ria\"},\"previousItem\":{\"@type\":\"ListItem\",\"@id\":\"https:\\\/\\\/comsefaz.org.br\\\/novo#listItem\",\"name\":\"Home\"}},{\"@type\":\"ListItem\",\"@id\":\"https:\\\/\\\/comsefaz.org.br\\\/novo\\\/comsefaz-abre-54a-reuniao-ordinaria-em-alagoas-com-foco-na-reforma-tributaria\\\/#listItem\",\"position\":3,\"name\":\"Comsefaz abre 54\\u00aa Reuni\\u00e3o Ordin\\u00e1ria em Alagoas com foco na reforma tribut\\u00e1ria\",\"previousItem\":{\"@type\":\"ListItem\",\"@id\":\"https:\\\/\\\/comsefaz.org.br\\\/novo\\\/category\\\/noticias\\\/#listItem\",\"name\":\"Not\\u00edcias\"}}]},{\"@type\":\"Organization\",\"@id\":\"https:\\\/\\\/comsefaz.org.br\\\/novo\\\/#organization\",\"name\":\"Comsefaz\",\"description\":\"Comit\\u00ea Nacional de Secret\\u00e1rios da Fazenda, Finan\\u00e7as, Receitas ou Tributa\\u00e7\\u00e3o dos Estados  e Distrito Federal\",\"url\":\"https:\\\/\\\/comsefaz.org.br\\\/novo\\\/\",\"logo\":{\"@type\":\"ImageObject\",\"url\":\"https:\\\/\\\/comsefaz.org.br\\\/novo\\\/wp-content\\\/uploads\\\/2022\\\/05\\\/comsefaz.png\",\"@id\":\"https:\\\/\\\/comsefaz.org.br\\\/novo\\\/comsefaz-abre-54a-reuniao-ordinaria-em-alagoas-com-foco-na-reforma-tributaria\\\/#organizationLogo\"},\"image\":{\"@id\":\"https:\\\/\\\/comsefaz.org.br\\\/novo\\\/comsefaz-abre-54a-reuniao-ordinaria-em-alagoas-com-foco-na-reforma-tributaria\\\/#organizationLogo\"}},{\"@type\":\"Person\",\"@id\":\"https:\\\/\\\/comsefaz.org.br\\\/novo\\\/author\\\/comsefaz\\\/#author\",\"url\":\"https:\\\/\\\/comsefaz.org.br\\\/novo\\\/author\\\/comsefaz\\\/\",\"name\":\"comsefaz\",\"image\":{\"@type\":\"ImageObject\",\"@id\":\"https:\\\/\\\/comsefaz.org.br\\\/novo\\\/comsefaz-abre-54a-reuniao-ordinaria-em-alagoas-com-foco-na-reforma-tributaria\\\/#authorImage\",\"url\":\"https:\\\/\\\/secure.gravatar.com\\\/avatar\\\/263d9be0bb4e1bc8dba724a209da0b12caf474b441e176758b8903eee3938b84?s=96&d=mm&r=g\",\"width\":96,\"height\":96,\"caption\":\"comsefaz\"}},{\"@type\":\"WebPage\",\"@id\":\"https:\\\/\\\/comsefaz.org.br\\\/novo\\\/comsefaz-abre-54a-reuniao-ordinaria-em-alagoas-com-foco-na-reforma-tributaria\\\/#webpage\",\"url\":\"https:\\\/\\\/comsefaz.org.br\\\/novo\\\/comsefaz-abre-54a-reuniao-ordinaria-em-alagoas-com-foco-na-reforma-tributaria\\\/\",\"name\":\"Comsefaz abre 54\\u00aa Reuni\\u00e3o Ordin\\u00e1ria em Alagoas com foco na reforma tribut\\u00e1ria - Comsefaz\",\"description\":\"Secret\\u00e1rios de Fazenda dos 26 estados e do Distrito Federal se re\\u00fanem em Macei\\u00f3\",\"inLanguage\":\"pt-BR\",\"isPartOf\":{\"@id\":\"https:\\\/\\\/comsefaz.org.br\\\/novo\\\/#website\"},\"breadcrumb\":{\"@id\":\"https:\\\/\\\/comsefaz.org.br\\\/novo\\\/comsefaz-abre-54a-reuniao-ordinaria-em-alagoas-com-foco-na-reforma-tributaria\\\/#breadcrumblist\"},\"author\":{\"@id\":\"https:\\\/\\\/comsefaz.org.br\\\/novo\\\/author\\\/comsefaz\\\/#author\"},\"creator\":{\"@id\":\"https:\\\/\\\/comsefaz.org.br\\\/novo\\\/author\\\/comsefaz\\\/#author\"},\"image\":{\"@type\":\"ImageObject\",\"url\":\"https:\\\/\\\/comsefaz.org.br\\\/novo\\\/wp-content\\\/uploads\\\/2026\\\/09\\\/Mesa-de-abertura-da-54a-reuniao-Ordinaria.jpeg\",\"@id\":\"https:\\\/\\\/comsefaz.org.br\\\/novo\\\/comsefaz-abre-54a-reuniao-ordinaria-em-alagoas-com-foco-na-reforma-tributaria\\\/#mainImage\",\"width\":1280,\"height\":853},\"primaryImageOfPage\":{\"@id\":\"https:\\\/\\\/comsefaz.org.br\\\/novo\\\/comsefaz-abre-54a-reuniao-ordinaria-em-alagoas-com-foco-na-reforma-tributaria\\\/#mainImage\"},\"datePublished\":\"2026-09-04T09:59:43-03:00\",\"dateModified\":\"2026-09-04T10:02:31-03:00\"},{\"@type\":\"WebSite\",\"@id\":\"https:\\\/\\\/comsefaz.org.br\\\/novo\\\/#website\",\"url\":\"https:\\\/\\\/comsefaz.org.br\\\/novo\\\/\",\"name\":\"Comsefaz\",\"description\":\"Comit\\u00ea Nacional de Secret\\u00e1rios da Fazenda, Finan\\u00e7as, Receitas ou Tributa\\u00e7\\u00e3o dos Estados  e Distrito Federal\",\"inLanguage\":\"pt-BR\",\"publisher\":{\"@id\":\"https:\\\/\\\/comsefaz.org.br\\\/novo\\\/#organization\"}}]}\n\t\t<\/script>\n\t\t<!-- All in One SEO -->\n\n","aioseo_head_json":{"title":"Comsefaz abre 54\u00aa Reuni\u00e3o Ordin\u00e1ria em Alagoas com foco na reforma tribut\u00e1ria - Comsefaz","description":"Secret\u00e1rios de Fazenda dos 26 estados e do Distrito Federal se re\u00fanem em Macei\u00f3","canonical_url":"https:\/\/comsefaz.org.br\/novo\/comsefaz-abre-54a-reuniao-ordinaria-em-alagoas-com-foco-na-reforma-tributaria\/","robots":"max-image-preview:large","keywords":"","webmasterTools":{"miscellaneous":""},"schema":{"@context":"https:\/\/schema.org","@graph":[{"@type":"BlogPosting","@id":"https:\/\/comsefaz.org.br\/novo\/comsefaz-abre-54a-reuniao-ordinaria-em-alagoas-com-foco-na-reforma-tributaria\/#blogposting","name":"Comsefaz abre 54\u00aa Reuni\u00e3o Ordin\u00e1ria em Alagoas com foco na reforma tribut\u00e1ria - Comsefaz","headline":"Comsefaz abre 54\u00aa Reuni\u00e3o Ordin\u00e1ria em Alagoas com foco na reforma tribut\u00e1ria","author":{"@id":"https:\/\/comsefaz.org.br\/novo\/author\/comsefaz\/#author"},"publisher":{"@id":"https:\/\/comsefaz.org.br\/novo\/#organization"},"image":{"@type":"ImageObject","url":"https:\/\/comsefaz.org.br\/novo\/wp-content\/uploads\/2026\/09\/Mesa-de-abertura-da-54a-reuniao-Ordinaria.jpeg","width":1280,"height":853},"datePublished":"2026-09-04T09:59:43-03:00","dateModified":"2026-09-04T10:02:31-03:00","inLanguage":"pt-BR","mainEntityOfPage":{"@id":"https:\/\/comsefaz.org.br\/novo\/comsefaz-abre-54a-reuniao-ordinaria-em-alagoas-com-foco-na-reforma-tributaria\/#webpage"},"isPartOf":{"@id":"https:\/\/comsefaz.org.br\/novo\/comsefaz-abre-54a-reuniao-ordinaria-em-alagoas-com-foco-na-reforma-tributaria\/#webpage"},"articleSection":"Not\u00edcias"},{"@type":"BreadcrumbList","@id":"https:\/\/comsefaz.org.br\/novo\/comsefaz-abre-54a-reuniao-ordinaria-em-alagoas-com-foco-na-reforma-tributaria\/#breadcrumblist","itemListElement":[{"@type":"ListItem","@id":"https:\/\/comsefaz.org.br\/novo#listItem","position":1,"name":"Home","item":"https:\/\/comsefaz.org.br\/novo","nextItem":{"@type":"ListItem","@id":"https:\/\/comsefaz.org.br\/novo\/category\/noticias\/#listItem","name":"Not\u00edcias"}},{"@type":"ListItem","@id":"https:\/\/comsefaz.org.br\/novo\/category\/noticias\/#listItem","position":2,"name":"Not\u00edcias","item":"https:\/\/comsefaz.org.br\/novo\/category\/noticias\/","nextItem":{"@type":"ListItem","@id":"https:\/\/comsefaz.org.br\/novo\/comsefaz-abre-54a-reuniao-ordinaria-em-alagoas-com-foco-na-reforma-tributaria\/#listItem","name":"Comsefaz abre 54\u00aa Reuni\u00e3o Ordin\u00e1ria em Alagoas com foco na reforma tribut\u00e1ria"},"previousItem":{"@type":"ListItem","@id":"https:\/\/comsefaz.org.br\/novo#listItem","name":"Home"}},{"@type":"ListItem","@id":"https:\/\/comsefaz.org.br\/novo\/comsefaz-abre-54a-reuniao-ordinaria-em-alagoas-com-foco-na-reforma-tributaria\/#listItem","position":3,"name":"Comsefaz abre 54\u00aa Reuni\u00e3o Ordin\u00e1ria em Alagoas com foco na reforma tribut\u00e1ria","previousItem":{"@type":"ListItem","@id":"https:\/\/comsefaz.org.br\/novo\/category\/noticias\/#listItem","name":"Not\u00edcias"}}]},{"@type":"Organization","@id":"https:\/\/comsefaz.org.br\/novo\/#organization","name":"Comsefaz","description":"Comit\u00ea Nacional de Secret\u00e1rios da Fazenda, Finan\u00e7as, Receitas ou Tributa\u00e7\u00e3o dos Estados  e Distrito Federal","url":"https:\/\/comsefaz.org.br\/novo\/","logo":{"@type":"ImageObject","url":"https:\/\/comsefaz.org.br\/novo\/wp-content\/uploads\/2022\/05\/comsefaz.png","@id":"https:\/\/comsefaz.org.br\/novo\/comsefaz-abre-54a-reuniao-ordinaria-em-alagoas-com-foco-na-reforma-tributaria\/#organizationLogo"},"image":{"@id":"https:\/\/comsefaz.org.br\/novo\/comsefaz-abre-54a-reuniao-ordinaria-em-alagoas-com-foco-na-reforma-tributaria\/#organizationLogo"}},{"@type":"Person","@id":"https:\/\/comsefaz.org.br\/novo\/author\/comsefaz\/#author","url":"https:\/\/comsefaz.org.br\/novo\/author\/comsefaz\/","name":"comsefaz","image":{"@type":"ImageObject","@id":"https:\/\/comsefaz.org.br\/novo\/comsefaz-abre-54a-reuniao-ordinaria-em-alagoas-com-foco-na-reforma-tributaria\/#authorImage","url":"https:\/\/secure.gravatar.com\/avatar\/263d9be0bb4e1bc8dba724a209da0b12caf474b441e176758b8903eee3938b84?s=96&d=mm&r=g","width":96,"height":96,"caption":"comsefaz"}},{"@type":"WebPage","@id":"https:\/\/comsefaz.org.br\/novo\/comsefaz-abre-54a-reuniao-ordinaria-em-alagoas-com-foco-na-reforma-tributaria\/#webpage","url":"https:\/\/comsefaz.org.br\/novo\/comsefaz-abre-54a-reuniao-ordinaria-em-alagoas-com-foco-na-reforma-tributaria\/","name":"Comsefaz abre 54\u00aa Reuni\u00e3o Ordin\u00e1ria em Alagoas com foco na reforma tribut\u00e1ria - Comsefaz","description":"Secret\u00e1rios de Fazenda dos 26 estados e do Distrito Federal se re\u00fanem em Macei\u00f3","inLanguage":"pt-BR","isPartOf":{"@id":"https:\/\/comsefaz.org.br\/novo\/#website"},"breadcrumb":{"@id":"https:\/\/comsefaz.org.br\/novo\/comsefaz-abre-54a-reuniao-ordinaria-em-alagoas-com-foco-na-reforma-tributaria\/#breadcrumblist"},"author":{"@id":"https:\/\/comsefaz.org.br\/novo\/author\/comsefaz\/#author"},"creator":{"@id":"https:\/\/comsefaz.org.br\/novo\/author\/comsefaz\/#author"},"image":{"@type":"ImageObject","url":"https:\/\/comsefaz.org.br\/novo\/wp-content\/uploads\/2026\/09\/Mesa-de-abertura-da-54a-reuniao-Ordinaria.jpeg","@id":"https:\/\/comsefaz.org.br\/novo\/comsefaz-abre-54a-reuniao-ordinaria-em-alagoas-com-foco-na-reforma-tributaria\/#mainImage","width":1280,"height":853},"primaryImageOfPage":{"@id":"https:\/\/comsefaz.org.br\/novo\/comsefaz-abre-54a-reuniao-ordinaria-em-alagoas-com-foco-na-reforma-tributaria\/#mainImage"},"datePublished":"2026-09-04T09:59:43-03:00","dateModified":"2026-09-04T10:02:31-03:00"},{"@type":"WebSite","@id":"https:\/\/comsefaz.org.br\/novo\/#website","url":"https:\/\/comsefaz.org.br\/novo\/","name":"Comsefaz","description":"Comit\u00ea Nacional de Secret\u00e1rios da Fazenda, Finan\u00e7as, Receitas ou Tributa\u00e7\u00e3o dos Estados  e Distrito Federal","inLanguage":"pt-BR","publisher":{"@id":"https:\/\/comsefaz.org.br\/novo\/#organization"}}]},"og:locale":"pt_BR","og:site_name":"Comsefaz - Comit\u00ea Nacional de Secret\u00e1rios da Fazenda, Finan\u00e7as, Receitas ou Tributa\u00e7\u00e3o dos Estados  e Distrito Federal","og:type":"article","og:title":"Comsefaz abre 54\u00aa Reuni\u00e3o Ordin\u00e1ria em Alagoas com foco na reforma tribut\u00e1ria - Comsefaz","og:description":"Secret\u00e1rios de Fazenda dos 26 estados e do Distrito Federal se re\u00fanem em Macei\u00f3","og:url":"https:\/\/comsefaz.org.br\/novo\/comsefaz-abre-54a-reuniao-ordinaria-em-alagoas-com-foco-na-reforma-tributaria\/","og:image":"https:\/\/comsefaz.org.br\/novo\/wp-content\/uploads\/2026\/09\/Renata-dos-Santos.jpeg","og:image:secure_url":"https:\/\/comsefaz.org.br\/novo\/wp-content\/uploads\/2026\/09\/Renata-dos-Santos.jpeg","og:image:width":1280,"og:image:height":853,"article:published_time":"2026-09-04T12:59:43+00:00","article:modified_time":"2026-09-04T13:02:31+00:00","twitter:card":"summary","twitter:title":"Comsefaz abre 54\u00aa Reuni\u00e3o Ordin\u00e1ria em Alagoas com foco na reforma tribut\u00e1ria - Comsefaz","twitter:description":"Secret\u00e1rios de Fazenda dos 26 estados e do Distrito Federal se re\u00fanem em Macei\u00f3","twitter:image":"https:\/\/comsefaz.org.br\/novo\/wp-content\/uploads\/2026\/09\/Renata-dos-Santos.jpeg"},"aioseo_meta_data":{"post_id":"16384","title":null,"description":null,"keywords":null,"keyphrases":{"focus":{"keyphrase":"","score":0,"analysis":{"keyphraseInTitle":{"score":0,"maxScore":9,"error":1}}},"additional":[]},"primary_term":null,"canonical_url":null,"og_title":null,"og_description":null,"og_object_type":"default","og_image_type":"default","og_image_url":null,"og_image_width":null,"og_image_height":null,"og_image_custom_url":null,"og_image_custom_fields":null,"og_video":"","og_custom_url":null,"og_article_section":null,"og_article_tags":null,"twitter_use_og":false,"twitter_card":"default","twitter_image_type":"default","twitter_image_url":null,"twitter_image_custom_url":null,"twitter_image_custom_fields":null,"twitter_title":null,"twitter_description":null,"schema":{"blockGraphs":[],"customGraphs":[],"default":{"data":{"Article":[],"Course":[],"Dataset":[],"FAQPage":[],"Movie":[],"Person":[],"Product":[],"ProductReview":[],"Car":[],"Recipe":[],"Service":[],"SoftwareApplication":[],"WebPage":[]},"graphName":"BlogPosting","isEnabled":true},"graphs":[]},"schema_type":"default","schema_type_options":null,"pillar_content":false,"robots_default":true,"robots_noindex":false,"robots_noarchive":false,"robots_nosnippet":false,"robots_nofollow":false,"robots_noimageindex":false,"robots_noodp":false,"robots_notranslate":false,"robots_max_snippet":"-1","robots_max_videopreview":"-1","robots_max_imagepreview":"large","priority":null,"frequency":"default","local_seo":null,"breadcrumb_settings":null,"limit_modified_date":false,"ai":{"faqs":[],"keyPoints":[],"schemas":[],"titles":[],"descriptions":[],"socialPosts":{"email":{"subject":"","preview":"","content":""},"linkedin":[],"twitter":[],"facebook":[],"instagram":[]}},"created":"2026-09-03 17:32:20","updated":"2026-09-04 13:26:05","seo_analyzer_scan_date":null,"focus_keyword":null,"additional_keywords":null,"truseo_locale":null},"aioseo_breadcrumb":"<div class=\"aioseo-breadcrumbs\"><span class=\"aioseo-breadcrumb\">\n\t\t\t<a href=\"https:\/\/comsefaz.org.br\/novo\" title=\"Home\">Home<\/a>\n\t\t<\/span><span class=\"aioseo-breadcrumb-separator\">&raquo;<\/span><span class=\"aioseo-breadcrumb\">\n\t\t\t<a href=\"https:\/\/comsefaz.org.br\/novo\/category\/noticias\/\" title=\"Not\u00edcias\">Not\u00edcias<\/a>\n\t\t<\/span><span class=\"aioseo-breadcrumb-separator\">&raquo;<\/span><span class=\"aioseo-breadcrumb\">\n\t\t\tComsefaz abre 54\u00aa Reuni\u00e3o Ordin\u00e1ria em Alagoas com foco na reforma tribut\u00e1ria\n\t\t<\/span><\/div>","aioseo_breadcrumb_json":[{"label":"Home","link":"https:\/\/comsefaz.org.br\/novo"},{"label":"Not\u00edcias","link":"https:\/\/comsefaz.org.br\/novo\/category\/noticias\/"},{"label":"Comsefaz abre 54\u00aa Reuni\u00e3o Ordin\u00e1ria em Alagoas com foco na reforma tribut\u00e1ria","link":"https:\/\/comsefaz.org.br\/novo\/comsefaz-abre-54a-reuniao-ordinaria-em-alagoas-com-foco-na-reforma-tributaria\/"}],"jetpack_sharing_enabled":true,"jetpack_featured_media_url":"https:\/\/comsefaz.org.br\/novo\/wp-content\/uploads\/2026\/09\/Mesa-de-abertura-da-54a-reuniao-Ordinaria.jpeg","_links":{"self":[{"href":"https:\/\/comsefaz.org.br\/novo\/wp-json\/wp\/v2\/posts\/16384","targetHints":{"allow":["GET"]}}],"collection":[{"href":"https:\/\/comsefaz.org.br\/novo\/wp-json\/wp\/v2\/posts"}],"about":[{"href":"https:\/\/comsefaz.org.br\/novo\/wp-json\/wp\/v2\/types\/post"}],"author":[{"embeddable":true,"href":"https:\/\/comsefaz.org.br\/novo\/wp-json\/wp\/v2\/users\/2"}],"replies":[{"embeddable":true,"href":"https:\/\/comsefaz.org.br\/novo\/wp-json\/wp\/v2\/comments?post=16384"}],"version-history":[{"count":6,"href":"https:\/\/comsefaz.org.br\/novo\/wp-json\/wp\/v2\/posts\/16384\/revisions"}],"predecessor-version":[{"id":16395,"href":"https:\/\/comsefaz.org.br\/novo\/wp-json\/wp\/v2\/posts\/16384\/revisions\/16395"}],"wp:featuredmedia":[{"embeddable":true,"href":"https:\/\/comsefaz.org.br\/novo\/wp-json\/wp\/v2\/media\/16385"}],"wp:attachment":[{"href":"https:\/\/comsefaz.org.br\/novo\/wp-json\/wp\/v2\/media?parent=16384"}],"wp:term":[{"taxonomy":"category","embeddable":true,"href":"https:\/\/comsefaz.org.br\/novo\/wp-json\/wp\/v2\/categories?post=16384"},{"taxonomy":"post_tag","embeddable":true,"href":"https:\/\/comsefaz.org.br\/novo\/wp-json\/wp\/v2\/tags?post=16384"}],"curies":[{"name":"wp","href":"https:\/\/api.w.org\/{rel}","templated":true}]}}