{"id":16398,"date":"2026-09-04T11:25:18","date_gmt":"2026-09-04T14:25:18","guid":{"rendered":"https:\/\/comsefaz.org.br\/novo\/?p=16398"},"modified":"2026-09-04T11:27:53","modified_gmt":"2026-09-04T14:27:53","slug":"comsefaz-divulga-nota-sobre-a-prorrogacao-dos-beneficios-fiscais-do-icms","status":"publish","type":"post","link":"https:\/\/comsefaz.org.br\/novo\/comsefaz-divulga-nota-sobre-a-prorrogacao-dos-beneficios-fiscais-do-icms\/","title":{"rendered":"Comsefaz divulga nota sobre a prorroga\u00e7\u00e3o dos benef\u00edcios fiscais do ICMS"},"content":{"rendered":"\n<p class=\"wp-block-paragraph\">O Comsefaz divulgou, nesta sexta-feira (4), uma nota p\u00fablica referente \u00e0 prorroga\u00e7\u00e3o dos benef\u00edcios fiscais do ICMS. <\/p>\n\n\n\n<p class=\"wp-block-paragraph\">O Colegiado se reuniu dias 3 e 4 de setembro, em Macei\u00f3 (AL), para participar da 54\u00aa Reuni\u00e3o Ordin\u00e1ria do Comsefaz e da 202\u00aa Reuni\u00e3o Ordin\u00e1ria do Confaz. <\/p>\n\n\n\n<p class=\"wp-block-paragraph\">Nos dois encontros foram debatidas pautas federativas de interesse comum para as Fazendas estaduais. <\/p>\n\n\n\n<p class=\"wp-block-paragraph\"><a href=\"https:\/\/comsefaz.org.br\/novo\/wp-content\/uploads\/2026\/09\/Nota_comsefaz_Beneficios-fiscais.pdf\">Acesse a nota do Comsefaz na \u00edntegra<\/a><\/p>\n","protected":false},"excerpt":{"rendered":"<p>O Colegiado se reuniu dias 3 e 4 de setembro, em Macei\u00f3 (AL), para participar da 54\u00aa Reuni\u00e3o Ordin\u00e1ria do Comsefaz e da 202\u00aa Reuni\u00e3o Ordin\u00e1ria do Confaz.<\/p>\n","protected":false},"author":2,"featured_media":16403,"comment_status":"closed","ping_status":"closed","sticky":false,"template":"","format":"standard","meta":{"_acf_changed":false,"om_disable_all_campaigns":false,"_monsterinsights_skip_tracking":false,"_EventAllDay":false,"_EventTimezone":"","_EventStartDate":"","_EventEndDate":"","_EventStartDateUTC":"","_EventEndDateUTC":"","_EventShowMap":false,"_EventShowMapLink":false,"_EventURL":"","_EventCost":"","_EventCostDescription":"","_EventCurrencySymbol":"","_EventCurrencyCode":"","_EventCurrencyPosition":"","_EventDateTimeSeparator":"","_EventTimeRangeSeparator":"","_EventOrganizerID":[],"_EventVenueID":[],"_OrganizerEmail":"","_OrganizerPhone":"","_OrganizerWebsite":"","_VenueAddress":"","_VenueCity":"","_VenueCountry":"","_VenueProvince":"","_VenueState":"","_VenueZip":"","_VenuePhone":"","_VenueURL":"","_VenueStateProvince":"","_VenueLat":"","_VenueLng":"","_VenueShowMap":false,"_VenueShowMapLink":false,"_jetpack_newsletter_access":"","_jetpack_dont_email_post_to_subs":false,"_jetpack_newsletter_tier_id":0,"_jetpack_memberships_contains_paywalled_content":false,"_jetpack_memberships_contains_paid_content":false,"footnotes":""},"categories":[9],"tags":[],"class_list":["post-16398","post","type-post","status-publish","format-standard","has-post-thumbnail","hentry","category-notas-comsefaz"],"acf":[],"aioseo_notices":[],"aioseo_head":"\n\t\t<!-- All in One SEO 5.0.1.1 - aioseo.com -->\n\t<meta name=\"description\" content=\"O Colegiado se reuniu dias 3 e 4 de setembro, em Macei\u00f3 (AL), para participar da 54\u00aa Reuni\u00e3o Ordin\u00e1ria do Comsefaz e da 202\u00aa Reuni\u00e3o Ordin\u00e1ria do Confaz.\" \/>\n\t<meta name=\"robots\" content=\"max-image-preview:large\" \/>\n\t<meta name=\"author\" content=\"comsefaz\"\/>\n\t<link rel=\"canonical\" href=\"https:\/\/comsefaz.org.br\/novo\/comsefaz-divulga-nota-sobre-a-prorrogacao-dos-beneficios-fiscais-do-icms\/\" \/>\n\t<meta name=\"generator\" content=\"All in One SEO (AIOSEO) 5.0.1.1\" \/>\n\t\t<meta property=\"og:locale\" content=\"pt_BR\" \/>\n\t\t<meta property=\"og:site_name\" content=\"Comsefaz - Comit\u00ea Nacional de Secret\u00e1rios da Fazenda, Finan\u00e7as, Receitas ou Tributa\u00e7\u00e3o dos Estados  e Distrito Federal\" \/>\n\t\t<meta property=\"og:type\" content=\"article\" \/>\n\t\t<meta property=\"og:title\" content=\"Comsefaz divulga nota sobre a prorroga\u00e7\u00e3o dos benef\u00edcios fiscais do ICMS - Comsefaz\" \/>\n\t\t<meta property=\"og:description\" content=\"O Colegiado se reuniu dias 3 e 4 de setembro, em Macei\u00f3 (AL), para participar da 54\u00aa Reuni\u00e3o Ordin\u00e1ria do Comsefaz e da 202\u00aa Reuni\u00e3o Ordin\u00e1ria do Confaz.\" \/>\n\t\t<meta property=\"og:url\" content=\"https:\/\/comsefaz.org.br\/novo\/comsefaz-divulga-nota-sobre-a-prorrogacao-dos-beneficios-fiscais-do-icms\/\" \/>\n\t\t<meta property=\"og:image\" content=\"https:\/\/comsefaz.org.br\/novo\/wp-content\/uploads\/2026\/09\/IMG_6725-1.jpg\" \/>\n\t\t<meta property=\"og:image:secure_url\" content=\"https:\/\/comsefaz.org.br\/novo\/wp-content\/uploads\/2026\/09\/IMG_6725-1.jpg\" \/>\n\t\t<meta property=\"og:image:width\" content=\"2048\" \/>\n\t\t<meta property=\"og:image:height\" content=\"1365\" \/>\n\t\t<meta property=\"article:published_time\" content=\"2026-09-04T14:25:18+00:00\" \/>\n\t\t<meta property=\"article:modified_time\" content=\"2026-09-04T14:27:53+00:00\" \/>\n\t\t<meta name=\"twitter:card\" content=\"summary\" \/>\n\t\t<meta name=\"twitter:title\" content=\"Comsefaz divulga nota sobre a prorroga\u00e7\u00e3o dos benef\u00edcios fiscais do ICMS - Comsefaz\" \/>\n\t\t<meta name=\"twitter:description\" content=\"O Colegiado se reuniu dias 3 e 4 de setembro, em Macei\u00f3 (AL), para participar da 54\u00aa Reuni\u00e3o Ordin\u00e1ria do Comsefaz e da 202\u00aa Reuni\u00e3o Ordin\u00e1ria do Confaz.\" \/>\n\t\t<meta name=\"twitter:image\" content=\"https:\/\/comsefaz.org.br\/novo\/wp-content\/uploads\/2026\/09\/IMG_6725-1.jpg\" \/>\n\t\t<script type=\"application\/ld+json\" class=\"aioseo-schema\">\n\t\t\t{\"@context\":\"https:\\\/\\\/schema.org\",\"@graph\":[{\"@type\":\"BlogPosting\",\"@id\":\"https:\\\/\\\/comsefaz.org.br\\\/novo\\\/comsefaz-divulga-nota-sobre-a-prorrogacao-dos-beneficios-fiscais-do-icms\\\/#blogposting\",\"name\":\"Comsefaz divulga nota sobre a prorroga\\u00e7\\u00e3o dos benef\\u00edcios fiscais do ICMS - Comsefaz\",\"headline\":\"Comsefaz divulga nota sobre a prorroga\\u00e7\\u00e3o dos benef\\u00edcios fiscais do ICMS\",\"author\":{\"@id\":\"https:\\\/\\\/comsefaz.org.br\\\/novo\\\/author\\\/comsefaz\\\/#author\"},\"publisher\":{\"@id\":\"https:\\\/\\\/comsefaz.org.br\\\/novo\\\/#organization\"},\"image\":{\"@type\":\"ImageObject\",\"url\":\"https:\\\/\\\/comsefaz.org.br\\\/novo\\\/wp-content\\\/uploads\\\/2026\\\/09\\\/IMG_6725-1.jpg\",\"width\":2048,\"height\":1365},\"datePublished\":\"2026-09-04T11:25:18-03:00\",\"dateModified\":\"2026-09-04T11:27:53-03:00\",\"inLanguage\":\"pt-BR\",\"mainEntityOfPage\":{\"@id\":\"https:\\\/\\\/comsefaz.org.br\\\/novo\\\/comsefaz-divulga-nota-sobre-a-prorrogacao-dos-beneficios-fiscais-do-icms\\\/#webpage\"},\"isPartOf\":{\"@id\":\"https:\\\/\\\/comsefaz.org.br\\\/novo\\\/comsefaz-divulga-nota-sobre-a-prorrogacao-dos-beneficios-fiscais-do-icms\\\/#webpage\"},\"articleSection\":\"Notas Comsefaz\"},{\"@type\":\"BreadcrumbList\",\"@id\":\"https:\\\/\\\/comsefaz.org.br\\\/novo\\\/comsefaz-divulga-nota-sobre-a-prorrogacao-dos-beneficios-fiscais-do-icms\\\/#breadcrumblist\",\"itemListElement\":[{\"@type\":\"ListItem\",\"@id\":\"https:\\\/\\\/comsefaz.org.br\\\/novo#listItem\",\"position\":1,\"name\":\"Home\",\"item\":\"https:\\\/\\\/comsefaz.org.br\\\/novo\",\"nextItem\":{\"@type\":\"ListItem\",\"@id\":\"https:\\\/\\\/comsefaz.org.br\\\/novo\\\/category\\\/notas-comsefaz\\\/#listItem\",\"name\":\"Notas Comsefaz\"}},{\"@type\":\"ListItem\",\"@id\":\"https:\\\/\\\/comsefaz.org.br\\\/novo\\\/category\\\/notas-comsefaz\\\/#listItem\",\"position\":2,\"name\":\"Notas Comsefaz\",\"item\":\"https:\\\/\\\/comsefaz.org.br\\\/novo\\\/category\\\/notas-comsefaz\\\/\",\"nextItem\":{\"@type\":\"ListItem\",\"@id\":\"https:\\\/\\\/comsefaz.org.br\\\/novo\\\/comsefaz-divulga-nota-sobre-a-prorrogacao-dos-beneficios-fiscais-do-icms\\\/#listItem\",\"name\":\"Comsefaz divulga nota sobre a prorroga\\u00e7\\u00e3o dos benef\\u00edcios fiscais do ICMS\"},\"previousItem\":{\"@type\":\"ListItem\",\"@id\":\"https:\\\/\\\/comsefaz.org.br\\\/novo#listItem\",\"name\":\"Home\"}},{\"@type\":\"ListItem\",\"@id\":\"https:\\\/\\\/comsefaz.org.br\\\/novo\\\/comsefaz-divulga-nota-sobre-a-prorrogacao-dos-beneficios-fiscais-do-icms\\\/#listItem\",\"position\":3,\"name\":\"Comsefaz divulga nota sobre a prorroga\\u00e7\\u00e3o dos benef\\u00edcios fiscais do ICMS\",\"previousItem\":{\"@type\":\"ListItem\",\"@id\":\"https:\\\/\\\/comsefaz.org.br\\\/novo\\\/category\\\/notas-comsefaz\\\/#listItem\",\"name\":\"Notas Comsefaz\"}}]},{\"@type\":\"Organization\",\"@id\":\"https:\\\/\\\/comsefaz.org.br\\\/novo\\\/#organization\",\"name\":\"Comsefaz\",\"description\":\"Comit\\u00ea Nacional de Secret\\u00e1rios da Fazenda, Finan\\u00e7as, Receitas ou Tributa\\u00e7\\u00e3o dos Estados  e Distrito Federal\",\"url\":\"https:\\\/\\\/comsefaz.org.br\\\/novo\\\/\",\"logo\":{\"@type\":\"ImageObject\",\"url\":\"https:\\\/\\\/comsefaz.org.br\\\/novo\\\/wp-content\\\/uploads\\\/2022\\\/05\\\/comsefaz.png\",\"@id\":\"https:\\\/\\\/comsefaz.org.br\\\/novo\\\/comsefaz-divulga-nota-sobre-a-prorrogacao-dos-beneficios-fiscais-do-icms\\\/#organizationLogo\"},\"image\":{\"@id\":\"https:\\\/\\\/comsefaz.org.br\\\/novo\\\/comsefaz-divulga-nota-sobre-a-prorrogacao-dos-beneficios-fiscais-do-icms\\\/#organizationLogo\"}},{\"@type\":\"Person\",\"@id\":\"https:\\\/\\\/comsefaz.org.br\\\/novo\\\/author\\\/comsefaz\\\/#author\",\"url\":\"https:\\\/\\\/comsefaz.org.br\\\/novo\\\/author\\\/comsefaz\\\/\",\"name\":\"comsefaz\",\"image\":{\"@type\":\"ImageObject\",\"@id\":\"https:\\\/\\\/comsefaz.org.br\\\/novo\\\/comsefaz-divulga-nota-sobre-a-prorrogacao-dos-beneficios-fiscais-do-icms\\\/#authorImage\",\"url\":\"https:\\\/\\\/secure.gravatar.com\\\/avatar\\\/263d9be0bb4e1bc8dba724a209da0b12caf474b441e176758b8903eee3938b84?s=96&d=mm&r=g\",\"width\":96,\"height\":96,\"caption\":\"comsefaz\"}},{\"@type\":\"WebPage\",\"@id\":\"https:\\\/\\\/comsefaz.org.br\\\/novo\\\/comsefaz-divulga-nota-sobre-a-prorrogacao-dos-beneficios-fiscais-do-icms\\\/#webpage\",\"url\":\"https:\\\/\\\/comsefaz.org.br\\\/novo\\\/comsefaz-divulga-nota-sobre-a-prorrogacao-dos-beneficios-fiscais-do-icms\\\/\",\"name\":\"Comsefaz divulga nota sobre a prorroga\\u00e7\\u00e3o dos benef\\u00edcios fiscais do ICMS - Comsefaz\",\"description\":\"O Colegiado se reuniu dias 3 e 4 de setembro, em Macei\\u00f3 (AL), para participar da 54\\u00aa Reuni\\u00e3o Ordin\\u00e1ria do Comsefaz e da 202\\u00aa Reuni\\u00e3o Ordin\\u00e1ria do Confaz.\",\"inLanguage\":\"pt-BR\",\"isPartOf\":{\"@id\":\"https:\\\/\\\/comsefaz.org.br\\\/novo\\\/#website\"},\"breadcrumb\":{\"@id\":\"https:\\\/\\\/comsefaz.org.br\\\/novo\\\/comsefaz-divulga-nota-sobre-a-prorrogacao-dos-beneficios-fiscais-do-icms\\\/#breadcrumblist\"},\"author\":{\"@id\":\"https:\\\/\\\/comsefaz.org.br\\\/novo\\\/author\\\/comsefaz\\\/#author\"},\"creator\":{\"@id\":\"https:\\\/\\\/comsefaz.org.br\\\/novo\\\/author\\\/comsefaz\\\/#author\"},\"image\":{\"@type\":\"ImageObject\",\"url\":\"https:\\\/\\\/comsefaz.org.br\\\/novo\\\/wp-content\\\/uploads\\\/2026\\\/09\\\/IMG_6725-1.jpg\",\"@id\":\"https:\\\/\\\/comsefaz.org.br\\\/novo\\\/comsefaz-divulga-nota-sobre-a-prorrogacao-dos-beneficios-fiscais-do-icms\\\/#mainImage\",\"width\":2048,\"height\":1365},\"primaryImageOfPage\":{\"@id\":\"https:\\\/\\\/comsefaz.org.br\\\/novo\\\/comsefaz-divulga-nota-sobre-a-prorrogacao-dos-beneficios-fiscais-do-icms\\\/#mainImage\"},\"datePublished\":\"2026-09-04T11:25:18-03:00\",\"dateModified\":\"2026-09-04T11:27:53-03:00\"},{\"@type\":\"WebSite\",\"@id\":\"https:\\\/\\\/comsefaz.org.br\\\/novo\\\/#website\",\"url\":\"https:\\\/\\\/comsefaz.org.br\\\/novo\\\/\",\"name\":\"Comsefaz\",\"description\":\"Comit\\u00ea Nacional de Secret\\u00e1rios da Fazenda, Finan\\u00e7as, Receitas ou Tributa\\u00e7\\u00e3o dos Estados  e Distrito Federal\",\"inLanguage\":\"pt-BR\",\"publisher\":{\"@id\":\"https:\\\/\\\/comsefaz.org.br\\\/novo\\\/#organization\"}}]}\n\t\t<\/script>\n\t\t<!-- All in One SEO -->\n\n","aioseo_head_json":{"title":"Comsefaz divulga nota sobre a prorroga\u00e7\u00e3o dos benef\u00edcios fiscais do ICMS - Comsefaz","description":"O Colegiado se reuniu dias 3 e 4 de setembro, em Macei\u00f3 (AL), para participar da 54\u00aa Reuni\u00e3o Ordin\u00e1ria do Comsefaz e da 202\u00aa Reuni\u00e3o Ordin\u00e1ria do Confaz.","canonical_url":"https:\/\/comsefaz.org.br\/novo\/comsefaz-divulga-nota-sobre-a-prorrogacao-dos-beneficios-fiscais-do-icms\/","robots":"max-image-preview:large","keywords":"","webmasterTools":{"miscellaneous":""},"schema":{"@context":"https:\/\/schema.org","@graph":[{"@type":"BlogPosting","@id":"https:\/\/comsefaz.org.br\/novo\/comsefaz-divulga-nota-sobre-a-prorrogacao-dos-beneficios-fiscais-do-icms\/#blogposting","name":"Comsefaz divulga nota sobre a prorroga\u00e7\u00e3o dos benef\u00edcios fiscais do ICMS - Comsefaz","headline":"Comsefaz divulga nota sobre a prorroga\u00e7\u00e3o dos benef\u00edcios fiscais do ICMS","author":{"@id":"https:\/\/comsefaz.org.br\/novo\/author\/comsefaz\/#author"},"publisher":{"@id":"https:\/\/comsefaz.org.br\/novo\/#organization"},"image":{"@type":"ImageObject","url":"https:\/\/comsefaz.org.br\/novo\/wp-content\/uploads\/2026\/09\/IMG_6725-1.jpg","width":2048,"height":1365},"datePublished":"2026-09-04T11:25:18-03:00","dateModified":"2026-09-04T11:27:53-03:00","inLanguage":"pt-BR","mainEntityOfPage":{"@id":"https:\/\/comsefaz.org.br\/novo\/comsefaz-divulga-nota-sobre-a-prorrogacao-dos-beneficios-fiscais-do-icms\/#webpage"},"isPartOf":{"@id":"https:\/\/comsefaz.org.br\/novo\/comsefaz-divulga-nota-sobre-a-prorrogacao-dos-beneficios-fiscais-do-icms\/#webpage"},"articleSection":"Notas Comsefaz"},{"@type":"BreadcrumbList","@id":"https:\/\/comsefaz.org.br\/novo\/comsefaz-divulga-nota-sobre-a-prorrogacao-dos-beneficios-fiscais-do-icms\/#breadcrumblist","itemListElement":[{"@type":"ListItem","@id":"https:\/\/comsefaz.org.br\/novo#listItem","position":1,"name":"Home","item":"https:\/\/comsefaz.org.br\/novo","nextItem":{"@type":"ListItem","@id":"https:\/\/comsefaz.org.br\/novo\/category\/notas-comsefaz\/#listItem","name":"Notas Comsefaz"}},{"@type":"ListItem","@id":"https:\/\/comsefaz.org.br\/novo\/category\/notas-comsefaz\/#listItem","position":2,"name":"Notas Comsefaz","item":"https:\/\/comsefaz.org.br\/novo\/category\/notas-comsefaz\/","nextItem":{"@type":"ListItem","@id":"https:\/\/comsefaz.org.br\/novo\/comsefaz-divulga-nota-sobre-a-prorrogacao-dos-beneficios-fiscais-do-icms\/#listItem","name":"Comsefaz divulga nota sobre a prorroga\u00e7\u00e3o dos benef\u00edcios fiscais do ICMS"},"previousItem":{"@type":"ListItem","@id":"https:\/\/comsefaz.org.br\/novo#listItem","name":"Home"}},{"@type":"ListItem","@id":"https:\/\/comsefaz.org.br\/novo\/comsefaz-divulga-nota-sobre-a-prorrogacao-dos-beneficios-fiscais-do-icms\/#listItem","position":3,"name":"Comsefaz divulga nota sobre a prorroga\u00e7\u00e3o dos benef\u00edcios fiscais do ICMS","previousItem":{"@type":"ListItem","@id":"https:\/\/comsefaz.org.br\/novo\/category\/notas-comsefaz\/#listItem","name":"Notas Comsefaz"}}]},{"@type":"Organization","@id":"https:\/\/comsefaz.org.br\/novo\/#organization","name":"Comsefaz","description":"Comit\u00ea Nacional de Secret\u00e1rios da Fazenda, Finan\u00e7as, Receitas ou Tributa\u00e7\u00e3o dos Estados  e Distrito Federal","url":"https:\/\/comsefaz.org.br\/novo\/","logo":{"@type":"ImageObject","url":"https:\/\/comsefaz.org.br\/novo\/wp-content\/uploads\/2022\/05\/comsefaz.png","@id":"https:\/\/comsefaz.org.br\/novo\/comsefaz-divulga-nota-sobre-a-prorrogacao-dos-beneficios-fiscais-do-icms\/#organizationLogo"},"image":{"@id":"https:\/\/comsefaz.org.br\/novo\/comsefaz-divulga-nota-sobre-a-prorrogacao-dos-beneficios-fiscais-do-icms\/#organizationLogo"}},{"@type":"Person","@id":"https:\/\/comsefaz.org.br\/novo\/author\/comsefaz\/#author","url":"https:\/\/comsefaz.org.br\/novo\/author\/comsefaz\/","name":"comsefaz","image":{"@type":"ImageObject","@id":"https:\/\/comsefaz.org.br\/novo\/comsefaz-divulga-nota-sobre-a-prorrogacao-dos-beneficios-fiscais-do-icms\/#authorImage","url":"https:\/\/secure.gravatar.com\/avatar\/263d9be0bb4e1bc8dba724a209da0b12caf474b441e176758b8903eee3938b84?s=96&d=mm&r=g","width":96,"height":96,"caption":"comsefaz"}},{"@type":"WebPage","@id":"https:\/\/comsefaz.org.br\/novo\/comsefaz-divulga-nota-sobre-a-prorrogacao-dos-beneficios-fiscais-do-icms\/#webpage","url":"https:\/\/comsefaz.org.br\/novo\/comsefaz-divulga-nota-sobre-a-prorrogacao-dos-beneficios-fiscais-do-icms\/","name":"Comsefaz divulga nota sobre a prorroga\u00e7\u00e3o dos benef\u00edcios fiscais do ICMS - Comsefaz","description":"O Colegiado se reuniu dias 3 e 4 de setembro, em Macei\u00f3 (AL), para participar da 54\u00aa Reuni\u00e3o Ordin\u00e1ria do Comsefaz e da 202\u00aa Reuni\u00e3o Ordin\u00e1ria do Confaz.","inLanguage":"pt-BR","isPartOf":{"@id":"https:\/\/comsefaz.org.br\/novo\/#website"},"breadcrumb":{"@id":"https:\/\/comsefaz.org.br\/novo\/comsefaz-divulga-nota-sobre-a-prorrogacao-dos-beneficios-fiscais-do-icms\/#breadcrumblist"},"author":{"@id":"https:\/\/comsefaz.org.br\/novo\/author\/comsefaz\/#author"},"creator":{"@id":"https:\/\/comsefaz.org.br\/novo\/author\/comsefaz\/#author"},"image":{"@type":"ImageObject","url":"https:\/\/comsefaz.org.br\/novo\/wp-content\/uploads\/2026\/09\/IMG_6725-1.jpg","@id":"https:\/\/comsefaz.org.br\/novo\/comsefaz-divulga-nota-sobre-a-prorrogacao-dos-beneficios-fiscais-do-icms\/#mainImage","width":2048,"height":1365},"primaryImageOfPage":{"@id":"https:\/\/comsefaz.org.br\/novo\/comsefaz-divulga-nota-sobre-a-prorrogacao-dos-beneficios-fiscais-do-icms\/#mainImage"},"datePublished":"2026-09-04T11:25:18-03:00","dateModified":"2026-09-04T11:27:53-03:00"},{"@type":"WebSite","@id":"https:\/\/comsefaz.org.br\/novo\/#website","url":"https:\/\/comsefaz.org.br\/novo\/","name":"Comsefaz","description":"Comit\u00ea Nacional de Secret\u00e1rios da Fazenda, Finan\u00e7as, Receitas ou Tributa\u00e7\u00e3o dos Estados  e Distrito Federal","inLanguage":"pt-BR","publisher":{"@id":"https:\/\/comsefaz.org.br\/novo\/#organization"}}]},"og:locale":"pt_BR","og:site_name":"Comsefaz - Comit\u00ea Nacional de Secret\u00e1rios da Fazenda, Finan\u00e7as, Receitas ou Tributa\u00e7\u00e3o dos Estados  e Distrito Federal","og:type":"article","og:title":"Comsefaz divulga nota sobre a prorroga\u00e7\u00e3o dos benef\u00edcios fiscais do ICMS - Comsefaz","og:description":"O Colegiado se reuniu dias 3 e 4 de setembro, em Macei\u00f3 (AL), para participar da 54\u00aa Reuni\u00e3o Ordin\u00e1ria do Comsefaz e da 202\u00aa Reuni\u00e3o Ordin\u00e1ria do Confaz.","og:url":"https:\/\/comsefaz.org.br\/novo\/comsefaz-divulga-nota-sobre-a-prorrogacao-dos-beneficios-fiscais-do-icms\/","og:image":"https:\/\/comsefaz.org.br\/novo\/wp-content\/uploads\/2026\/09\/IMG_6725-1.jpg","og:image:secure_url":"https:\/\/comsefaz.org.br\/novo\/wp-content\/uploads\/2026\/09\/IMG_6725-1.jpg","og:image:width":2048,"og:image:height":1365,"article:published_time":"2026-09-04T14:25:18+00:00","article:modified_time":"2026-09-04T14:27:53+00:00","twitter:card":"summary","twitter:title":"Comsefaz divulga nota sobre a prorroga\u00e7\u00e3o dos benef\u00edcios fiscais do ICMS - Comsefaz","twitter:description":"O Colegiado se reuniu dias 3 e 4 de setembro, em Macei\u00f3 (AL), para participar da 54\u00aa Reuni\u00e3o Ordin\u00e1ria do Comsefaz e da 202\u00aa Reuni\u00e3o Ordin\u00e1ria do Confaz.","twitter:image":"https:\/\/comsefaz.org.br\/novo\/wp-content\/uploads\/2026\/09\/IMG_6725-1.jpg"},"aioseo_meta_data":{"post_id":"16398","title":null,"description":null,"keywords":null,"keyphrases":{"focus":{"keyphrase":"","score":0,"analysis":{"keyphraseInTitle":{"score":0,"maxScore":9,"error":1}}},"additional":[]},"primary_term":null,"canonical_url":null,"og_title":null,"og_description":null,"og_object_type":"default","og_image_type":"default","og_image_url":null,"og_image_width":null,"og_image_height":null,"og_image_custom_url":null,"og_image_custom_fields":null,"og_video":"","og_custom_url":null,"og_article_section":null,"og_article_tags":null,"twitter_use_og":false,"twitter_card":"default","twitter_image_type":"default","twitter_image_url":null,"twitter_image_custom_url":null,"twitter_image_custom_fields":null,"twitter_title":null,"twitter_description":null,"schema":{"blockGraphs":[],"customGraphs":[],"default":{"data":{"Article":[],"Course":[],"Dataset":[],"FAQPage":[],"Movie":[],"Person":[],"Product":[],"ProductReview":[],"Car":[],"Recipe":[],"Service":[],"SoftwareApplication":[],"WebPage":[]},"graphName":"BlogPosting","isEnabled":true},"graphs":[]},"schema_type":"default","schema_type_options":null,"pillar_content":false,"robots_default":true,"robots_noindex":false,"robots_noarchive":false,"robots_nosnippet":false,"robots_nofollow":false,"robots_noimageindex":false,"robots_noodp":false,"robots_notranslate":false,"robots_max_snippet":"-1","robots_max_videopreview":"-1","robots_max_imagepreview":"large","priority":null,"frequency":"default","local_seo":null,"breadcrumb_settings":null,"limit_modified_date":false,"ai":{"faqs":[],"keyPoints":[],"schemas":[],"titles":[],"descriptions":[],"socialPosts":{"email":{"subject":"","preview":"","content":""},"linkedin":[],"twitter":[],"facebook":[],"instagram":[]}},"created":"2026-09-04 14:25:20","updated":"2026-09-04 14:27:53","seo_analyzer_scan_date":null,"focus_keyword":null,"additional_keywords":null,"truseo_locale":null},"aioseo_breadcrumb":"<div class=\"aioseo-breadcrumbs\"><span class=\"aioseo-breadcrumb\">\n\t\t\t<a href=\"https:\/\/comsefaz.org.br\/novo\" title=\"Home\">Home<\/a>\n\t\t<\/span><span class=\"aioseo-breadcrumb-separator\">&raquo;<\/span><span class=\"aioseo-breadcrumb\">\n\t\t\t<a href=\"https:\/\/comsefaz.org.br\/novo\/category\/notas-comsefaz\/\" title=\"Notas Comsefaz\">Notas Comsefaz<\/a>\n\t\t<\/span><span class=\"aioseo-breadcrumb-separator\">&raquo;<\/span><span class=\"aioseo-breadcrumb\">\n\t\t\tComsefaz divulga nota sobre a prorroga\u00e7\u00e3o dos benef\u00edcios fiscais do ICMS\n\t\t<\/span><\/div>","aioseo_breadcrumb_json":[{"label":"Home","link":"https:\/\/comsefaz.org.br\/novo"},{"label":"Notas Comsefaz","link":"https:\/\/comsefaz.org.br\/novo\/category\/notas-comsefaz\/"},{"label":"Comsefaz divulga nota sobre a prorroga\u00e7\u00e3o dos benef\u00edcios fiscais do ICMS","link":"https:\/\/comsefaz.org.br\/novo\/comsefaz-divulga-nota-sobre-a-prorrogacao-dos-beneficios-fiscais-do-icms\/"}],"jetpack_sharing_enabled":true,"jetpack_featured_media_url":"https:\/\/comsefaz.org.br\/novo\/wp-content\/uploads\/2026\/09\/IMG_6725-1.jpg","_links":{"self":[{"href":"https:\/\/comsefaz.org.br\/novo\/wp-json\/wp\/v2\/posts\/16398","targetHints":{"allow":["GET"]}}],"collection":[{"href":"https:\/\/comsefaz.org.br\/novo\/wp-json\/wp\/v2\/posts"}],"about":[{"href":"https:\/\/comsefaz.org.br\/novo\/wp-json\/wp\/v2\/types\/post"}],"author":[{"embeddable":true,"href":"https:\/\/comsefaz.org.br\/novo\/wp-json\/wp\/v2\/users\/2"}],"replies":[{"embeddable":true,"href":"https:\/\/comsefaz.org.br\/novo\/wp-json\/wp\/v2\/comments?post=16398"}],"version-history":[{"count":1,"href":"https:\/\/comsefaz.org.br\/novo\/wp-json\/wp\/v2\/posts\/16398\/revisions"}],"predecessor-version":[{"id":16400,"href":"https:\/\/comsefaz.org.br\/novo\/wp-json\/wp\/v2\/posts\/16398\/revisions\/16400"}],"wp:featuredmedia":[{"embeddable":true,"href":"https:\/\/comsefaz.org.br\/novo\/wp-json\/wp\/v2\/media\/16403"}],"wp:attachment":[{"href":"https:\/\/comsefaz.org.br\/novo\/wp-json\/wp\/v2\/media?parent=16398"}],"wp:term":[{"taxonomy":"category","embeddable":true,"href":"https:\/\/comsefaz.org.br\/novo\/wp-json\/wp\/v2\/categories?post=16398"},{"taxonomy":"post_tag","embeddable":true,"href":"https:\/\/comsefaz.org.br\/novo\/wp-json\/wp\/v2\/tags?post=16398"}],"curies":[{"name":"wp","href":"https:\/\/api.w.org\/{rel}","templated":true}]}}