{"id":1964,"date":"2021-06-21T18:13:34","date_gmt":"2021-06-21T21:13:34","guid":{"rendered":"https:\/\/comsefaz.org.br\/?p=1964"},"modified":"2021-06-21T18:13:34","modified_gmt":"2021-06-21T21:13:34","slug":"comsefaz-pede-ao-stf-modulacao-de-decisao-que-declara-inconstitucionalidade-de-artigos-da-lc-no-87-96","status":"publish","type":"post","link":"https:\/\/comsefaz.org.br\/novo\/comsefaz-pede-ao-stf-modulacao-de-decisao-que-declara-inconstitucionalidade-de-artigos-da-lc-no-87-96\/","title":{"rendered":"Comsefaz pede ao STF modula\u00e7\u00e3o de decis\u00e3o que declara inconstitucionalidade de artigos da LC n\u00ba 87\/96"},"content":{"rendered":"\n<p>O Comsefaz (Comit\u00ea Nacional dos Secret\u00e1rios de Fazenda dos Estados e do Distrito Federal) enviou <a href=\"https:\/\/comsefaz.org.br\/wp-content\/uploads\/2021\/06\/Oficio-Comsefaz-185.2021-ADC-49.pdf\">of\u00edcio ao ministro Edson Fachin,<\/a> do Supremo Tribunal Federal (STF), referente ao julgamento da A\u00e7\u00e3o Declarat\u00f3ria de Constitucionalidade (ADC) 49, ocorrido no dia 19 de abril. Fachin \u00e9 o relator da mat\u00e9ria, que est\u00e1 pendente de julgamento de Embargos de Declara\u00e7\u00e3o apresentado pelo Estado do Rio Grande do Norte, autor da ADC, pedindo a modula\u00e7\u00e3o da decis\u00e3o.<\/p>\n\n\n\n<p>No julgamento, seguindo o voto do relator, o Plen\u00e1rio do STF declarou a inconstitucionalidade dos artigos 11, par\u00e1grafo 3\u00ba, inciso II; 12, inciso I, no trecho \u201cainda que para outro estabelecimento do mesmo titular\u201d; e 13, par\u00e1grafo 4\u00ba, da Lei Complementar n\u00ba 87\/96. Os referidos dispositivos preveem a incid\u00eancia de ICMS (Imposto sobre Circula\u00e7\u00e3o de Mercadorias e Servi\u00e7os) na transfer\u00eancia interestadual de mercadorias entre estabelecimentos de um mesmo contribuinte.<\/p>\n\n\n\n<p>No of\u00edcio encaminhado a Edson Fachin, o Comsefaz solicita que \u201cseja atribu\u00edda efic\u00e1cia prospectiva \u00e0 declara\u00e7\u00e3o de inconstitucionalidade\u201d dos referidos artigos, para assegurar a validade de todas as opera\u00e7\u00f5es realizadas at\u00e9 a data do julgamento da ADC 49 (19 de abril deste ano). Pede ainda que os efeitos da pron\u00fancia de nulidade das opera\u00e7\u00f5es ocorram apenas a partir do exerc\u00edcio de 2023.<\/p>\n\n\n\n<p>No documento, o Comsefaz justifica que a decis\u00e3o do STF provoca \u201crelevante altera\u00e7\u00e3o em toda a complexa sistem\u00e1tica tribut\u00e1ria adotada pelos Estados da Federa\u00e7\u00e3o h\u00e1 d\u00e9cadas, recaindo seus efeitos de ordem jur\u00eddica, econ\u00f4mica, fiscal e pr\u00e1tica tanto aos Estados quanto aos contribuintes\u201d. E alerta que, dada \u00e0 sua peculiaridade, a n\u00e3o modula\u00e7\u00e3o da decis\u00e3o abre a \u201cpossibilidade de multiplica\u00e7\u00e3o do contencioso administrativo e judicial em torno da mat\u00e9ria, provocando celeuma dissonante ao princ\u00edpio da efici\u00eancia\u201d do Judici\u00e1rio.<\/p>\n\n\n\n<p>De acordo com o Comsefaz, a decis\u00e3o tamb\u00e9m vai obrigar as administra\u00e7\u00f5es tribut\u00e1rias estaduais a fazerem a reestrutura\u00e7\u00e3o dos atuais sistemas de inform\u00e1tica para viabilizar a emiss\u00e3o, o registro e o controle dos lan\u00e7amentos cont\u00e1beis dos contribuintes, al\u00e9m de estudos e outros procedimentos necess\u00e1rios \u00e0s adapta\u00e7\u00f5es da legisla\u00e7\u00e3o nacional e estaduais hoje em vigor, o que justifica e explica a necessidade de prazo para transi\u00e7\u00e3o do sistema atual para o novo ambiente.<\/p>\n\n\n\n<p>O of\u00edcio, de n\u00ba 185\/2021, \u00e9 assinado pelo presidente do Comsefaz, Rafael Fonteles, e foi enviado tamb\u00e9m ao presidente do Supremo, ministro Luiz Fux. O ministro Edson Fachin ainda n\u00e3o se manifestou sobre o pleito.<\/p>\n\n\n\n<p>Veja o <a href=\"https:\/\/comsefaz.org.br\/wp-content\/uploads\/2021\/06\/Oficio-Comsefaz-185.2021-ADC-49.pdf\">Of\u00edcio Comsefaz n\u00ba 185\/2021<\/a> na \u00edntegra.<\/p>\n\n\n\n<p><em>(Foto: Fellipe Sampaio\/SCO\/STF)<\/em><\/p>\n","protected":false},"excerpt":{"rendered":"<p>O Comsefaz (Comit\u00ea Nacional dos Secret\u00e1rios de Fazenda dos Estados e do Distrito Federal) enviou of\u00edcio ao ministro Edson Fachin, do Supremo Tribunal Federal (STF), referente ao julgamento da A\u00e7\u00e3o [&hellip;]<\/p>\n","protected":false},"author":2,"featured_media":1965,"comment_status":"open","ping_status":"open","sticky":false,"template":"","format":"standard","meta":{"_acf_changed":false,"om_disable_all_campaigns":false,"_monsterinsights_skip_tracking":false,"_monsterinsights_sitenote_active":false,"_monsterinsights_sitenote_note":"","_monsterinsights_sitenote_category":0,"_EventAllDay":false,"_EventTimezone":"","_EventStartDate":"","_EventEndDate":"","_EventStartDateUTC":"","_EventEndDateUTC":"","_EventShowMap":false,"_EventShowMapLink":false,"_EventURL":"","_EventCost":"","_EventCostDescription":"","_EventCurrencySymbol":"","_EventCurrencyCode":"","_EventCurrencyPosition":"","_EventDateTimeSeparator":"","_EventTimeRangeSeparator":"","_EventOrganizerID":[],"_EventVenueID":[],"_OrganizerEmail":"","_OrganizerPhone":"","_OrganizerWebsite":"","_VenueAddress":"","_VenueCity":"","_VenueCountry":"","_VenueProvince":"","_VenueState":"","_VenueZip":"","_VenuePhone":"","_VenueURL":"","_VenueStateProvince":"","_VenueLat":"","_VenueLng":"","_VenueShowMap":false,"_VenueShowMapLink":false,"_jetpack_memberships_contains_paid_content":false,"footnotes":""},"categories":[2,10],"tags":[23],"class_list":["post-1964","post","type-post","status-publish","format-standard","has-post-thumbnail","hentry","category-artigos","category-noticias","tag-adc-49"],"acf":[],"aioseo_notices":[],"jetpack_featured_media_url":"https:\/\/comsefaz.org.br\/novo\/wp-content\/uploads\/2021\/06\/Ministro-Edson-Fachin.jpg","jetpack_sharing_enabled":true,"_links":{"self":[{"href":"https:\/\/comsefaz.org.br\/novo\/wp-json\/wp\/v2\/posts\/1964","targetHints":{"allow":["GET"]}}],"collection":[{"href":"https:\/\/comsefaz.org.br\/novo\/wp-json\/wp\/v2\/posts"}],"about":[{"href":"https:\/\/comsefaz.org.br\/novo\/wp-json\/wp\/v2\/types\/post"}],"author":[{"embeddable":true,"href":"https:\/\/comsefaz.org.br\/novo\/wp-json\/wp\/v2\/users\/2"}],"replies":[{"embeddable":true,"href":"https:\/\/comsefaz.org.br\/novo\/wp-json\/wp\/v2\/comments?post=1964"}],"version-history":[{"count":0,"href":"https:\/\/comsefaz.org.br\/novo\/wp-json\/wp\/v2\/posts\/1964\/revisions"}],"wp:featuredmedia":[{"embeddable":true,"href":"https:\/\/comsefaz.org.br\/novo\/wp-json\/wp\/v2\/media\/1965"}],"wp:attachment":[{"href":"https:\/\/comsefaz.org.br\/novo\/wp-json\/wp\/v2\/media?parent=1964"}],"wp:term":[{"taxonomy":"category","embeddable":true,"href":"https:\/\/comsefaz.org.br\/novo\/wp-json\/wp\/v2\/categories?post=1964"},{"taxonomy":"post_tag","embeddable":true,"href":"https:\/\/comsefaz.org.br\/novo\/wp-json\/wp\/v2\/tags?post=1964"}],"curies":[{"name":"wp","href":"https:\/\/api.w.org\/{rel}","templated":true}]}}