{"id":370,"date":"2020-03-06T10:15:43","date_gmt":"2020-03-06T13:15:43","guid":{"rendered":"http:\/\/comsefaz.org.br\/?p=370"},"modified":"2020-03-06T10:15:43","modified_gmt":"2020-03-06T13:15:43","slug":"revista-conjuntura-economica","status":"publish","type":"post","link":"https:\/\/comsefaz.org.br\/novo\/revista-conjuntura-economica\/","title":{"rendered":"REVISTA CONJUNTURA ECON\u00d4MICA"},"content":{"rendered":"\n<p class=\"wp-block-paragraph\"><strong>\u201cNosso trabalho \u00e9 para que a reforma saia a melhor poss\u00edvel\u201d<\/strong><\/p>\n\n\n\n<p class=\"wp-block-paragraph\"><br>O presidente do Comsefaz, Rafael Fonteles, \u00e9 o entrevistado da edi\u00e7\u00e3o de fevereiro da Revista Conjuntura Econ\u00f4mica, editada pelo IBRE (Instituto Brasileiro de Economia), da FGV (Funda\u00e7\u00e3o Get\u00falio Vargas). Na entrevista, ele fala da proposta dos Estados para a Reforma Tribut\u00e1ria, defende a urg\u00eancia na aprova\u00e7\u00e3o do novo sistema tribut\u00e1rio do pa\u00eds e destaca a atua\u00e7\u00e3o do Comsefaz nos debates dos planos de reequil\u00edbrio de caixa dos Estados.<\/p>\n\n\n\n<p class=\"wp-block-paragraph\">Confira <a href=\"http:\/\/www.fgv.br\/mailing\/2020\/conjuntura-economica\/02-fevereiro\/revista\/\">aqui<\/a> a entrevista, na \u00edntegra<\/p>\n","protected":false},"excerpt":{"rendered":"<p>O presidente do Comsefaz \u00e9 o entrevistado da edi\u00e7\u00e3o de fevereiro da publica\u00e7\u00e3o da Funda\u00e7\u00e3o Get\u00falio Vargas.<\/p>\n","protected":false},"author":2,"featured_media":396,"comment_status":"open","ping_status":"open","sticky":false,"template":"","format":"standard","meta":{"_acf_changed":false,"om_disable_all_campaigns":false,"_monsterinsights_skip_tracking":false,"_EventAllDay":false,"_EventTimezone":"","_EventStartDate":"","_EventEndDate":"","_EventStartDateUTC":"","_EventEndDateUTC":"","_EventShowMap":false,"_EventShowMapLink":false,"_EventURL":"","_EventCost":"","_EventCostDescription":"","_EventCurrencySymbol":"","_EventCurrencyCode":"","_EventCurrencyPosition":"","_EventDateTimeSeparator":"","_EventTimeRangeSeparator":"","_EventOrganizerID":[],"_EventVenueID":[],"_OrganizerEmail":"","_OrganizerPhone":"","_OrganizerWebsite":"","_VenueAddress":"","_VenueCity":"","_VenueCountry":"","_VenueProvince":"","_VenueState":"","_VenueZip":"","_VenuePhone":"","_VenueURL":"","_VenueStateProvince":"","_VenueLat":"","_VenueLng":"","_VenueShowMap":false,"_VenueShowMapLink":false,"_jetpack_newsletter_access":"","_jetpack_dont_email_post_to_subs":false,"_jetpack_newsletter_tier_id":0,"_jetpack_memberships_contains_paywalled_content":false,"_jetpack_memberships_contains_paid_content":false,"footnotes":""},"categories":[1],"tags":[],"class_list":["post-370","post","type-post","status-publish","format-standard","has-post-thumbnail","hentry","category-pl"],"acf":[],"aioseo_notices":[],"aioseo_head":"\n\t\t<!-- All in One SEO 5.0.1.1 - aioseo.com -->\n\t<meta name=\"description\" content=\"O presidente do Comsefaz \u00e9 o entrevistado da edi\u00e7\u00e3o de fevereiro da publica\u00e7\u00e3o da Funda\u00e7\u00e3o Get\u00falio Vargas.\" \/>\n\t<meta name=\"robots\" content=\"max-image-preview:large\" \/>\n\t<meta name=\"author\" content=\"comsefaz\"\/>\n\t<link rel=\"canonical\" href=\"https:\/\/comsefaz.org.br\/novo\/revista-conjuntura-economica\/\" \/>\n\t<meta name=\"generator\" content=\"All in One SEO (AIOSEO) 5.0.1.1\" \/>\n\t\t<meta property=\"og:locale\" content=\"pt_BR\" \/>\n\t\t<meta property=\"og:site_name\" content=\"Comsefaz - Comit\u00ea Nacional de Secret\u00e1rios da Fazenda, Finan\u00e7as, Receitas ou Tributa\u00e7\u00e3o dos Estados  e Distrito Federal\" \/>\n\t\t<meta property=\"og:type\" content=\"article\" \/>\n\t\t<meta property=\"og:title\" content=\"REVISTA CONJUNTURA ECON\u00d4MICA - Comsefaz\" \/>\n\t\t<meta property=\"og:description\" content=\"O presidente do Comsefaz \u00e9 o entrevistado da edi\u00e7\u00e3o de fevereiro da publica\u00e7\u00e3o da Funda\u00e7\u00e3o Get\u00falio Vargas.\" \/>\n\t\t<meta property=\"og:url\" content=\"https:\/\/comsefaz.org.br\/novo\/revista-conjuntura-economica\/\" \/>\n\t\t<meta property=\"og:image\" content=\"https:\/\/comsefaz.org.br\/novo\/wp-content\/uploads\/2022\/05\/marca_prioritaria_cor.svg\" \/>\n\t\t<meta property=\"og:image:secure_url\" content=\"https:\/\/comsefaz.org.br\/novo\/wp-content\/uploads\/2022\/05\/marca_prioritaria_cor.svg\" \/>\n\t\t<meta property=\"article:published_time\" content=\"2020-03-06T13:15:43+00:00\" \/>\n\t\t<meta property=\"article:modified_time\" content=\"2020-03-06T13:15:43+00:00\" \/>\n\t\t<meta name=\"twitter:card\" content=\"summary\" \/>\n\t\t<meta name=\"twitter:title\" content=\"REVISTA CONJUNTURA ECON\u00d4MICA - Comsefaz\" \/>\n\t\t<meta name=\"twitter:description\" content=\"O presidente do Comsefaz \u00e9 o entrevistado da edi\u00e7\u00e3o de fevereiro da publica\u00e7\u00e3o da Funda\u00e7\u00e3o Get\u00falio Vargas.\" \/>\n\t\t<meta name=\"twitter:image\" content=\"https:\/\/comsefaz.org.br\/novo\/wp-content\/uploads\/2022\/05\/marca_prioritaria_cor.svg\" \/>\n\t\t<script type=\"application\/ld+json\" class=\"aioseo-schema\">\n\t\t\t{\"@context\":\"https:\\\/\\\/schema.org\",\"@graph\":[{\"@type\":\"BlogPosting\",\"@id\":\"https:\\\/\\\/comsefaz.org.br\\\/novo\\\/revista-conjuntura-economica\\\/#blogposting\",\"name\":\"REVISTA CONJUNTURA ECON\\u00d4MICA - Comsefaz\",\"headline\":\"REVISTA CONJUNTURA ECON\\u00d4MICA\",\"author\":{\"@id\":\"https:\\\/\\\/comsefaz.org.br\\\/novo\\\/author\\\/comsefaz\\\/#author\"},\"publisher\":{\"@id\":\"https:\\\/\\\/comsefaz.org.br\\\/novo\\\/#organization\"},\"image\":{\"@type\":\"ImageObject\",\"url\":\"https:\\\/\\\/comsefaz.org.br\\\/novo\\\/wp-content\\\/uploads\\\/2020\\\/03\\\/capa_ce_fevereiro_20_450x600.jpg\",\"width\":450,\"height\":600},\"datePublished\":\"2020-03-06T10:15:43-03:00\",\"dateModified\":\"2020-03-06T10:15:43-03:00\",\"inLanguage\":\"pt-BR\",\"mainEntityOfPage\":{\"@id\":\"https:\\\/\\\/comsefaz.org.br\\\/novo\\\/revista-conjuntura-economica\\\/#webpage\"},\"isPartOf\":{\"@id\":\"https:\\\/\\\/comsefaz.org.br\\\/novo\\\/revista-conjuntura-economica\\\/#webpage\"},\"articleSection\":\"(PL) Projeto de Lei\"},{\"@type\":\"BreadcrumbList\",\"@id\":\"https:\\\/\\\/comsefaz.org.br\\\/novo\\\/revista-conjuntura-economica\\\/#breadcrumblist\",\"itemListElement\":[{\"@type\":\"ListItem\",\"@id\":\"https:\\\/\\\/comsefaz.org.br\\\/novo#listItem\",\"position\":1,\"name\":\"Home\",\"item\":\"https:\\\/\\\/comsefaz.org.br\\\/novo\",\"nextItem\":{\"@type\":\"ListItem\",\"@id\":\"https:\\\/\\\/comsefaz.org.br\\\/novo\\\/category\\\/pl\\\/#listItem\",\"name\":\"(PL) Projeto de Lei\"}},{\"@type\":\"ListItem\",\"@id\":\"https:\\\/\\\/comsefaz.org.br\\\/novo\\\/category\\\/pl\\\/#listItem\",\"position\":2,\"name\":\"(PL) Projeto de Lei\",\"item\":\"https:\\\/\\\/comsefaz.org.br\\\/novo\\\/category\\\/pl\\\/\",\"nextItem\":{\"@type\":\"ListItem\",\"@id\":\"https:\\\/\\\/comsefaz.org.br\\\/novo\\\/revista-conjuntura-economica\\\/#listItem\",\"name\":\"REVISTA CONJUNTURA ECON\\u00d4MICA\"},\"previousItem\":{\"@type\":\"ListItem\",\"@id\":\"https:\\\/\\\/comsefaz.org.br\\\/novo#listItem\",\"name\":\"Home\"}},{\"@type\":\"ListItem\",\"@id\":\"https:\\\/\\\/comsefaz.org.br\\\/novo\\\/revista-conjuntura-economica\\\/#listItem\",\"position\":3,\"name\":\"REVISTA CONJUNTURA ECON\\u00d4MICA\",\"previousItem\":{\"@type\":\"ListItem\",\"@id\":\"https:\\\/\\\/comsefaz.org.br\\\/novo\\\/category\\\/pl\\\/#listItem\",\"name\":\"(PL) Projeto de Lei\"}}]},{\"@type\":\"Organization\",\"@id\":\"https:\\\/\\\/comsefaz.org.br\\\/novo\\\/#organization\",\"name\":\"Comsefaz\",\"description\":\"Comit\\u00ea Nacional de Secret\\u00e1rios da Fazenda, Finan\\u00e7as, Receitas ou Tributa\\u00e7\\u00e3o dos Estados  e Distrito Federal\",\"url\":\"https:\\\/\\\/comsefaz.org.br\\\/novo\\\/\",\"logo\":{\"@type\":\"ImageObject\",\"url\":\"https:\\\/\\\/comsefaz.org.br\\\/novo\\\/wp-content\\\/uploads\\\/2022\\\/05\\\/comsefaz.png\",\"@id\":\"https:\\\/\\\/comsefaz.org.br\\\/novo\\\/revista-conjuntura-economica\\\/#organizationLogo\"},\"image\":{\"@id\":\"https:\\\/\\\/comsefaz.org.br\\\/novo\\\/revista-conjuntura-economica\\\/#organizationLogo\"}},{\"@type\":\"Person\",\"@id\":\"https:\\\/\\\/comsefaz.org.br\\\/novo\\\/author\\\/comsefaz\\\/#author\",\"url\":\"https:\\\/\\\/comsefaz.org.br\\\/novo\\\/author\\\/comsefaz\\\/\",\"name\":\"comsefaz\",\"image\":{\"@type\":\"ImageObject\",\"@id\":\"https:\\\/\\\/comsefaz.org.br\\\/novo\\\/revista-conjuntura-economica\\\/#authorImage\",\"url\":\"https:\\\/\\\/secure.gravatar.com\\\/avatar\\\/263d9be0bb4e1bc8dba724a209da0b12caf474b441e176758b8903eee3938b84?s=96&d=mm&r=g\",\"width\":96,\"height\":96,\"caption\":\"comsefaz\"}},{\"@type\":\"WebPage\",\"@id\":\"https:\\\/\\\/comsefaz.org.br\\\/novo\\\/revista-conjuntura-economica\\\/#webpage\",\"url\":\"https:\\\/\\\/comsefaz.org.br\\\/novo\\\/revista-conjuntura-economica\\\/\",\"name\":\"REVISTA CONJUNTURA ECON\\u00d4MICA - Comsefaz\",\"description\":\"O presidente do Comsefaz \\u00e9 o entrevistado da edi\\u00e7\\u00e3o de fevereiro da publica\\u00e7\\u00e3o da Funda\\u00e7\\u00e3o Get\\u00falio Vargas.\",\"inLanguage\":\"pt-BR\",\"isPartOf\":{\"@id\":\"https:\\\/\\\/comsefaz.org.br\\\/novo\\\/#website\"},\"breadcrumb\":{\"@id\":\"https:\\\/\\\/comsefaz.org.br\\\/novo\\\/revista-conjuntura-economica\\\/#breadcrumblist\"},\"author\":{\"@id\":\"https:\\\/\\\/comsefaz.org.br\\\/novo\\\/author\\\/comsefaz\\\/#author\"},\"creator\":{\"@id\":\"https:\\\/\\\/comsefaz.org.br\\\/novo\\\/author\\\/comsefaz\\\/#author\"},\"image\":{\"@type\":\"ImageObject\",\"url\":\"https:\\\/\\\/comsefaz.org.br\\\/novo\\\/wp-content\\\/uploads\\\/2020\\\/03\\\/capa_ce_fevereiro_20_450x600.jpg\",\"@id\":\"https:\\\/\\\/comsefaz.org.br\\\/novo\\\/revista-conjuntura-economica\\\/#mainImage\",\"width\":450,\"height\":600},\"primaryImageOfPage\":{\"@id\":\"https:\\\/\\\/comsefaz.org.br\\\/novo\\\/revista-conjuntura-economica\\\/#mainImage\"},\"datePublished\":\"2020-03-06T10:15:43-03:00\",\"dateModified\":\"2020-03-06T10:15:43-03:00\"},{\"@type\":\"WebSite\",\"@id\":\"https:\\\/\\\/comsefaz.org.br\\\/novo\\\/#website\",\"url\":\"https:\\\/\\\/comsefaz.org.br\\\/novo\\\/\",\"name\":\"Comsefaz\",\"description\":\"Comit\\u00ea Nacional de Secret\\u00e1rios da Fazenda, Finan\\u00e7as, Receitas ou Tributa\\u00e7\\u00e3o dos Estados  e Distrito Federal\",\"inLanguage\":\"pt-BR\",\"publisher\":{\"@id\":\"https:\\\/\\\/comsefaz.org.br\\\/novo\\\/#organization\"}}]}\n\t\t<\/script>\n\t\t<!-- All in One SEO -->\n\n","aioseo_head_json":{"title":"REVISTA CONJUNTURA ECON\u00d4MICA - Comsefaz","description":"O presidente do Comsefaz \u00e9 o entrevistado da edi\u00e7\u00e3o de fevereiro da publica\u00e7\u00e3o da Funda\u00e7\u00e3o Get\u00falio Vargas.","canonical_url":"https:\/\/comsefaz.org.br\/novo\/revista-conjuntura-economica\/","robots":"max-image-preview:large","keywords":"","webmasterTools":{"miscellaneous":""},"schema":{"@context":"https:\/\/schema.org","@graph":[{"@type":"BlogPosting","@id":"https:\/\/comsefaz.org.br\/novo\/revista-conjuntura-economica\/#blogposting","name":"REVISTA CONJUNTURA ECON\u00d4MICA - Comsefaz","headline":"REVISTA CONJUNTURA ECON\u00d4MICA","author":{"@id":"https:\/\/comsefaz.org.br\/novo\/author\/comsefaz\/#author"},"publisher":{"@id":"https:\/\/comsefaz.org.br\/novo\/#organization"},"image":{"@type":"ImageObject","url":"https:\/\/comsefaz.org.br\/novo\/wp-content\/uploads\/2020\/03\/capa_ce_fevereiro_20_450x600.jpg","width":450,"height":600},"datePublished":"2020-03-06T10:15:43-03:00","dateModified":"2020-03-06T10:15:43-03:00","inLanguage":"pt-BR","mainEntityOfPage":{"@id":"https:\/\/comsefaz.org.br\/novo\/revista-conjuntura-economica\/#webpage"},"isPartOf":{"@id":"https:\/\/comsefaz.org.br\/novo\/revista-conjuntura-economica\/#webpage"},"articleSection":"(PL) Projeto de Lei"},{"@type":"BreadcrumbList","@id":"https:\/\/comsefaz.org.br\/novo\/revista-conjuntura-economica\/#breadcrumblist","itemListElement":[{"@type":"ListItem","@id":"https:\/\/comsefaz.org.br\/novo#listItem","position":1,"name":"Home","item":"https:\/\/comsefaz.org.br\/novo","nextItem":{"@type":"ListItem","@id":"https:\/\/comsefaz.org.br\/novo\/category\/pl\/#listItem","name":"(PL) Projeto de Lei"}},{"@type":"ListItem","@id":"https:\/\/comsefaz.org.br\/novo\/category\/pl\/#listItem","position":2,"name":"(PL) Projeto de Lei","item":"https:\/\/comsefaz.org.br\/novo\/category\/pl\/","nextItem":{"@type":"ListItem","@id":"https:\/\/comsefaz.org.br\/novo\/revista-conjuntura-economica\/#listItem","name":"REVISTA CONJUNTURA ECON\u00d4MICA"},"previousItem":{"@type":"ListItem","@id":"https:\/\/comsefaz.org.br\/novo#listItem","name":"Home"}},{"@type":"ListItem","@id":"https:\/\/comsefaz.org.br\/novo\/revista-conjuntura-economica\/#listItem","position":3,"name":"REVISTA CONJUNTURA ECON\u00d4MICA","previousItem":{"@type":"ListItem","@id":"https:\/\/comsefaz.org.br\/novo\/category\/pl\/#listItem","name":"(PL) Projeto de Lei"}}]},{"@type":"Organization","@id":"https:\/\/comsefaz.org.br\/novo\/#organization","name":"Comsefaz","description":"Comit\u00ea Nacional de Secret\u00e1rios da Fazenda, Finan\u00e7as, Receitas ou Tributa\u00e7\u00e3o dos Estados  e Distrito Federal","url":"https:\/\/comsefaz.org.br\/novo\/","logo":{"@type":"ImageObject","url":"https:\/\/comsefaz.org.br\/novo\/wp-content\/uploads\/2022\/05\/comsefaz.png","@id":"https:\/\/comsefaz.org.br\/novo\/revista-conjuntura-economica\/#organizationLogo"},"image":{"@id":"https:\/\/comsefaz.org.br\/novo\/revista-conjuntura-economica\/#organizationLogo"}},{"@type":"Person","@id":"https:\/\/comsefaz.org.br\/novo\/author\/comsefaz\/#author","url":"https:\/\/comsefaz.org.br\/novo\/author\/comsefaz\/","name":"comsefaz","image":{"@type":"ImageObject","@id":"https:\/\/comsefaz.org.br\/novo\/revista-conjuntura-economica\/#authorImage","url":"https:\/\/secure.gravatar.com\/avatar\/263d9be0bb4e1bc8dba724a209da0b12caf474b441e176758b8903eee3938b84?s=96&d=mm&r=g","width":96,"height":96,"caption":"comsefaz"}},{"@type":"WebPage","@id":"https:\/\/comsefaz.org.br\/novo\/revista-conjuntura-economica\/#webpage","url":"https:\/\/comsefaz.org.br\/novo\/revista-conjuntura-economica\/","name":"REVISTA CONJUNTURA ECON\u00d4MICA - Comsefaz","description":"O presidente do Comsefaz \u00e9 o entrevistado da edi\u00e7\u00e3o de fevereiro da publica\u00e7\u00e3o da Funda\u00e7\u00e3o Get\u00falio Vargas.","inLanguage":"pt-BR","isPartOf":{"@id":"https:\/\/comsefaz.org.br\/novo\/#website"},"breadcrumb":{"@id":"https:\/\/comsefaz.org.br\/novo\/revista-conjuntura-economica\/#breadcrumblist"},"author":{"@id":"https:\/\/comsefaz.org.br\/novo\/author\/comsefaz\/#author"},"creator":{"@id":"https:\/\/comsefaz.org.br\/novo\/author\/comsefaz\/#author"},"image":{"@type":"ImageObject","url":"https:\/\/comsefaz.org.br\/novo\/wp-content\/uploads\/2020\/03\/capa_ce_fevereiro_20_450x600.jpg","@id":"https:\/\/comsefaz.org.br\/novo\/revista-conjuntura-economica\/#mainImage","width":450,"height":600},"primaryImageOfPage":{"@id":"https:\/\/comsefaz.org.br\/novo\/revista-conjuntura-economica\/#mainImage"},"datePublished":"2020-03-06T10:15:43-03:00","dateModified":"2020-03-06T10:15:43-03:00"},{"@type":"WebSite","@id":"https:\/\/comsefaz.org.br\/novo\/#website","url":"https:\/\/comsefaz.org.br\/novo\/","name":"Comsefaz","description":"Comit\u00ea Nacional de Secret\u00e1rios da Fazenda, Finan\u00e7as, Receitas ou Tributa\u00e7\u00e3o dos Estados  e Distrito Federal","inLanguage":"pt-BR","publisher":{"@id":"https:\/\/comsefaz.org.br\/novo\/#organization"}}]},"og:locale":"pt_BR","og:site_name":"Comsefaz - Comit\u00ea Nacional de Secret\u00e1rios da Fazenda, Finan\u00e7as, Receitas ou Tributa\u00e7\u00e3o dos Estados  e Distrito Federal","og:type":"article","og:title":"REVISTA CONJUNTURA ECON\u00d4MICA - Comsefaz","og:description":"O presidente do Comsefaz \u00e9 o entrevistado da edi\u00e7\u00e3o de fevereiro da publica\u00e7\u00e3o da Funda\u00e7\u00e3o Get\u00falio Vargas.","og:url":"https:\/\/comsefaz.org.br\/novo\/revista-conjuntura-economica\/","og:image":"https:\/\/comsefaz.org.br\/novo\/wp-content\/uploads\/2022\/05\/marca_prioritaria_cor.svg","og:image:secure_url":"https:\/\/comsefaz.org.br\/novo\/wp-content\/uploads\/2022\/05\/marca_prioritaria_cor.svg","article:published_time":"2020-03-06T13:15:43+00:00","article:modified_time":"2020-03-06T13:15:43+00:00","twitter:card":"summary","twitter:title":"REVISTA CONJUNTURA ECON\u00d4MICA - Comsefaz","twitter:description":"O presidente do Comsefaz \u00e9 o entrevistado da edi\u00e7\u00e3o de fevereiro da publica\u00e7\u00e3o da Funda\u00e7\u00e3o Get\u00falio Vargas.","twitter:image":"https:\/\/comsefaz.org.br\/novo\/wp-content\/uploads\/2022\/05\/marca_prioritaria_cor.svg"},"aioseo_meta_data":{"post_id":"370","title":null,"description":null,"keywords":null,"keyphrases":null,"primary_term":null,"canonical_url":null,"og_title":null,"og_description":null,"og_object_type":"default","og_image_type":"default","og_image_url":null,"og_image_width":null,"og_image_height":null,"og_image_custom_url":null,"og_image_custom_fields":null,"og_video":null,"og_custom_url":null,"og_article_section":null,"og_article_tags":null,"twitter_use_og":false,"twitter_card":"default","twitter_image_type":"default","twitter_image_url":null,"twitter_image_custom_url":null,"twitter_image_custom_fields":null,"twitter_title":null,"twitter_description":null,"schema":{"blockGraphs":[],"customGraphs":[],"default":{"data":{"Article":[],"Course":[],"Dataset":[],"FAQPage":[],"Movie":[],"Person":[],"Product":[],"ProductReview":[],"Car":[],"Recipe":[],"Service":[],"SoftwareApplication":[],"WebPage":[]},"graphName":"","isEnabled":true},"graphs":[]},"schema_type":"default","schema_type_options":null,"pillar_content":false,"robots_default":true,"robots_noindex":false,"robots_noarchive":false,"robots_nosnippet":false,"robots_nofollow":false,"robots_noimageindex":false,"robots_noodp":false,"robots_notranslate":false,"robots_max_snippet":null,"robots_max_videopreview":null,"robots_max_imagepreview":"large","priority":null,"frequency":null,"local_seo":null,"breadcrumb_settings":null,"limit_modified_date":false,"ai":null,"created":"2023-01-08 19:54:34","updated":"2025-06-03 20:44:25","seo_analyzer_scan_date":null,"focus_keyword":null,"additional_keywords":null,"truseo_locale":null},"aioseo_breadcrumb":"<div class=\"aioseo-breadcrumbs\"><span class=\"aioseo-breadcrumb\">\n\t\t\t<a href=\"https:\/\/comsefaz.org.br\/novo\" title=\"Home\">Home<\/a>\n\t\t<\/span><span class=\"aioseo-breadcrumb-separator\">&raquo;<\/span><span class=\"aioseo-breadcrumb\">\n\t\t\t<a href=\"https:\/\/comsefaz.org.br\/novo\/category\/pl\/\" title=\"(PL) Projeto de Lei\">(PL) Projeto de Lei<\/a>\n\t\t<\/span><span class=\"aioseo-breadcrumb-separator\">&raquo;<\/span><span class=\"aioseo-breadcrumb\">\n\t\t\tREVISTA CONJUNTURA ECON\u00d4MICA\n\t\t<\/span><\/div>","aioseo_breadcrumb_json":[{"label":"Home","link":"https:\/\/comsefaz.org.br\/novo"},{"label":"(PL) Projeto de Lei","link":"https:\/\/comsefaz.org.br\/novo\/category\/pl\/"},{"label":"REVISTA CONJUNTURA ECON\u00d4MICA","link":"https:\/\/comsefaz.org.br\/novo\/revista-conjuntura-economica\/"}],"jetpack_sharing_enabled":true,"jetpack_featured_media_url":"https:\/\/comsefaz.org.br\/novo\/wp-content\/uploads\/2020\/03\/capa_ce_fevereiro_20_450x600.jpg","_links":{"self":[{"href":"https:\/\/comsefaz.org.br\/novo\/wp-json\/wp\/v2\/posts\/370","targetHints":{"allow":["GET"]}}],"collection":[{"href":"https:\/\/comsefaz.org.br\/novo\/wp-json\/wp\/v2\/posts"}],"about":[{"href":"https:\/\/comsefaz.org.br\/novo\/wp-json\/wp\/v2\/types\/post"}],"author":[{"embeddable":true,"href":"https:\/\/comsefaz.org.br\/novo\/wp-json\/wp\/v2\/users\/2"}],"replies":[{"embeddable":true,"href":"https:\/\/comsefaz.org.br\/novo\/wp-json\/wp\/v2\/comments?post=370"}],"version-history":[{"count":0,"href":"https:\/\/comsefaz.org.br\/novo\/wp-json\/wp\/v2\/posts\/370\/revisions"}],"wp:featuredmedia":[{"embeddable":true,"href":"https:\/\/comsefaz.org.br\/novo\/wp-json\/wp\/v2\/media\/396"}],"wp:attachment":[{"href":"https:\/\/comsefaz.org.br\/novo\/wp-json\/wp\/v2\/media?parent=370"}],"wp:term":[{"taxonomy":"category","embeddable":true,"href":"https:\/\/comsefaz.org.br\/novo\/wp-json\/wp\/v2\/categories?post=370"},{"taxonomy":"post_tag","embeddable":true,"href":"https:\/\/comsefaz.org.br\/novo\/wp-json\/wp\/v2\/tags?post=370"}],"curies":[{"name":"wp","href":"https:\/\/api.w.org\/{rel}","templated":true}]}}