{"id":603,"date":"2020-04-27T12:54:51","date_gmt":"2020-04-27T15:54:51","guid":{"rendered":"http:\/\/comsefaz.org.br\/?p=603"},"modified":"2020-04-27T12:54:51","modified_gmt":"2020-04-27T15:54:51","slug":"em-artigo-andre-lara-resende-defende-ajuda-emergencial-no-formato-aprovado-pela-camara","status":"publish","type":"post","link":"https:\/\/comsefaz.org.br\/novo\/em-artigo-andre-lara-resende-defende-ajuda-emergencial-no-formato-aprovado-pela-camara\/","title":{"rendered":"Em artigo, Andr\u00e9 Lara Resende defende ajuda emergencial no formato aprovado pela C\u00e2mara"},"content":{"rendered":"\n<p>Em\nartigo publicado no Valor Econ\u00f4mico, o economista Andr\u00e9 Lara Resende defende\ncom veem\u00eancia a interven\u00e7\u00e3o da Uni\u00e3o para socorrer os Estados no enfrentamento\nda pandemia da covid-19. E essa ajuda precisa vir com urg\u00eancia, alerta ele, sob\npena de a corros\u00e3o da economia paralisar os servi\u00e7os p\u00fablicos e provocar uma\ncrise do federalismo com risco de comprometer inclusive a democracia. <\/p>\n\n\n\n<p>No\nartigo, intitulado \u201cQuem vai pagar essa conta?\u201d, Andr\u00e9 Lara Resende alerta para\nos efeitos da crise do coronav\u00edrus na economia nacional, critica o que\nclassifica de \u201cobsess\u00e3o fiscalista\u201d da equipe econ\u00f4mica do governo federal e defende\nque a Uni\u00e3o emita moeda para o aux\u00edlio emergencial aos Estados. <\/p>\n\n\n\n<p>\u201cA\ncrise provocada pelo coronav\u00edrus \u00e9 de fato inusitada. A parada da economia,\ntanto pelo lado da demanda como da oferta, n\u00e3o tem precedentes. Ainda por cima\n\u00e9 uma crise sincronizada, que atinge praticamente todas as economias no mundo\u201d,\ndiz ele. \u201cPara amenizar o drama humano e evitar uma depress\u00e3o profunda, o\nEstado precisa prover um aux\u00edlio de emerg\u00eancia. O Banco Central deve emitir\npara injetar liquidez no sistema banc\u00e1rio e evitar que a parada da economia se\ntransforme tamb\u00e9m numa crise financeira\u201d.<\/p>\n\n\n\n<p>Repudiando\na \u00e1rea econ\u00f4mica do Governo Federal, que quer limitar ainda mais as a\u00e7\u00f5es dos Estados\ncontra o novo coronav\u00edrus, ele diz que o projeto aprovado pela C\u00e2mara prevendo\nque as transfer\u00eancias da Uni\u00e3o tenham como base a arrecada\u00e7\u00e3o do ano passado,\n\u201ctaxada de \u2018pauta bomba\u2019 pelos cruzados do fiscalismo\u201d, \u00e9 \u201cmais do que razo\u00e1vel\nnessas circunst\u00e2ncias\u201d. <\/p>\n\n\n\n<p>Mas,\nobserva, \u00e9 preciso agir com urg\u00eancia, \u201cfazer chegar o aux\u00edlio assistencial\ndiretamente aos necessitados, com o m\u00ednimo de formalidades burocr\u00e1ticas\u201d. Ele\nlembra que o Banco Central Europeu j\u00e1 sancionou uma expans\u00e3o monet\u00e1ria superior\na 6% do PIB e a Fran\u00e7a aprovou gastos de emerg\u00eancia que chegam a mais de 15% do\nPIB. <\/p>\n\n\n\n<p>Lara\nResende alerta ainda para o risco de uma crise na Federa\u00e7\u00e3o se a Uni\u00e3o n\u00e3o\najudar agora os Estados. \u201cOs Estados e os munic\u00edpios, como n\u00e3o emitem moeda\npr\u00f3pria, est\u00e3o obrigados a gastar apenas o que arrecadam. Com a queda da\nreceita provocada pela parada da economia, sem ajuda da Uni\u00e3o, em poucos meses\nficar\u00e3o impossibilitados de prestar servi\u00e7os b\u00e1sicos\u201d, diz ele.<\/p>\n\n\n\n<p>Confira o artigo na \u00edntegra, <a href=\"https:\/\/valor.globo.com\/eu-e\/noticia\/2020\/04\/24\/andre-lara-resende-quem-vai-pagar-essa-conta.ghtml?GLBID=157d29526d0124c1b1d5dcc48ad4b52bb553737364c385245755834667738685042424e346f2d5161754c65564c50477779623052387373764454543362624862676854624b356e56564c54736870317176546c5438665638526263357875505a6a4a384b66673d3d3a303a756c636b6c71737271726169726e726e6f716861\">no Valor<\/a>, ou <a href=\"http:\/\/comsefaz.org.br\/wp-content\/uploads\/2020\/04\/Andr\u00e9-Lara-Resende-Quem-vai-pagar-essa-conta-Valor-Econ\u00f4mico.pdf\">aqui, em PDF.<\/a><\/p>\n\n\n\n<p><em>(Foto: Antonio Scarpinetti\/Jornal da Unicamp)<\/em><\/p>\n","protected":false},"excerpt":{"rendered":"<p>Em artigo publicado no Valor Econ\u00f4mico, o economista Andr\u00e9 Lara Resende defende com veem\u00eancia a interven\u00e7\u00e3o da Uni\u00e3o para socorrer os Estados no enfrentamento da pandemia da covid-19. E essa [&hellip;]<\/p>\n","protected":false},"author":2,"featured_media":605,"comment_status":"open","ping_status":"open","sticky":false,"template":"","format":"standard","meta":{"_acf_changed":false,"om_disable_all_campaigns":false,"_monsterinsights_skip_tracking":false,"_monsterinsights_sitenote_active":false,"_monsterinsights_sitenote_note":"","_monsterinsights_sitenote_category":0,"_EventAllDay":false,"_EventTimezone":"","_EventStartDate":"","_EventEndDate":"","_EventStartDateUTC":"","_EventEndDateUTC":"","_EventShowMap":false,"_EventShowMapLink":false,"_EventURL":"","_EventCost":"","_EventCostDescription":"","_EventCurrencySymbol":"","_EventCurrencyCode":"","_EventCurrencyPosition":"","_EventDateTimeSeparator":"","_EventTimeRangeSeparator":"","_EventOrganizerID":[],"_EventVenueID":[],"_OrganizerEmail":"","_OrganizerPhone":"","_OrganizerWebsite":"","_VenueAddress":"","_VenueCity":"","_VenueCountry":"","_VenueProvince":"","_VenueState":"","_VenueZip":"","_VenuePhone":"","_VenueURL":"","_VenueStateProvince":"","_VenueLat":"","_VenueLng":"","_VenueShowMap":false,"_VenueShowMapLink":false,"_jetpack_memberships_contains_paid_content":false,"footnotes":""},"categories":[2,10],"tags":[44],"class_list":["post-603","post","type-post","status-publish","format-standard","has-post-thumbnail","hentry","category-artigos","category-noticias","tag-crise-da-covid-19"],"acf":[],"aioseo_notices":[],"jetpack_featured_media_url":"https:\/\/comsefaz.org.br\/novo\/wp-content\/uploads\/2020\/04\/Andre-Lara-Resende.jpg","jetpack_sharing_enabled":true,"_links":{"self":[{"href":"https:\/\/comsefaz.org.br\/novo\/wp-json\/wp\/v2\/posts\/603","targetHints":{"allow":["GET"]}}],"collection":[{"href":"https:\/\/comsefaz.org.br\/novo\/wp-json\/wp\/v2\/posts"}],"about":[{"href":"https:\/\/comsefaz.org.br\/novo\/wp-json\/wp\/v2\/types\/post"}],"author":[{"embeddable":true,"href":"https:\/\/comsefaz.org.br\/novo\/wp-json\/wp\/v2\/users\/2"}],"replies":[{"embeddable":true,"href":"https:\/\/comsefaz.org.br\/novo\/wp-json\/wp\/v2\/comments?post=603"}],"version-history":[{"count":0,"href":"https:\/\/comsefaz.org.br\/novo\/wp-json\/wp\/v2\/posts\/603\/revisions"}],"wp:featuredmedia":[{"embeddable":true,"href":"https:\/\/comsefaz.org.br\/novo\/wp-json\/wp\/v2\/media\/605"}],"wp:attachment":[{"href":"https:\/\/comsefaz.org.br\/novo\/wp-json\/wp\/v2\/media?parent=603"}],"wp:term":[{"taxonomy":"category","embeddable":true,"href":"https:\/\/comsefaz.org.br\/novo\/wp-json\/wp\/v2\/categories?post=603"},{"taxonomy":"post_tag","embeddable":true,"href":"https:\/\/comsefaz.org.br\/novo\/wp-json\/wp\/v2\/tags?post=603"}],"curies":[{"name":"wp","href":"https:\/\/api.w.org\/{rel}","templated":true}]}}