{"id":611,"date":"2020-04-27T17:20:56","date_gmt":"2020-04-27T20:20:56","guid":{"rendered":"http:\/\/comsefaz.org.br\/?p=611"},"modified":"2020-04-27T17:20:56","modified_gmt":"2020-04-27T20:20:56","slug":"brasil-entre-os-menores-investimentos-per-capita-do-mundo-no-combate-a-crise-da-covid-19","status":"publish","type":"post","link":"https:\/\/comsefaz.org.br\/novo\/brasil-entre-os-menores-investimentos-per-capita-do-mundo-no-combate-a-crise-da-covid-19\/","title":{"rendered":"Brasil tem um dos menores investimentos per capita entre pa\u00edses no combate \u00e0 crise da Covid-19"},"content":{"rendered":"\n<p>O mundo\natravessa uma crise sanit\u00e1ria sem precedentes na hist\u00f3ria da humanidade. A\npandemia da Covid-19 coloca em xeque a condu\u00e7\u00e3o da pol\u00edtica econ\u00f4mica e exige\ndos governantes capacidade de decis\u00e3o, poder de articula\u00e7\u00e3o e intelig\u00eancia para\nconduzir as na\u00e7\u00f5es diante das incertezas sobre o que vir\u00e1, em termos sociais,\necon\u00f4micos e humanit\u00e1rios. <\/p>\n\n\n\n<p>O novo\ncoronav\u00edrus for\u00e7ou uma parada mundial. Mais de 150 pa\u00edses decretaram algum tipo\nde isolamento social, comprometendo fatalmente a atividade econ\u00f4mica, a empregabilidade\ne a renda das fam\u00edlias. O enfrentamento da pandemia da Covid-19, dizem\nestudiosos e especialistas em crises de impacto global, pede medidas\nhumanit\u00e1rias e urg\u00eancia fiscal similar a uma guerra. <\/p>\n\n\n\n<p>E exige tamb\u00e9m novas formas de atua\u00e7\u00e3o do poder p\u00fablico.\nEm artigo publicado no dia 4 de abril, intitulado &#8220;Virus lays bare the\nfrailty of the social contract&#8221; (Virus revela a fragilidade do contrato\nsocial), em que analisa os impactos que os avan\u00e7os tecnol\u00f3gicos e a\ninterdepend\u00eancia entre as na\u00e7\u00f5es provocam na economia, no trabalho e no\ncom\u00e9rcio, o Financial Times alerta para o papel que o Estado precisa assumir\ndiante de crises e pandemias como a do coronav\u00edrus. &#8220;Os governos ter\u00e3o que\naceitar um papel mais ativo na economia. Eles devem ver os servi\u00e7os p\u00fablicos\ncomo investimentos, e n\u00e3o como passivos, e procurar maneiras de tornar os\nmercados de trabalho menos inseguros&#8221;, diz o jornal.<\/p>\n\n\n\n<p>O mundo tem\nprocurado dar respostas adequadas \u00e0 situa\u00e7\u00e3o. As na\u00e7\u00f5es t\u00eam feito um esfor\u00e7o\ngigantesco para garantir que suas popula\u00e7\u00f5es cumpram a quarentena, a fim de\npermitir que o sistema de sa\u00fade tenha capacidade de atender um n\u00famero massivo\nde cidad\u00e3os, e as empresas tenham capacidade de se manter em meio \u00e0 queda da\natividade econ\u00f4mica, que projeta uma grave recess\u00e3o mundial. <\/p>\n\n\n\n<p>A\nOrganiza\u00e7\u00e3o das Na\u00e7\u00f5es Unidas (ONU) recomenda uma forte atua\u00e7\u00e3o dos governos\npara enfrentamento da Covid-19. Do ponto de vista econ\u00f4mico, a UNCTAD, sigla em\ningl\u00eas para Confer\u00eancia das Na\u00e7\u00f5es Unidas sobre Com\u00e9rcio e Desenvolvimento, e a\nOCDE (Organiza\u00e7\u00e3o para a Coopera\u00e7\u00e3o e Desenvolvimento Econ\u00f4mico) defendem uma\ncoopera\u00e7\u00e3o internacional, um novo \u201cPlano Marshall\u201d para salvar as economias,\ninjetar liquidez e suspender d\u00edvidas. <\/p>\n\n\n\n<p>As\nrespostas v\u00eam em diferentes n\u00edveis. A Uni\u00e3o Europeia acionou a \u2018cl\u00e1usula de\np\u00e2nico\u2019 que libera os gastos p\u00fablicos; o Reino Unido est\u00e1 destinando 20% do seu\nPIB; a Espanha, 13% de seu PIB; e os EUA, US$ 2,4 trilh\u00f5es. O governo\nbrasileiro deveria seguir nessa mesma linha e realizar pacotes semelhantes com\npelo menos 15% do PIB \u2013 algo em torno de R$ 1 trilh\u00e3o. <\/p>\n\n\n\n<p>O que\nprometeu at\u00e9 agora, no entanto, fica muito aqu\u00e9m desse volume. Um estudo do\nObservat\u00f3rio de Pol\u00edtica Fiscal (OPF), elaborado pelo economista Manoel Pires,\npesquisador do Instituto Brasileiro de Economia (IBRE), da Funda\u00e7\u00e3o Get\u00falio\nVargas (FGV), tem feito importante trabalho de listar medidas no combate \u00e0\nCovid-19 por diversos pa\u00edses. <\/p>\n\n\n\n<p>O quadro de acompanhamento do OPF, atualizado nesta segunda-feira (27), re\u00fane eixos de atua\u00e7\u00e3o de programas governamentais (\u201cmedidas fiscais e parafiscais, n\u00e3o envolvendo as pol\u00edticas implementadas pelos bancos centrais\u201d) e de cr\u00e9dito fiscal (medidas que possuem algum tipo de incentivo fiscal, tais como garantias p\u00fablicas, equaliza\u00e7\u00e3o de juros e fonte fiscal de financiamento). <\/p>\n\n\n\n<p>\u201cEm linhas gerais\u201d, conclui o estudo, \u201cas medidas fiscais anunciadas (gastos e desonera\u00e7\u00f5es), e em vias de implementa\u00e7\u00e3o pelo governo brasileiro, se aproximam do que se observa em outros pa\u00edses desenvolvidos. As medidas de cr\u00e9dito, por sua vez, continuam aqu\u00e9m do que \u00e9 necess\u00e1rio para evitar que as empresas (principalmente as pequenas) se estrangulem financeiramente\u201d.<\/p>\n\n\n\n<figure class=\"wp-block-image size-large\"><img decoding=\"async\" src=\"http:\/\/comsefaz.org.br\/wp-content\/uploads\/2020\/04\/Tabela-IBRE-Rea\u00e7\u00e3o-de-pol\u00edtica-fiscal-COVID.png\" alt=\"\" class=\"wp-image-612\"\/><\/figure>\n\n\n\n<p>O Comsefaz submeteu os dados do estudo desse grupo monitorado \u00e0 perspectiva da aloca\u00e7\u00e3o <em>per capita<\/em>. Comparando com pa\u00edses da Europa, \u00c1sia, Am\u00e9rica do Norte e Am\u00e9rica do Sul, o Brasil aparece no conjunto com um n\u00edvel bastante modesto de investimentos em a\u00e7\u00f5es para combate ao novo coronav\u00edrus. <\/p>\n\n\n\n<figure class=\"wp-block-image size-large\"><img decoding=\"async\" src=\"http:\/\/comsefaz.org.br\/wp-content\/uploads\/2020\/04\/Gr\u00e1fico-Investimento-Fiscal-per-capita-COVID-19.jpg\" alt=\"\" class=\"wp-image-613\"\/><\/figure>\n\n\n\n<p>\u201cO valor anunciado pelo Brasil para enfrentamento da covid-19 \u00e9 muito\nbaixo, cerca de 800 d\u00f3lares, enquanto os pa\u00edses desenvolvidos v\u00e3o fazer um\naporte muito superior de recursos, uma m\u00e9dia de 7 mil d\u00f3lares, chegando a quase\n17 mil d\u00f3lares per capita na Alemanha\u201d, comentou a assessora econ\u00f4mica do\nComsefaz, Carolina Michelman.<\/p>\n\n\n\n<p>Para o diretor do Comsefaz, Andr\u00e9 Horta, os dados mostram a necessidade\nurgente de recursos em volume adequado e de outras medidas de socorro e suporte\naos Estados. \u201cVeja que a Alemanha tem pouco mais de cinco vezes o PIB <em>per capita<\/em> do Brasil, mas o esfor\u00e7o de\ntransfer\u00eancias e linhas de cr\u00e9dito tomam um volume 21 vezes maior que o nosso,\num pa\u00eds de grav\u00edssima desigualdade\u201d diz ele. <\/p>\n\n\n\n<p>O presidente do Comsefaz, Rafael Fonteles, diz que \u00e9 necess\u00e1rio um esfor\u00e7o mais robusto para amenizar o impacto social e econ\u00f4mico da crise. \u201cPrecisamos garantir capacidade de atender a popula\u00e7\u00e3o doente, aumentar os gastos com sa\u00fade, mas tamb\u00e9m manter funcionando a m\u00e1quina p\u00fablica. Para isso, a Uni\u00e3o precisa liberar liquidez, fazer transfer\u00eancia direta de recurso, criar linhas de cr\u00e9dito e postergar pagamento de d\u00edvida\u201d, defende.<\/p>\n\n\n\n<p><em>(Foto: Divulga\u00e7\u00e3o\/Prefeitura de Manaus)<\/em><\/p>\n\n\n\n<p><\/p>\n","protected":false},"excerpt":{"rendered":"<p>O mundo atravessa uma crise sanit\u00e1ria sem precedentes na hist\u00f3ria da humanidade. A pandemia da Covid-19 coloca em xeque a condu\u00e7\u00e3o da pol\u00edtica econ\u00f4mica e exige dos governantes capacidade de [&hellip;]<\/p>\n","protected":false},"author":2,"featured_media":619,"comment_status":"open","ping_status":"open","sticky":false,"template":"","format":"standard","meta":{"_acf_changed":false,"om_disable_all_campaigns":false,"_monsterinsights_skip_tracking":false,"_monsterinsights_sitenote_active":false,"_monsterinsights_sitenote_note":"","_monsterinsights_sitenote_category":0,"_EventAllDay":false,"_EventTimezone":"","_EventStartDate":"","_EventEndDate":"","_EventStartDateUTC":"","_EventEndDateUTC":"","_EventShowMap":false,"_EventShowMapLink":false,"_EventURL":"","_EventCost":"","_EventCostDescription":"","_EventCurrencySymbol":"","_EventCurrencyCode":"","_EventCurrencyPosition":"","_EventDateTimeSeparator":"","_EventTimeRangeSeparator":"","_EventOrganizerID":[],"_EventVenueID":[],"_OrganizerEmail":"","_OrganizerPhone":"","_OrganizerWebsite":"","_VenueAddress":"","_VenueCity":"","_VenueCountry":"","_VenueProvince":"","_VenueState":"","_VenueZip":"","_VenuePhone":"","_VenueURL":"","_VenueStateProvince":"","_VenueLat":"","_VenueLng":"","_VenueShowMap":false,"_VenueShowMapLink":false,"_jetpack_memberships_contains_paid_content":false,"footnotes":""},"categories":[10],"tags":[124],"class_list":["post-611","post","type-post","status-publish","format-standard","has-post-thumbnail","hentry","category-noticias","tag-saude-publica"],"acf":[],"aioseo_notices":[],"jetpack_featured_media_url":"https:\/\/comsefaz.org.br\/novo\/wp-content\/uploads\/2020\/04\/hospital-4.jpeg","jetpack_sharing_enabled":true,"_links":{"self":[{"href":"https:\/\/comsefaz.org.br\/novo\/wp-json\/wp\/v2\/posts\/611","targetHints":{"allow":["GET"]}}],"collection":[{"href":"https:\/\/comsefaz.org.br\/novo\/wp-json\/wp\/v2\/posts"}],"about":[{"href":"https:\/\/comsefaz.org.br\/novo\/wp-json\/wp\/v2\/types\/post"}],"author":[{"embeddable":true,"href":"https:\/\/comsefaz.org.br\/novo\/wp-json\/wp\/v2\/users\/2"}],"replies":[{"embeddable":true,"href":"https:\/\/comsefaz.org.br\/novo\/wp-json\/wp\/v2\/comments?post=611"}],"version-history":[{"count":0,"href":"https:\/\/comsefaz.org.br\/novo\/wp-json\/wp\/v2\/posts\/611\/revisions"}],"wp:featuredmedia":[{"embeddable":true,"href":"https:\/\/comsefaz.org.br\/novo\/wp-json\/wp\/v2\/media\/619"}],"wp:attachment":[{"href":"https:\/\/comsefaz.org.br\/novo\/wp-json\/wp\/v2\/media?parent=611"}],"wp:term":[{"taxonomy":"category","embeddable":true,"href":"https:\/\/comsefaz.org.br\/novo\/wp-json\/wp\/v2\/categories?post=611"},{"taxonomy":"post_tag","embeddable":true,"href":"https:\/\/comsefaz.org.br\/novo\/wp-json\/wp\/v2\/tags?post=611"}],"curies":[{"name":"wp","href":"https:\/\/api.w.org\/{rel}","templated":true}]}}