{"id":777,"date":"2020-05-27T16:10:13","date_gmt":"2020-05-27T19:10:13","guid":{"rendered":"http:\/\/comsefaz.org.br\/?p=777"},"modified":"2020-05-27T16:10:13","modified_gmt":"2020-05-27T19:10:13","slug":"conselho-fiscal-aprova-prestacao-de-contas-de-2019-do-comsefaz","status":"publish","type":"post","link":"https:\/\/comsefaz.org.br\/novo\/conselho-fiscal-aprova-prestacao-de-contas-de-2019-do-comsefaz\/","title":{"rendered":"Conselho Fiscal aprova presta\u00e7\u00e3o de contas de 2019 do Comsefaz"},"content":{"rendered":"\n<p>O Conselho Fiscal do Comsefaz (Comit\u00ea Nacional de Secret\u00e1rios de Fazenda, Finan\u00e7as, Receita ou Tributa\u00e7\u00e3o dos Estados e do Distrito Federal) aprovou nesta ter\u00e7a-feira (26), durante reuni\u00e3o por videoconfer\u00eancia, a presta\u00e7\u00e3o de contas referente a 2019. As contas foram aprovadas de forma integral, sem ressalvas.<\/p>\n\n\n\n<p>A\nreuni\u00e3o teve a participa\u00e7\u00e3o do diretor-institucional do Comsefaz, Andr\u00e9 Horta, do\npresidente do Conselho Fiscal, Marialvo Laureano, secret\u00e1rio de Fazenda da\nPara\u00edba; e dos membros titulares Sandro Henrique e Felipe Mattos Ribeiro,\nsecret\u00e1rios de Fazenda do Tocantins e do Mato Grosso do Sul, respectivamente. Marcela\nBatista, coordenadora-administrativa, Romina Faria e Jos\u00e9 Gon\u00e7alves Jr., Financeiro\ne Jur\u00eddico do Comsefaz, respectivamente, tamb\u00e9m participaram. <\/p>\n\n\n\n<p>Na\nreuni\u00e3o, Andr\u00e9 Horta fez uma explana\u00e7\u00e3o sobre os dados de receitas e despesas\ndo Comsefaz e sobre as atividades realizadas e em andamento, e sobre projetos\nque ser\u00e3o desenvolvidos pelo Comit\u00ea. Ele destacou tamb\u00e9m a import\u00e2ncia do\ntrabalho desenvolvido pela equipe do escrit\u00f3rio em Bras\u00edlia. <\/p>\n\n\n\n<p>Na\nreuni\u00e3o ordin\u00e1ria do Comsefaz desta quarta-feira (27), o presidente do Conselho\nFiscal, Marialvo Laureano, disse que recebeu com anteced\u00eancia todos os\ndocumentos da presta\u00e7\u00e3o de contas para analisar e destacou \u201ca transpar\u00eancia e\nseriedade, e o excelente trabalho da diretoria do Comsefaz\u201d. <\/p>\n\n\n\n<p>Laureano\ndestacou a atua\u00e7\u00e3o e a articula\u00e7\u00e3o do Comsefaz em 2019, elogiou o trabalho da\ndiretoria e da equipe de assessores, e alertou para a inadimpl\u00eancia de alguns\nestados com a anuidade, fazendo um apelo para que possam regularizar a situa\u00e7\u00e3o.\n\u201cSe queremos um Comsefaz forte e atuante, precisamos dar estrutura e condi\u00e7\u00f5es\npara isso\u201d, afirmou. <\/p>\n","protected":false},"excerpt":{"rendered":"<p>O Conselho Fiscal do Comsefaz (Comit\u00ea Nacional de Secret\u00e1rios de Fazenda, Finan\u00e7as, Receita ou Tributa\u00e7\u00e3o dos Estados e do Distrito Federal) aprovou nesta ter\u00e7a-feira (26), durante reuni\u00e3o por videoconfer\u00eancia, a [&hellip;]<\/p>\n","protected":false},"author":2,"featured_media":778,"comment_status":"open","ping_status":"open","sticky":false,"template":"","format":"standard","meta":{"_acf_changed":false,"om_disable_all_campaigns":false,"_monsterinsights_skip_tracking":false,"_monsterinsights_sitenote_active":false,"_monsterinsights_sitenote_note":"","_monsterinsights_sitenote_category":0,"_EventAllDay":false,"_EventTimezone":"","_EventStartDate":"","_EventEndDate":"","_EventStartDateUTC":"","_EventEndDateUTC":"","_EventShowMap":false,"_EventShowMapLink":false,"_EventURL":"","_EventCost":"","_EventCostDescription":"","_EventCurrencySymbol":"","_EventCurrencyCode":"","_EventCurrencyPosition":"","_EventDateTimeSeparator":"","_EventTimeRangeSeparator":"","_EventOrganizerID":[],"_EventVenueID":[],"_OrganizerEmail":"","_OrganizerPhone":"","_OrganizerWebsite":"","_VenueAddress":"","_VenueCity":"","_VenueCountry":"","_VenueProvince":"","_VenueState":"","_VenueZip":"","_VenuePhone":"","_VenueURL":"","_VenueStateProvince":"","_VenueLat":"","_VenueLng":"","_VenueShowMap":false,"_VenueShowMapLink":false,"_jetpack_memberships_contains_paid_content":false,"footnotes":""},"categories":[10],"tags":[145],"class_list":["post-777","post","type-post","status-publish","format-standard","has-post-thumbnail","hentry","category-noticias","tag-transparencia"],"acf":[],"aioseo_notices":[],"jetpack_featured_media_url":"https:\/\/comsefaz.org.br\/novo\/wp-content\/uploads\/2020\/05\/Foto-Conselho-2.jpg","jetpack_sharing_enabled":true,"_links":{"self":[{"href":"https:\/\/comsefaz.org.br\/novo\/wp-json\/wp\/v2\/posts\/777","targetHints":{"allow":["GET"]}}],"collection":[{"href":"https:\/\/comsefaz.org.br\/novo\/wp-json\/wp\/v2\/posts"}],"about":[{"href":"https:\/\/comsefaz.org.br\/novo\/wp-json\/wp\/v2\/types\/post"}],"author":[{"embeddable":true,"href":"https:\/\/comsefaz.org.br\/novo\/wp-json\/wp\/v2\/users\/2"}],"replies":[{"embeddable":true,"href":"https:\/\/comsefaz.org.br\/novo\/wp-json\/wp\/v2\/comments?post=777"}],"version-history":[{"count":0,"href":"https:\/\/comsefaz.org.br\/novo\/wp-json\/wp\/v2\/posts\/777\/revisions"}],"wp:featuredmedia":[{"embeddable":true,"href":"https:\/\/comsefaz.org.br\/novo\/wp-json\/wp\/v2\/media\/778"}],"wp:attachment":[{"href":"https:\/\/comsefaz.org.br\/novo\/wp-json\/wp\/v2\/media?parent=777"}],"wp:term":[{"taxonomy":"category","embeddable":true,"href":"https:\/\/comsefaz.org.br\/novo\/wp-json\/wp\/v2\/categories?post=777"},{"taxonomy":"post_tag","embeddable":true,"href":"https:\/\/comsefaz.org.br\/novo\/wp-json\/wp\/v2\/tags?post=777"}],"curies":[{"name":"wp","href":"https:\/\/api.w.org\/{rel}","templated":true}]}}