{"id":780,"date":"2020-05-27T19:31:51","date_gmt":"2020-05-27T22:31:51","guid":{"rendered":"http:\/\/comsefaz.org.br\/?p=780"},"modified":"2020-05-27T19:31:51","modified_gmt":"2020-05-27T22:31:51","slug":"comsefaz-reune-secretarios-para-discutir-impactos-da-crise-sanitaria-e-outros-temas","status":"publish","type":"post","link":"https:\/\/comsefaz.org.br\/novo\/comsefaz-reune-secretarios-para-discutir-impactos-da-crise-sanitaria-e-outros-temas\/","title":{"rendered":"Comsefaz re\u00fane secret\u00e1rios para discutir impactos da crise sanit\u00e1ria e outros temas"},"content":{"rendered":"\n<p>O Comsefaz (Comit\u00ea Nacional de Secret\u00e1rios de Fazenda, Finan\u00e7as, Receita ou Tributa\u00e7\u00e3o dos Estados e do Distrito Federal) realizou nesta quarta-feira (27) reuni\u00e3o por videoconfer\u00eancia para discutir a crise sanit\u00e1ria da covid-19 e seus impactos nos estados, e as iniciativas dos entes federativos para enfrentamento do novo coronav\u00edrus, al\u00e9m de outros temas jur\u00eddicos e legislativos de interesse dos estados.<\/p>\n\n\n\n<p>Foi\na 27\u00aa Reuni\u00e3o Ordin\u00e1ria do Comsefaz, a primeira por videoconfer\u00eancia.\nParticiparam secret\u00e1rios, secret\u00e1rios adjuntos e assessores dos 26 estados e do\nDistrito Federal. Na abertura, o presidente, Rafael Fonteles, destacou as\niniciativas do Comsefaz desde o in\u00edcio da pandemia da covid-19 e as conquistas\nalcan\u00e7adas, como a aprova\u00e7\u00e3o do socorro financeiro e outras medidas de apoio\naos estados para mitigar os efeitos negativos da crise.<\/p>\n\n\n\n<p>Para\nele, o Comsefaz conseguiu promover uma uni\u00e3o federativa mais forte e robusta,\npor meio de uma atua\u00e7\u00e3o eficiente no acompanhamento e articula\u00e7\u00e3o dos temas que\ninteressam aos estados. A avalia\u00e7\u00e3o do Programa Federativo de Enfrentamento ao\nCoronav\u00edrus e os impactos da crise decorrente da pandemia da covid-19 nos\nestados foram os temas centrais da reuni\u00e3o.<\/p>\n\n\n\n<p>O\nGefin (Grupo de Gestores das Finan\u00e7as Estaduais) apresentou uma an\u00e1lise t\u00e9cnica\ndo programa de aux\u00edlio financeiro aprovado pelo Senado no in\u00edcio do m\u00eas, que\ndestina R$ 60 bilh\u00f5es para os estados e munic\u00edpios, para o combate ao novo\ncoronav\u00edrus. Os secret\u00e1rios reclamam que a demora na san\u00e7\u00e3o presidencial atrasa\na transfer\u00eancia dos recursos aos estados, al\u00e9m de serem un\u00e2nimes que os R$ 60\nbilh\u00f5es s\u00e3o insuficientes. <\/p>\n\n\n\n<figure class=\"wp-block-image size-large\"><img fetchpriority=\"high\" decoding=\"async\" width=\"1024\" height=\"603\" src=\"http:\/\/comsefaz.org.br\/wp-content\/uploads\/2020\/05\/Foto-27-RO-3-2-1024x603.jpg\" alt=\"\" class=\"wp-image-785\" srcset=\"https:\/\/comsefaz.org.br\/novo\/wp-content\/uploads\/2020\/05\/Foto-27-RO-3-2-1024x603.jpg 1024w, https:\/\/comsefaz.org.br\/novo\/wp-content\/uploads\/2020\/05\/Foto-27-RO-3-2-300x177.jpg 300w, https:\/\/comsefaz.org.br\/novo\/wp-content\/uploads\/2020\/05\/Foto-27-RO-3-2-768x453.jpg 768w, https:\/\/comsefaz.org.br\/novo\/wp-content\/uploads\/2020\/05\/Foto-27-RO-3-2.jpg 1181w\" sizes=\"(max-width: 1024px) 100vw, 1024px\" \/><\/figure>\n\n\n\n<p>Os\nprojetos de mudan\u00e7as na Substitui\u00e7\u00e3o Tribut\u00e1ria em tramita\u00e7\u00e3o na C\u00e2mara e no\nSenado, a PEC-15\/2015, do novo Fundeb, a suspens\u00e3o dos pagamentos das parcelas\ndos precat\u00f3rios e pol\u00edticas tribut\u00e1rias de iniciativa dos estados tamb\u00e9m foram discutidos\nna reuni\u00e3o, al\u00e9m da presta\u00e7\u00e3o de contas do Comsefaz e de projetos de pesquisas que\nest\u00e3o sendo objeto de estudos pelo Comit\u00ea. <\/p>\n\n\n\n<p>O presidente Rafael Fonteles tamb\u00e9m lembrou que a Reforma Tribut\u00e1ria e a Reforma Administrativa devem voltar em breve \u00e0 pauta de discuss\u00e3o no Congresso, e que o Comsefaz deve ficar atento para acompanhar e participar dessas discuss\u00f5es. Ele informou que, a convite do relator da Reforma Tribut\u00e1ria, Aguinaldo Ribeiro (PP-PB), participar\u00e1 de reuni\u00e3o na pr\u00f3xima semana sobre o tema, com o parlamentar e outros convidados. <\/p>\n\n\n\n<p>A reuni\u00e3o teve in\u00edcio \u00e0s 9h, foi suspensa por volta de 12h30 e ser\u00e1 retomada no pr\u00f3ximo dia 3 de junho, a partir das 10h, para discuss\u00e3o de alguns temas que ficaram pendentes. <\/p>\n","protected":false},"excerpt":{"rendered":"<p>O Comsefaz (Comit\u00ea Nacional de Secret\u00e1rios de Fazenda, Finan\u00e7as, Receita ou Tributa\u00e7\u00e3o dos Estados e do Distrito Federal) realizou nesta quarta-feira (27) reuni\u00e3o por videoconfer\u00eancia para discutir a crise sanit\u00e1ria [&hellip;]<\/p>\n","protected":false},"author":2,"featured_media":784,"comment_status":"open","ping_status":"open","sticky":false,"template":"","format":"standard","meta":{"_acf_changed":false,"om_disable_all_campaigns":false,"_monsterinsights_skip_tracking":false,"_monsterinsights_sitenote_active":false,"_monsterinsights_sitenote_note":"","_monsterinsights_sitenote_category":0,"_EventAllDay":false,"_EventTimezone":"","_EventStartDate":"","_EventEndDate":"","_EventStartDateUTC":"","_EventEndDateUTC":"","_EventShowMap":false,"_EventShowMapLink":false,"_EventURL":"","_EventCost":"","_EventCostDescription":"","_EventCurrencySymbol":"","_EventCurrencyCode":"","_EventCurrencyPosition":"","_EventDateTimeSeparator":"","_EventTimeRangeSeparator":"","_EventOrganizerID":[],"_EventVenueID":[],"_OrganizerEmail":"","_OrganizerPhone":"","_OrganizerWebsite":"","_VenueAddress":"","_VenueCity":"","_VenueCountry":"","_VenueProvince":"","_VenueState":"","_VenueZip":"","_VenuePhone":"","_VenueURL":"","_VenueStateProvince":"","_VenueLat":"","_VenueLng":"","_VenueShowMap":false,"_VenueShowMapLink":false,"_jetpack_memberships_contains_paid_content":false,"footnotes":""},"categories":[10],"tags":[16],"class_list":["post-780","post","type-post","status-publish","format-standard","has-post-thumbnail","hentry","category-noticias","tag-27a-reuniao-ordinaria"],"acf":[],"aioseo_notices":[],"jetpack_featured_media_url":"https:\/\/comsefaz.org.br\/novo\/wp-content\/uploads\/2020\/05\/Foto-27-RO-Vale-2.jpg","jetpack_sharing_enabled":true,"_links":{"self":[{"href":"https:\/\/comsefaz.org.br\/novo\/wp-json\/wp\/v2\/posts\/780","targetHints":{"allow":["GET"]}}],"collection":[{"href":"https:\/\/comsefaz.org.br\/novo\/wp-json\/wp\/v2\/posts"}],"about":[{"href":"https:\/\/comsefaz.org.br\/novo\/wp-json\/wp\/v2\/types\/post"}],"author":[{"embeddable":true,"href":"https:\/\/comsefaz.org.br\/novo\/wp-json\/wp\/v2\/users\/2"}],"replies":[{"embeddable":true,"href":"https:\/\/comsefaz.org.br\/novo\/wp-json\/wp\/v2\/comments?post=780"}],"version-history":[{"count":0,"href":"https:\/\/comsefaz.org.br\/novo\/wp-json\/wp\/v2\/posts\/780\/revisions"}],"wp:featuredmedia":[{"embeddable":true,"href":"https:\/\/comsefaz.org.br\/novo\/wp-json\/wp\/v2\/media\/784"}],"wp:attachment":[{"href":"https:\/\/comsefaz.org.br\/novo\/wp-json\/wp\/v2\/media?parent=780"}],"wp:term":[{"taxonomy":"category","embeddable":true,"href":"https:\/\/comsefaz.org.br\/novo\/wp-json\/wp\/v2\/categories?post=780"},{"taxonomy":"post_tag","embeddable":true,"href":"https:\/\/comsefaz.org.br\/novo\/wp-json\/wp\/v2\/tags?post=780"}],"curies":[{"name":"wp","href":"https:\/\/api.w.org\/{rel}","templated":true}]}}