{"id":8575,"date":"2023-07-25T10:07:56","date_gmt":"2023-07-25T13:07:56","guid":{"rendered":"https:\/\/comsefaz.org.br\/novo\/?p=8575"},"modified":"2023-07-25T10:07:57","modified_gmt":"2023-07-25T13:07:57","slug":"comsefaz-participa-de-um-dos-mais-importantes-eventos-internacionais-de-contabilidade-da-america-latina","status":"publish","type":"post","link":"https:\/\/comsefaz.org.br\/novo\/comsefaz-participa-de-um-dos-mais-importantes-eventos-internacionais-de-contabilidade-da-america-latina\/","title":{"rendered":"Comsefaz participa de um dos mais importantes eventos internacionais de Contabilidade da Am\u00e9rica Latina"},"content":{"rendered":"\n<p>O Comsefaz participa, a partir desta quarta-feira (26), de um dos mais importantes e prestigiados eventos internacionais de Contabilidade da Am\u00e9rica Latina, o <em>USP International Conference on Accounting<\/em>.<\/p>\n\n\n\n<p>Essa \u00e9 a 23\u00aa edi\u00e7\u00e3o da confer\u00eancia, que ocorre simultaneamente ao 20\u00ba <em>Congresso USP de Inicia\u00e7\u00e3o Cient\u00edfica em Contabilidade<\/em>.<\/p>\n\n\n\n<p>Organizado pela Faculdade de Economia, Administra\u00e7\u00e3o, Contabilidade e Atu\u00e1rias da Universidade de S\u00e3o Paulo, a Confer\u00eancia vai reunir entre os dias 26 e 28 de julho, na capital paulista, grandes nomes nacionais e internacionais da \u00e1rea e especialistas de v\u00e1rios estados do pa\u00eds.<\/p>\n\n\n\n<p>Representantes do Comsefaz, entre secret\u00e1rios de Estado e assessores t\u00e9cnicos das fazendas estaduais, v\u00e3o conduzir alguns dos debates, al\u00e9m de participar de mesas como palestrantes e ministrar oficinas.&nbsp;<\/p>\n\n\n\n<p>A programa\u00e7\u00e3o completa j\u00e1 est\u00e1 dispon\u00edvel no site <em>congressousp.fipecafi.org\/<\/em><\/p>\n\n\n\n<p>O objetivo principal do <em>USP International Conference on Accounting<\/em> \u00e9 promover o interc\u00e2mbio de estudos e experi\u00eancias, al\u00e9m da divulga\u00e7\u00e3o de ideias sobre a teoria e a pr\u00e1tica da Contabilidade, Controladoria e a Atu\u00e1ria, aproximando profissionais deste segmento e pesquisadores acad\u00eamicos em momentos como apresenta\u00e7\u00f5es de trabalhos e palestras.<\/p>\n\n\n\n<p>Confira as palestras e oficinas com presen\u00e7a de representantes do Comsefaz:<\/p>\n\n\n\n<p><strong>Palestras<\/strong><\/p>\n\n\n\n<p><strong>Quarta-feira (26)<\/strong><\/p>\n\n\n\n<p>11h \u00e0s 12h30<\/p>\n\n\n\n<p><em>Balan\u00e7o Cidad\u00e3o: experi\u00eancia dos governos estaduais da BA, RN e SC<\/em><\/p>\n\n\n\n<p><strong>Graziela Luiza Meincheim<\/strong>: Diretora de Contabilidade e de Informa\u00e7\u00f5es Fiscais na Secretaria de Estado da Fazenda de Santa Catarina<\/p>\n\n\n\n<p><strong>Fl\u00e1vio George Rocha<\/strong>: Contador-geral do Estado do Rio Grande do Norte<\/p>\n\n\n\n<p><strong>Manuel Roque dos Santos: <\/strong>Contador-geral do Estado da Bahia<\/p>\n\n\n\n<p><strong>Quinta-feira (27)<\/strong><\/p>\n\n\n\n<p>17h \u00e0s 18h<\/p>\n\n\n\n<p><em>Turbul\u00eancia na Administra\u00e7\u00e3o Tribut\u00e1ria no Brasil: uma an\u00e1lise a partir da perspectiva do ICMS<\/em><\/p>\n\n\n\n<p><strong>Patr\u00edcia Motta Caf\u00e9:<\/strong> Assessora especial da subsecretaria de Acompanhamento Econ\u00f4mico do Distrito Federal<\/p>\n\n\n\n<p><strong>C\u00e9lia Maria Silva Carvalho<\/strong>:&nbsp; professora Doutora da FGV Law&nbsp;<\/p>\n\n\n\n<p><strong>Sexta-feira (28)<\/strong><\/p>\n\n\n\n<p>11h \u00e0s 12h30<\/p>\n\n\n\n<p><em>Evolu\u00e7\u00e3o das Finan\u00e7as P\u00fablicas Estaduais: perspectivas e propostas<\/em><\/p>\n\n\n\n<p><strong>Bruno Schettini:<\/strong> subsecret\u00e1rio do Tesouro do Estado do Rio de Janeiro<\/p>\n\n\n\n<p>Selene Peres Peres Nunes: Secret\u00e1ria da Economia do Estado de Goi\u00e1s<\/p>\n\n\n\n<p>15h \u00e0s 16h40<\/p>\n\n\n\n<p><em>Sustentabilidade e Tributa\u00e7\u00e3o Verde<\/em><\/p>\n\n\n\n<p><strong>Ren\u00e9 de Oliveira e Souza J\u00fanior:<\/strong> secret\u00e1rio de Estado da Fazenda do Par\u00e1<\/p>\n\n\n\n<p><strong>Alex Del Giglio:<\/strong> secret\u00e1rio de Estado da Fazenda do Amazonas &nbsp;<\/p>\n\n\n\n<p><strong>Oficina Master<\/strong><\/p>\n\n\n\n<p><strong>Quinta-feira (27)<\/strong><\/p>\n\n\n\n<p>15h \u00e0s 16h40 &nbsp;&nbsp;<\/p>\n\n\n\n<p><em>\u201cSustentabilidade fiscal: gest\u00e3o de crise e continuidade da presta\u00e7\u00e3o de servi\u00e7os\u201d<\/em><\/p>\n\n\n\n<p><strong>Fabr\u00edzio Gomes:<\/strong> secret\u00e1rio de Fazenda do Estado do Cear\u00e1;<\/p>\n\n\n\n<p><strong>Priscila Santana:<\/strong> secret\u00e1ria de Fazenda do Estado do Rio Grande do Sul;<\/p>\n\n\n\n<p><strong>Renata Santos:<\/strong> secret\u00e1ria de Fazenda do Estado de Alagoas.<\/p>\n","protected":false},"excerpt":{"rendered":"<p>O Comsefaz participa, a partir desta quarta-feira (26), de um dos mais importantes e prestigiados eventos internacionais de Contabilidade da Am\u00e9rica Latina, o USP International Conference on Accounting. Essa \u00e9 [&hellip;]<\/p>\n","protected":false},"author":2,"featured_media":8576,"comment_status":"closed","ping_status":"open","sticky":false,"template":"","format":"standard","meta":{"_acf_changed":false,"om_disable_all_campaigns":false,"_monsterinsights_skip_tracking":false,"_monsterinsights_sitenote_active":false,"_monsterinsights_sitenote_note":"","_monsterinsights_sitenote_category":0,"_EventAllDay":false,"_EventTimezone":"","_EventStartDate":"","_EventEndDate":"","_EventStartDateUTC":"","_EventEndDateUTC":"","_EventShowMap":false,"_EventShowMapLink":false,"_EventURL":"","_EventCost":"","_EventCostDescription":"","_EventCurrencySymbol":"","_EventCurrencyCode":"","_EventCurrencyPosition":"","_EventDateTimeSeparator":"","_EventTimeRangeSeparator":"","_EventOrganizerID":[],"_EventVenueID":[],"_OrganizerEmail":"","_OrganizerPhone":"","_OrganizerWebsite":"","_VenueAddress":"","_VenueCity":"","_VenueCountry":"","_VenueProvince":"","_VenueState":"","_VenueZip":"","_VenuePhone":"","_VenueURL":"","_VenueStateProvince":"","_VenueLat":"","_VenueLng":"","_VenueShowMap":false,"_VenueShowMapLink":false,"_jetpack_memberships_contains_paid_content":false,"footnotes":""},"categories":[1],"tags":[],"class_list":["post-8575","post","type-post","status-publish","format-standard","has-post-thumbnail","hentry","category-pl"],"acf":[],"aioseo_notices":[],"jetpack_featured_media_url":"https:\/\/comsefaz.org.br\/novo\/wp-content\/uploads\/2023\/07\/post_7_8.png","jetpack_sharing_enabled":true,"_links":{"self":[{"href":"https:\/\/comsefaz.org.br\/novo\/wp-json\/wp\/v2\/posts\/8575","targetHints":{"allow":["GET"]}}],"collection":[{"href":"https:\/\/comsefaz.org.br\/novo\/wp-json\/wp\/v2\/posts"}],"about":[{"href":"https:\/\/comsefaz.org.br\/novo\/wp-json\/wp\/v2\/types\/post"}],"author":[{"embeddable":true,"href":"https:\/\/comsefaz.org.br\/novo\/wp-json\/wp\/v2\/users\/2"}],"replies":[{"embeddable":true,"href":"https:\/\/comsefaz.org.br\/novo\/wp-json\/wp\/v2\/comments?post=8575"}],"version-history":[{"count":1,"href":"https:\/\/comsefaz.org.br\/novo\/wp-json\/wp\/v2\/posts\/8575\/revisions"}],"predecessor-version":[{"id":8577,"href":"https:\/\/comsefaz.org.br\/novo\/wp-json\/wp\/v2\/posts\/8575\/revisions\/8577"}],"wp:featuredmedia":[{"embeddable":true,"href":"https:\/\/comsefaz.org.br\/novo\/wp-json\/wp\/v2\/media\/8576"}],"wp:attachment":[{"href":"https:\/\/comsefaz.org.br\/novo\/wp-json\/wp\/v2\/media?parent=8575"}],"wp:term":[{"taxonomy":"category","embeddable":true,"href":"https:\/\/comsefaz.org.br\/novo\/wp-json\/wp\/v2\/categories?post=8575"},{"taxonomy":"post_tag","embeddable":true,"href":"https:\/\/comsefaz.org.br\/novo\/wp-json\/wp\/v2\/tags?post=8575"}],"curies":[{"name":"wp","href":"https:\/\/api.w.org\/{rel}","templated":true}]}}