{"id":8578,"date":"2023-07-25T17:56:42","date_gmt":"2023-07-25T20:56:42","guid":{"rendered":"https:\/\/comsefaz.org.br\/novo\/?p=8578"},"modified":"2023-07-25T18:27:02","modified_gmt":"2023-07-25T21:27:02","slug":"queda-no-repasse-do-fpe-preocupa-estados-desempenho-atipico-de-comodities-na-base-de-2022-e-a-maior-razao-segundo-srfb","status":"publish","type":"post","link":"https:\/\/comsefaz.org.br\/novo\/queda-no-repasse-do-fpe-preocupa-estados-desempenho-atipico-de-comodities-na-base-de-2022-e-a-maior-razao-segundo-srfb\/","title":{"rendered":"Queda no repasse do FPE preocupa Estados; desempenho at\u00edpico de commodities na base de 2022 \u00e9 a maior raz\u00e3o, segundo SRFB\u00a0"},"content":{"rendered":"\n<p>A Secretaria da Receita Federal do Brasil \u2013 SRFB realizou nesta ter\u00e7a-feira (25) sua entrevista coletiva mensal de divulga\u00e7\u00e3o do resultado da arrecada\u00e7\u00e3o das receitas federais de junho de 2023.&nbsp; A divulga\u00e7\u00e3o teve import\u00e2ncia especial para os estados, principalmente ap\u00f3s a queda dos repasses do Fundo de Participa\u00e7\u00e3o dos Estados (FPE).<\/p>\n\n\n\n<p>O dep\u00f3sito da primeira parcela de julho apresentou queda de 29,75% no valor pago aos estados dia 10 (a primeira das tr\u00eas parcelas efetuadas ao longo do m\u00eas). As Fazendas estaduais aguardavam a divulga\u00e7\u00e3o dos esclarecimentos sobre a acentuada queda da arrecada\u00e7\u00e3o do Imposto de Renda, o que gerou preocupa\u00e7\u00e3o.<\/p>\n\n\n\n<p>Em compara\u00e7\u00e3o a primeira parcela de julho do ano passado, o montante do FPE caiu de R$ 5,26 bilh\u00f5es para R$ 3,55 bilh\u00f5es, valores atualizados pelo IPCA.<\/p>\n\n\n\n<p><strong>Coletiva<\/strong><\/p>\n\n\n\n<p>Na coletiva de hoje, o chefe do Centro de Estudos Tribut\u00e1rios e Aduaneiros da Receita Federal, Claudemir Malaquias, e o coordenador de Previs\u00e3o e An\u00e1lise da Receita Federal, Marcelo Gomide, esclareceram que a arrecada\u00e7\u00e3o do Imposto de Renda de <strong>junho de 2022<\/strong> foi marcada por uma s\u00e9rie de eventos at\u00edpicos, o que provocou um aumento de R$ 6 bilh\u00f5es na arrecada\u00e7\u00e3o do IRPJ e na CSLL, n\u00e3o observados esse ano.<\/p>\n\n\n\n<figure class=\"wp-block-image size-full\"><img fetchpriority=\"high\" decoding=\"async\" width=\"924\" height=\"544\" src=\"https:\/\/comsefaz.org.br\/novo\/wp-content\/uploads\/2023\/07\/WhatsApp-Image-2023-07-25-at-17.37.36.jpeg\" alt=\"\" class=\"wp-image-8579\" srcset=\"https:\/\/comsefaz.org.br\/novo\/wp-content\/uploads\/2023\/07\/WhatsApp-Image-2023-07-25-at-17.37.36.jpeg 924w, https:\/\/comsefaz.org.br\/novo\/wp-content\/uploads\/2023\/07\/WhatsApp-Image-2023-07-25-at-17.37.36-300x177.jpeg 300w, https:\/\/comsefaz.org.br\/novo\/wp-content\/uploads\/2023\/07\/WhatsApp-Image-2023-07-25-at-17.37.36-768x452.jpeg 768w\" sizes=\"(max-width: 924px) 100vw, 924px\" \/><figcaption>  <\/figcaption><\/figure>\n\n\n\n<p><\/p>\n\n\n\n<p><\/p>\n\n\n\n<p><\/p>\n\n\n\n<p><strong>Influ\u00eancia das <em>commodities<\/em>\u00a0<\/strong><\/p>\n\n\n\n<p>Segundo os t\u00e9cnicos da Receita, esse resultado an\u00f4malo ocorreu especialmente pelo desempenho extraordin\u00e1rio no setor de commodities no ano anterior, que n\u00e3o se repetiu at\u00e9 o presente m\u00eas. No acumulado anual, entre janeiro a junho, a arrecada\u00e7\u00e3o at\u00edpica em 2022 de IRPJ e CSLL foi de R$ 26 bilh\u00f5es, atualizados pelo IPCA, enquanto que, em 2023, o resultado \u00e9 de R$ 5 bilh\u00f5es.&nbsp;Destaca-se que desse montante, apenas a parcela do IR \u00e9 partilhada com os entes subnacionais.<\/p>\n\n\n\n<p><em>\u201cGrande parte da receita extraordin\u00e1ria estava concentrada nos setores de extra\u00e7\u00e3o e refino de petr\u00f3leo\u201d,<\/em> esclareceu Marcelo Gomide, lembrando que \u201c<em>al\u00e9m do pre\u00e7o do petr\u00f3leo, a taxa de c\u00e2mbio tamb\u00e9m influencia no resultado<\/em>\u201d.<\/p>\n\n\n\n<p>Al\u00e9m desses setores, de acordo com Gomide, o desempenho das <em>commodities<\/em> influenciou como um todo no resultado do ano passado, a exemplo do setor de minerais met\u00e1licos e n\u00e3o met\u00e1licos.\u00a0<\/p>\n\n\n\n<p><em>\u201cEssas empresas recolheram, em 2022, acima do que vinham recolhendo sistematicamente, por isso foram classificadas como at\u00edpicas no ano passado\u201d, <\/em>explicou.<\/p>\n\n\n\n<p><strong>Indicadores<\/strong><\/p>\n\n\n\n<p>Quando analisados os principais indicadores macroecon\u00f4micos que explicam o desempenho na arrecada\u00e7\u00e3o, destacaram-se sobretudo a redu\u00e7\u00e3o de 16,7% do valor em d\u00f3lar das importa\u00e7\u00f5es e a queda de 6,9% do volume das notas fiscais eletr\u00f4nicas acompanhadas pela Receita Federal, atualizadas pelo IPCA.&nbsp;<\/p>\n\n\n\n<p><strong>IPI<\/strong><\/p>\n\n\n\n<p>Em rela\u00e7\u00e3o ao IPI, a queda observada em junho foi de 5,5%, explicada pela queda das al\u00edquotas anunciadas ano passado pelo Governo Federal, atrav\u00e9s do decreto 11.158\/2022. <a href=\"https:\/\/comsefaz.org.br\/novo\/2818-2\/\" target=\"_blank\" rel=\"noopener\" title=\"\">Leia aqui<\/a>.<\/p>\n\n\n\n<p>Malaquias sublinhou que <em>\u201ca redu\u00e7\u00e3o inicial das al\u00edquotas do IPI n\u00e3o foi de 35%\u201d<\/em>, redu\u00e7\u00e3o que aconteceu em fins de abril e que est\u00e1 em pr\u00e1tica atualmente, por isso que <em>\u201cquando comparado aos primeiros meses do ano, a redu\u00e7\u00e3o foi menor\u201d<\/em>.<\/p>\n\n\n\n<p>Entretanto, evidenciou que o acumulado do ano, capaz de captar o impacto do \u00faltimo decreto, j\u00e1 apresenta uma redu\u00e7\u00e3o de 13,8%.&nbsp;<\/p>\n\n\n\n<p>Assista a <a href=\"https:\/\/www.youtube.com\/watch?v=AMgqFyGddBs\" target=\"_blank\" rel=\"noopener\" title=\"\">coletiva<\/a> do Resultado da Arrecada\u00e7\u00e3o Federal de Junho de 2023.<\/p>\n\n\n\n<p><a href=\"https:\/\/www.gov.br\/fazenda\/pt-br\/canais_atendimento\/imprensa\/avisos-de-pautas\/2023\/julho\/receita-federal-comenta-nesta-terca-feira-25-7-o-resultado-da-arrecadacao-de-junho\" target=\"_blank\" rel=\"noopener\" title=\"\">Apresenta\u00e7\u00e3o<\/a> do Resultado da Arrecada\u00e7\u00e3o Federal de Junho de 2023.<\/p>\n","protected":false},"excerpt":{"rendered":"<p>A Secretaria da Receita Federal do Brasil \u2013 SRFB realizou nesta ter\u00e7a-feira (25) sua entrevista coletiva mensal de divulga\u00e7\u00e3o do resultado da arrecada\u00e7\u00e3o das receitas federais de junho de 2023.&nbsp; [&hellip;]<\/p>\n","protected":false},"author":2,"featured_media":8580,"comment_status":"closed","ping_status":"open","sticky":false,"template":"","format":"standard","meta":{"_acf_changed":false,"om_disable_all_campaigns":false,"_monsterinsights_skip_tracking":false,"_monsterinsights_sitenote_active":false,"_monsterinsights_sitenote_note":"","_monsterinsights_sitenote_category":0,"_EventAllDay":false,"_EventTimezone":"","_EventStartDate":"","_EventEndDate":"","_EventStartDateUTC":"","_EventEndDateUTC":"","_EventShowMap":false,"_EventShowMapLink":false,"_EventURL":"","_EventCost":"","_EventCostDescription":"","_EventCurrencySymbol":"","_EventCurrencyCode":"","_EventCurrencyPosition":"","_EventDateTimeSeparator":"","_EventTimeRangeSeparator":"","_EventOrganizerID":[],"_EventVenueID":[],"_OrganizerEmail":"","_OrganizerPhone":"","_OrganizerWebsite":"","_VenueAddress":"","_VenueCity":"","_VenueCountry":"","_VenueProvince":"","_VenueState":"","_VenueZip":"","_VenuePhone":"","_VenueURL":"","_VenueStateProvince":"","_VenueLat":"","_VenueLng":"","_VenueShowMap":false,"_VenueShowMapLink":false,"_jetpack_memberships_contains_paid_content":false,"footnotes":""},"categories":[1],"tags":[],"class_list":["post-8578","post","type-post","status-publish","format-standard","has-post-thumbnail","hentry","category-pl"],"acf":[],"aioseo_notices":[],"jetpack_featured_media_url":"https:\/\/comsefaz.org.br\/novo\/wp-content\/uploads\/2023\/07\/53070093767_7a21257257_k.jpg","jetpack_sharing_enabled":true,"_links":{"self":[{"href":"https:\/\/comsefaz.org.br\/novo\/wp-json\/wp\/v2\/posts\/8578","targetHints":{"allow":["GET"]}}],"collection":[{"href":"https:\/\/comsefaz.org.br\/novo\/wp-json\/wp\/v2\/posts"}],"about":[{"href":"https:\/\/comsefaz.org.br\/novo\/wp-json\/wp\/v2\/types\/post"}],"author":[{"embeddable":true,"href":"https:\/\/comsefaz.org.br\/novo\/wp-json\/wp\/v2\/users\/2"}],"replies":[{"embeddable":true,"href":"https:\/\/comsefaz.org.br\/novo\/wp-json\/wp\/v2\/comments?post=8578"}],"version-history":[{"count":8,"href":"https:\/\/comsefaz.org.br\/novo\/wp-json\/wp\/v2\/posts\/8578\/revisions"}],"predecessor-version":[{"id":8591,"href":"https:\/\/comsefaz.org.br\/novo\/wp-json\/wp\/v2\/posts\/8578\/revisions\/8591"}],"wp:featuredmedia":[{"embeddable":true,"href":"https:\/\/comsefaz.org.br\/novo\/wp-json\/wp\/v2\/media\/8580"}],"wp:attachment":[{"href":"https:\/\/comsefaz.org.br\/novo\/wp-json\/wp\/v2\/media?parent=8578"}],"wp:term":[{"taxonomy":"category","embeddable":true,"href":"https:\/\/comsefaz.org.br\/novo\/wp-json\/wp\/v2\/categories?post=8578"},{"taxonomy":"post_tag","embeddable":true,"href":"https:\/\/comsefaz.org.br\/novo\/wp-json\/wp\/v2\/tags?post=8578"}],"curies":[{"name":"wp","href":"https:\/\/api.w.org\/{rel}","templated":true}]}}