{"id":9116,"date":"2023-10-27T15:31:19","date_gmt":"2023-10-27T18:31:19","guid":{"rendered":"https:\/\/comsefaz.org.br\/novo\/?p=9116"},"modified":"2023-10-30T14:58:08","modified_gmt":"2023-10-30T17:58:08","slug":"governo-lula-sanciona-plp-136-2023-para-compensar-parte-das-perdas-com-icms-de-estados-e-municipios","status":"publish","type":"post","link":"https:\/\/comsefaz.org.br\/novo\/governo-lula-sanciona-plp-136-2023-para-compensar-parte-das-perdas-com-icms-de-estados-e-municipios\/","title":{"rendered":"Governo Lula sanciona PLP 136\/2023 para compensar parte das perdas com ICMS de estados e munic\u00edpios"},"content":{"rendered":"\n<p>O presidente Lula sancionou na ter\u00e7a-feira (24) o PLP136\/2023, agora Lei Complementar 201\/2023, que prev\u00ea a compensa\u00e7\u00e3o de R$ 27 bilh\u00f5es devida pela Uni\u00e3o aos estados e munic\u00edpios do pa\u00eds em raz\u00e3o da perda de receita com o ICMS dos combust\u00edveis, registrada entre junho e dezembro de 2022.<\/p>\n\n\n\n<p>O texto da LC 201\/2023 foi publicado no Di\u00e1rio Oficial da Uni\u00e3o no mesmo dia da san\u00e7\u00e3o presidencial.<\/p>\n\n\n\n<p>A compensa\u00e7\u00e3o e algumas altera\u00e7\u00f5es redacionais s\u00e3o frutos do acordo entre Governo Federal e os estados, no \u00e2mbito da Comiss\u00e3o de Concilia\u00e7\u00e3o da ADI 9171 e ADPF 984, sob relatoria do ministro do Supremo Tribunal Federal Gilmar Mendes. O Comsefaz atuou em defesa dos estados desde o in\u00edcio do processo.<\/p>\n\n\n\n<p>A queda de ICMS, que impactou fortemente a arrecada\u00e7\u00e3o dos estados, ocorreu ap\u00f3s o governo anterior aprovar as Leis Complementares 192 e 194, de 2022, alterando a sistem\u00e1tica de tributa\u00e7\u00e3o do ICMS incidente sobre combust\u00edveis e impondo uma redu\u00e7\u00e3o \u00e0s al\u00edquotas pr\u00e1ticas. As inova\u00e7\u00f5es legislativas traziam in\u00fameras ofensas \u00e0 Constitui\u00e7\u00e3o Federal.<\/p>\n\n\n\n<p>Ap\u00f3s press\u00e3o dos entes subnacionais, o Governo Federal decidiu antecipar para este ano a parcela da compensa\u00e7\u00e3o que seria paga em 2024. Ainda assim, os valores definidos no \u00e2mbito do Acordo s\u00f3 reparam apenas parte das perdas registradas no segundo semestre de 2022, que alcan\u00e7aram o montante de R$ 54 bilh\u00f5es, ao passo que as Leis Complementares geram redu\u00e7\u00f5es constantes na arrecada\u00e7\u00e3o estadual.<\/p>\n\n\n\n<p><strong>Fundos de Participa\u00e7\u00e3o<\/strong><\/p>\n\n\n\n<p>Sensibilizados pela grave crise fiscal que atualmente debilita os or\u00e7amentos estaduais e municipais, os parlamentares inclu\u00edram no PLP 136\/2023 a recomposi\u00e7\u00e3o dos Fundos de Participa\u00e7\u00e3o dos Estados e dos Munic\u00edpios.&nbsp;<\/p>\n\n\n\n<p>Todavia, o texto aprovado carece de isonomia no trato federativo. A recomposi\u00e7\u00e3o do Fundo de Participa\u00e7\u00e3o dos Estados possui crit\u00e9rios diferentes se comparado ao Fundo de Participa\u00e7\u00e3o dos Munic\u00edpios. Para o FPM, h\u00e1 previs\u00e3o de recomposi\u00e7\u00e3o real, corrigido pelo IPCA, para os meses de julho, agosto e setembro, bem como a possibilidade da continua\u00e7\u00e3o do aux\u00edlio nos meses seguintes caso se observem quedas at\u00e9 dezembro do presente ano. J\u00e1 para o FPE, a recomposi\u00e7\u00e3o ocorrer\u00e1 apenas para julho e agosto, em valores nominais.<br><br><\/p>\n","protected":false},"excerpt":{"rendered":"<p>O texto da LC 201\/2023 foi publicado no Di\u00e1rio Oficial da Uni\u00e3o no mesmo dia da san\u00e7\u00e3o presidencial.<\/p>\n","protected":false},"author":2,"featured_media":9123,"comment_status":"closed","ping_status":"open","sticky":false,"template":"","format":"standard","meta":{"_acf_changed":false,"om_disable_all_campaigns":false,"_monsterinsights_skip_tracking":false,"_monsterinsights_sitenote_active":false,"_monsterinsights_sitenote_note":"","_monsterinsights_sitenote_category":0,"_EventAllDay":false,"_EventTimezone":"","_EventStartDate":"","_EventEndDate":"","_EventStartDateUTC":"","_EventEndDateUTC":"","_EventShowMap":false,"_EventShowMapLink":false,"_EventURL":"","_EventCost":"","_EventCostDescription":"","_EventCurrencySymbol":"","_EventCurrencyCode":"","_EventCurrencyPosition":"","_EventDateTimeSeparator":"","_EventTimeRangeSeparator":"","_EventOrganizerID":[],"_EventVenueID":[],"_OrganizerEmail":"","_OrganizerPhone":"","_OrganizerWebsite":"","_VenueAddress":"","_VenueCity":"","_VenueCountry":"","_VenueProvince":"","_VenueState":"","_VenueZip":"","_VenuePhone":"","_VenueURL":"","_VenueStateProvince":"","_VenueLat":"","_VenueLng":"","_VenueShowMap":false,"_VenueShowMapLink":false,"_jetpack_memberships_contains_paid_content":false,"footnotes":""},"categories":[1],"tags":[],"class_list":["post-9116","post","type-post","status-publish","format-standard","has-post-thumbnail","hentry","category-pl"],"acf":[],"aioseo_notices":[],"jetpack_featured_media_url":"https:\/\/comsefaz.org.br\/novo\/wp-content\/uploads\/2023\/10\/1-Inauguracao-Comsefaz-09438-scaled.jpg","jetpack_sharing_enabled":true,"_links":{"self":[{"href":"https:\/\/comsefaz.org.br\/novo\/wp-json\/wp\/v2\/posts\/9116","targetHints":{"allow":["GET"]}}],"collection":[{"href":"https:\/\/comsefaz.org.br\/novo\/wp-json\/wp\/v2\/posts"}],"about":[{"href":"https:\/\/comsefaz.org.br\/novo\/wp-json\/wp\/v2\/types\/post"}],"author":[{"embeddable":true,"href":"https:\/\/comsefaz.org.br\/novo\/wp-json\/wp\/v2\/users\/2"}],"replies":[{"embeddable":true,"href":"https:\/\/comsefaz.org.br\/novo\/wp-json\/wp\/v2\/comments?post=9116"}],"version-history":[{"count":2,"href":"https:\/\/comsefaz.org.br\/novo\/wp-json\/wp\/v2\/posts\/9116\/revisions"}],"predecessor-version":[{"id":9119,"href":"https:\/\/comsefaz.org.br\/novo\/wp-json\/wp\/v2\/posts\/9116\/revisions\/9119"}],"wp:featuredmedia":[{"embeddable":true,"href":"https:\/\/comsefaz.org.br\/novo\/wp-json\/wp\/v2\/media\/9123"}],"wp:attachment":[{"href":"https:\/\/comsefaz.org.br\/novo\/wp-json\/wp\/v2\/media?parent=9116"}],"wp:term":[{"taxonomy":"category","embeddable":true,"href":"https:\/\/comsefaz.org.br\/novo\/wp-json\/wp\/v2\/categories?post=9116"},{"taxonomy":"post_tag","embeddable":true,"href":"https:\/\/comsefaz.org.br\/novo\/wp-json\/wp\/v2\/tags?post=9116"}],"curies":[{"name":"wp","href":"https:\/\/api.w.org\/{rel}","templated":true}]}}